{"id":59374,"date":"2025-11-25T08:47:13","date_gmt":"2025-11-25T11:47:13","guid":{"rendered":"https:\/\/temucotelevision.cl\/web\/?p=59374"},"modified":"2025-11-25T08:47:14","modified_gmt":"2025-11-25T11:47:14","slug":"comenzo-la-fiesta-del-tenis-en-temuco-lanzamiento-del-cuadro-oficial-dio-inicio-a-la-cuarta-edicion-del-challenger-dove-mencare-2025","status":"publish","type":"post","link":"https:\/\/temucotelevision.cl\/web\/2025\/11\/25\/comenzo-la-fiesta-del-tenis-en-temuco-lanzamiento-del-cuadro-oficial-dio-inicio-a-la-cuarta-edicion-del-challenger-dove-mencare-2025\/","title":{"rendered":"Comenz\u00f3 la fiesta del tenis en Temuco, lanzamiento del cuadro oficial dio inicio a la cuarta edici\u00f3n del Challenger Dove Men+Care 2025"},"content":{"rendered":"<div class=\"pvc_clear\"><\/div><p id=\"pvc_stats_59374\" class=\"pvc_stats total_only  \" data-element-id=\"59374\" style=\"\"><i class=\"pvc-stats-icon large\" aria-hidden=\"true\"><svg aria-hidden=\"true\" focusable=\"false\" data-prefix=\"far\" data-icon=\"chart-bar\" role=\"img\" xmlns=\"http:\/\/www.w3.org\/2000\/svg\" viewBox=\"0 0 512 512\" class=\"svg-inline--fa fa-chart-bar fa-w-16 fa-2x\"><path fill=\"currentColor\" d=\"M396.8 352h22.4c6.4 0 12.8-6.4 12.8-12.8V108.8c0-6.4-6.4-12.8-12.8-12.8h-22.4c-6.4 0-12.8 6.4-12.8 12.8v230.4c0 6.4 6.4 12.8 12.8 12.8zm-192 0h22.4c6.4 0 12.8-6.4 12.8-12.8V140.8c0-6.4-6.4-12.8-12.8-12.8h-22.4c-6.4 0-12.8 6.4-12.8 12.8v198.4c0 6.4 6.4 12.8 12.8 12.8zm96 0h22.4c6.4 0 12.8-6.4 12.8-12.8V204.8c0-6.4-6.4-12.8-12.8-12.8h-22.4c-6.4 0-12.8 6.4-12.8 12.8v134.4c0 6.4 6.4 12.8 12.8 12.8zM496 400H48V80c0-8.84-7.16-16-16-16H16C7.16 64 0 71.16 0 80v336c0 17.67 14.33 32 32 32h464c8.84 0 16-7.16 16-16v-16c0-8.84-7.16-16-16-16zm-387.2-48h22.4c6.4 0 12.8-6.4 12.8-12.8v-70.4c0-6.4-6.4-12.8-12.8-12.8h-22.4c-6.4 0-12.8 6.4-12.8 12.8v70.4c0 6.4 6.4 12.8 12.8 12.8z\" class=\"\"><\/path><\/svg><\/i> <img loading=\"lazy\" decoding=\"async\" width=\"16\" height=\"16\" alt=\"Loading\" src=\"https:\/\/temucotelevision.cl\/web\/wp-content\/plugins\/page-views-count\/ajax-loader-2x.gif\" border=0 \/><\/p><div class=\"pvc_clear\"><\/div>\n<p><em><strong>La capital de La Araucan\u00eda ya consolidada como sede permanente del circuito ATP, contar\u00e1 durante el desarrollo del torneo con figuras de primer nivel como el campe\u00f3n defensor del t\u00edtulo, Tom\u00e1s Barrios y el reciente ganador de Buenos Aires, Facundo D\u00edaz Acosta. El evento, adem\u00e1s, se transmitir\u00e1 desde cuartos de final por ESPN, espera superar las expectativas en p\u00fablico y competencia respecto versiones anteriores.<\/strong><\/em><\/p>\n\n\n\n<p>Con el lanzamiento oficial del cuadro de tenistas, se dio inicio formal a la cuarta edici\u00f3n del Challenger Dove Men+Care Temuco 2025, consolidando a la capital regional, como sede permanente e ineludible del circuito ATP Challenger Tour en el sur de Chile. La competencia ser\u00e1 transmitida en vivo por ESPN para toda Am\u00e9rica Latina a partir de la fase de cuartos de final, con el fin de aumentar el alcance internacional del evento.<\/p>\n\n\n\n<p>La competencia de este a\u00f1o es la m\u00e1s esperada por los tenistas locales, ya que cuenta con la participaci\u00f3n de m\u00e1s de 120 tenistas provenientes de Sudam\u00e9rica, Norteam\u00e9rica y Europa. El line-up incluye nombres de primer nivel, prometiendo un espect\u00e1culo lleno de t\u00e9cnica y profesionalismo. Dentro de los destacados se encuentran el tenista el deportista Tom\u00e1s Barrios, actual campe\u00f3n defensor, listo para proteger su t\u00edtulo ante la afici\u00f3n.&nbsp;<\/p>\n\n\n\n<p>Horacio de la Pe\u00f1a, organizador del torneo, destac\u00f3 que, \u201cempezamos con una idea, con un sue\u00f1o y hoy Temuco tiene un torneo que no le falta nada, tres canchas en condiciones perfectas, vestuarios de primer nivel, gimnasio, recuperaci\u00f3n, kinesi\u00f3logos\u2026 Los jugadores se sorprenden con el cuidado de las superficies, algo poco habitual. Este a\u00f1o de manera in\u00e9dita tendremos cuatro d\u00edas de transmisi\u00f3n internacional por ESPN y Disney Plus, gracias a Temuco, y a todos los que han hecho posible este nivel de excelencia\u201d.<\/p>\n\n\n\n<p>El alcalde subrogante de Temuco, Ricardo Toro, se\u00f1al\u00f3 que, \u201cno es casualidad que eventos de este nivel se realicen en nuestra ciudad. Forma parte de nuestro plan estrat\u00e9gico de deportes, basado en la convicci\u00f3n de que, como capital regional, el deporte es sin\u00f3nimo de salud y prevenci\u00f3n. Hoy estamos consolidando una alianza p\u00fablico-privada que nos permite seguir acercando a ni\u00f1os y j\u00f3venes al deporte a trav\u00e9s de talleres y actividades municipales de calidad\u201d.<\/p>\n\n\n\n<p><a><\/a>Por otro lado, La Araucan\u00eda tendr\u00e1 doble representaci\u00f3n con los talentos temuquenses Sebasti\u00e1n Saffirio y Claudio Aravena, quienes recibieron wild card para participar tanto en el cuadro de singles como en dobles. El debut de ambos ser\u00e1 el d\u00eda mi\u00e9rcoles 26 de noviembre durante la jornada de la tarde.&nbsp;<\/p>\n\n\n\n<p>Tal como en sus versiones anteriores, la organizaci\u00f3n mantiene su compromiso de acercar el tenis a la comunidad, por lo que la entrada ser\u00e1 totalmente gratuita de lunes a viernes. Para las esperadas jornadas de s\u00e1bado (semifinales) y domingo (final), las entradas ya se encuentran a la venta exclusivamente a trav\u00e9s del sistema Passline, con una alta demanda anticipada que sugiere agotar tickets r\u00e1pidamente.&nbsp;<\/p>\n","protected":false},"excerpt":{"rendered":"<div class=\"pvc_clear\"><\/div>\n<p id=\"pvc_stats_59374\" class=\"pvc_stats total_only  \" data-element-id=\"59374\" style=\"\"><i class=\"pvc-stats-icon large\" aria-hidden=\"true\"><svg aria-hidden=\"true\" focusable=\"false\" data-prefix=\"far\" data-icon=\"chart-bar\" role=\"img\" xmlns=\"http:\/\/www.w3.org\/2000\/svg\" viewBox=\"0 0 512 512\" class=\"svg-inline--fa fa-chart-bar fa-w-16 fa-2x\"><path fill=\"currentColor\" d=\"M396.8 352h22.4c6.4 0 12.8-6.4 12.8-12.8V108.8c0-6.4-6.4-12.8-12.8-12.8h-22.4c-6.4 0-12.8 6.4-12.8 12.8v230.4c0 6.4 6.4 12.8 12.8 12.8zm-192 0h22.4c6.4 0 12.8-6.4 12.8-12.8V140.8c0-6.4-6.4-12.8-12.8-12.8h-22.4c-6.4 0-12.8 6.4-12.8 12.8v198.4c0 6.4 6.4 12.8 12.8 12.8zm96 0h22.4c6.4 0 12.8-6.4 12.8-12.8V204.8c0-6.4-6.4-12.8-12.8-12.8h-22.4c-6.4 0-12.8 6.4-12.8 12.8v134.4c0 6.4 6.4 12.8 12.8 12.8zM496 400H48V80c0-8.84-7.16-16-16-16H16C7.16 64 0 71.16 0 80v336c0 17.67 14.33 32 32 32h464c8.84 0 16-7.16 16-16v-16c0-8.84-7.16-16-16-16zm-387.2-48h22.4c6.4 0 12.8-6.4 12.8-12.8v-70.4c0-6.4-6.4-12.8-12.8-12.8h-22.4c-6.4 0-12.8 6.4-12.8 12.8v70.4c0 6.4 6.4 12.8 12.8 12.8z\" class=\"\"><\/path><\/svg><\/i> <img loading=\"lazy\" decoding=\"async\" width=\"16\" height=\"16\" alt=\"Loading\" src=\"https:\/\/temucotelevision.cl\/web\/wp-content\/plugins\/page-views-count\/ajax-loader-2x.gif\" border=0 \/><\/p>\n<div class=\"pvc_clear\"><\/div>\n<p>La capital de La Araucan\u00eda ya consolidada como sede permanente del circuito ATP, contar\u00e1 durante el desarrollo del torneo con<\/p>\n","protected":false},"author":1,"featured_media":59375,"comment_status":"open","ping_status":"open","sticky":false,"template":"","format":"standard","meta":{"colormag_page_container_layout":"default_layout","colormag_page_sidebar_layout":"default_layout","footnotes":""},"categories":[15],"tags":[5200],"class_list":["post-59374","post","type-post","status-publish","format-standard","has-post-thumbnail","hentry","category-la-araucania","tag-tenis"],"a3_pvc":{"activated":true,"total_views":38,"today_views":0},"_links":{"self":[{"href":"https:\/\/temucotelevision.cl\/web\/wp-json\/wp\/v2\/posts\/59374","targetHints":{"allow":["GET"]}}],"collection":[{"href":"https:\/\/temucotelevision.cl\/web\/wp-json\/wp\/v2\/posts"}],"about":[{"href":"https:\/\/temucotelevision.cl\/web\/wp-json\/wp\/v2\/types\/post"}],"author":[{"embeddable":true,"href":"https:\/\/temucotelevision.cl\/web\/wp-json\/wp\/v2\/users\/1"}],"replies":[{"embeddable":true,"href":"https:\/\/temucotelevision.cl\/web\/wp-json\/wp\/v2\/comments?post=59374"}],"version-history":[{"count":1,"href":"https:\/\/temucotelevision.cl\/web\/wp-json\/wp\/v2\/posts\/59374\/revisions"}],"predecessor-version":[{"id":59376,"href":"https:\/\/temucotelevision.cl\/web\/wp-json\/wp\/v2\/posts\/59374\/revisions\/59376"}],"wp:featuredmedia":[{"embeddable":true,"href":"https:\/\/temucotelevision.cl\/web\/wp-json\/wp\/v2\/media\/59375"}],"wp:attachment":[{"href":"https:\/\/temucotelevision.cl\/web\/wp-json\/wp\/v2\/media?parent=59374"}],"wp:term":[{"taxonomy":"category","embeddable":true,"href":"https:\/\/temucotelevision.cl\/web\/wp-json\/wp\/v2\/categories?post=59374"},{"taxonomy":"post_tag","embeddable":true,"href":"https:\/\/temucotelevision.cl\/web\/wp-json\/wp\/v2\/tags?post=59374"}],"curies":[{"name":"wp","href":"https:\/\/api.w.org\/{rel}","templated":true}]}}