{"id":59354,"date":"2025-11-23T17:11:46","date_gmt":"2025-11-23T20:11:46","guid":{"rendered":"https:\/\/temucotelevision.cl\/web\/?p=59354"},"modified":"2025-11-23T17:11:46","modified_gmt":"2025-11-23T20:11:46","slug":"teleton-2025-revela-su-programa-regreso-al-estadio-nacional-gran-obertura-infantil-y-show-para-todas-las-generaciones","status":"publish","type":"post","link":"https:\/\/temucotelevision.cl\/web\/2025\/11\/23\/teleton-2025-revela-su-programa-regreso-al-estadio-nacional-gran-obertura-infantil-y-show-para-todas-las-generaciones\/","title":{"rendered":"Telet\u00f3n 2025 revela su programa: regreso al Estadio Nacional, gran obertura infantil y show para todas las generaciones\u00a0"},"content":{"rendered":"<div class=\"pvc_clear\"><\/div><p id=\"pvc_stats_59354\" class=\"pvc_stats total_only  \" data-element-id=\"59354\" style=\"\"><i class=\"pvc-stats-icon large\" aria-hidden=\"true\"><svg aria-hidden=\"true\" focusable=\"false\" data-prefix=\"far\" data-icon=\"chart-bar\" role=\"img\" xmlns=\"http:\/\/www.w3.org\/2000\/svg\" viewBox=\"0 0 512 512\" class=\"svg-inline--fa fa-chart-bar fa-w-16 fa-2x\"><path fill=\"currentColor\" d=\"M396.8 352h22.4c6.4 0 12.8-6.4 12.8-12.8V108.8c0-6.4-6.4-12.8-12.8-12.8h-22.4c-6.4 0-12.8 6.4-12.8 12.8v230.4c0 6.4 6.4 12.8 12.8 12.8zm-192 0h22.4c6.4 0 12.8-6.4 12.8-12.8V140.8c0-6.4-6.4-12.8-12.8-12.8h-22.4c-6.4 0-12.8 6.4-12.8 12.8v198.4c0 6.4 6.4 12.8 12.8 12.8zm96 0h22.4c6.4 0 12.8-6.4 12.8-12.8V204.8c0-6.4-6.4-12.8-12.8-12.8h-22.4c-6.4 0-12.8 6.4-12.8 12.8v134.4c0 6.4 6.4 12.8 12.8 12.8zM496 400H48V80c0-8.84-7.16-16-16-16H16C7.16 64 0 71.16 0 80v336c0 17.67 14.33 32 32 32h464c8.84 0 16-7.16 16-16v-16c0-8.84-7.16-16-16-16zm-387.2-48h22.4c6.4 0 12.8-6.4 12.8-12.8v-70.4c0-6.4-6.4-12.8-12.8-12.8h-22.4c-6.4 0-12.8 6.4-12.8 12.8v70.4c0 6.4 6.4 12.8 12.8 12.8z\" class=\"\"><\/path><\/svg><\/i> <img loading=\"lazy\" decoding=\"async\" width=\"16\" height=\"16\" alt=\"Loading\" src=\"https:\/\/temucotelevision.cl\/web\/wp-content\/plugins\/page-views-count\/ajax-loader-2x.gif\" border=0 \/><\/p><div class=\"pvc_clear\"><\/div>\n<p>Seis bloques tem\u00e1ticos, una Digit\u00f3n que llevar\u00e1 la campa\u00f1a al mundo digital, un \u201cPulso Regional\u201d que monitorear\u00e1 a todo Chile y un cierre de lujo en el Estadio Nacional con Paulina Rubio marcar\u00e1n las 27 horas de amor de este 28 y 29 de noviembre.<\/p>\n\n\n\n<p>A una semana de la Telet\u00f3n 2025, el equipo realizador del programa televisivo \u2014encabezado por el director general Juan Pablo Gonz\u00e1lez\u2014 junto a animadores, influencers y autoridades de la instituci\u00f3n, present\u00f3 los detalles de lo que ser\u00e1 la transmisi\u00f3n del 28 y 29 de noviembre.<\/p>\n\n\n\n<p>Durante el evento de lanzamiento se dio a conocer la estructura del programa, que incluye seis bloques tem\u00e1ticos repartidos a lo largo de las 27 horas de transmisi\u00f3n por los canales de televisi\u00f3n abierta asociados a la Asociaci\u00f3n Nacional de Televisi\u00f3n (ANATEL).<\/p>\n\n\n\n<p>Entre las principales novedades est\u00e1 el retorno, luego de tres a\u00f1os, del espect\u00e1culo de cierre al Estadio Nacional, cuya \u00faltima versi\u00f3n se realiz\u00f3 en 2022, y la incorporaci\u00f3n de la artista mexicana Paulina Rubio al gran show de clausura. La \u201cChica Dorada\u201d se sumar\u00e1 a la presencia internacional de Emmanuel, Yuri y Mijares en el Teatro Telet\u00f3n; y a la de Lucero, que tendr\u00e1 una segunda presentaci\u00f3n en el coliseo de \u00d1u\u00f1oa, donde tambi\u00e9n se presentar\u00e1n los espa\u00f1oles Ana Torroja y Pablo Albor\u00e1n.<\/p>\n\n\n\n<p>Con una obertura televisiva que incorpora a ni\u00f1os y ni\u00f1as Telet\u00f3n \u2014encabezados por el embajador de la campa\u00f1a 2025, Alan Garc\u00eda\u2014 el programa buscar\u00e1 unir el coraz\u00f3n de la Telet\u00f3n con el de todos los chilenos.<\/p>\n\n\n\n<p><strong>El inicio: en manos de los ni\u00f1os y ni\u00f1as<\/strong><\/p>\n\n\n\n<p>Para dar el puntapi\u00e9 inicial a la transmisi\u00f3n, los \u00faltimos cuatro embajadores de Telet\u00f3n, incluido Alan Garc\u00eda, realizar\u00e1n una presentaci\u00f3n art\u00edstica con misterio, canto y baile, junto a destacados m\u00fasicos nacionales como Denisse Malebr\u00e1n, Francisco Sazo, Roberto M\u00e1rquez, H\u00e9ctor \u201cKanela\u201d Mu\u00f1oz, Polim\u00e1 WestCoast y Alanys Lagos.<\/p>\n\n\n\n<p>Tras esta obertura, se presentar\u00e1n diversos n\u00fameros art\u00edsticos nacionales para motivar al p\u00fablico en el teatro y en sus hogares de cara al bloque de trasnoche.<\/p>\n\n\n\n<p><strong>Artistas nacionales e internacionales para todos los gustos<\/strong><\/p>\n\n\n\n<p>La parrilla de Telet\u00f3n 2025 considera artistas nacionales e internacionales para distintas generaciones, que se presentar\u00e1n tanto en el Teatro Telet\u00f3n como en el Estadio Nacional.<\/p>\n\n\n\n<p>Paulina Rubio es una de las \u00faltimas confirmadas para ser parte del espect\u00e1culo de cierre, mismo escenario donde estar\u00e1n Ana Torroja, Pablo Albor\u00e1n y Lucero, junto a figuras nacionales como Myriam Hern\u00e1ndez \u2014int\u00e9rprete de \u201cTu coraz\u00f3n\u201d, himno de la campa\u00f1a 2025\u2014, Francisca Valenzuela, Nico Ruiz, Emilia Dides, Gino Mella, Noche de Brujas, Z\u00fambale Primo, Emilia Dides y Bray On. Adem\u00e1s, Mar\u00eda Jos\u00e9 Quintanilla regresar\u00e1 a la Telet\u00f3n luego de 18 a\u00f1os para ser parte del espect\u00e1culo de clausura.<\/p>\n\n\n\n<p>El primer bloque del programa contar\u00e1 con el show \u201cEntre Amigos\u201d con Yuri, Emmanuel, Mijares y Lucero. M\u00e1s tarde, Cristi\u00e1n Castro subir\u00e1 al escenario con todos sus \u00e9xitos. La cumbia tendr\u00e1 presencia con Los Hist\u00f3ricos del Sound y el g\u00e9nero urbano con artistas como Katteyes, Princesa Alba, Lucky Brown, Darkiel, Pablito Pesadilla, Juliano Sosa y King Savagge.<\/p>\n\n\n\n<p>El pop y los nuevos sonidos estar\u00e1n representados por Q_ARE, boyband revelaci\u00f3n del pa\u00eds, y Toly Fu, pionero de la ranchera urbana. Los m\u00e1s peque\u00f1os tendr\u00e1n un bloque matinal especial con el Payaso Plim Plim y la participaci\u00f3n de Lara Campos, actriz y creadora de contenido infantil mexicana.<\/p>\n\n\n\n<p>Juan Pablo Gonz\u00e1lez, director general del programa Telet\u00f3n, explic\u00f3 que la parrilla de artistas para esta versi\u00f3n se ha construido de manera muy transversal: \u201cLa elecci\u00f3n y elaboraci\u00f3n del show de esta Telet\u00f3n busca satisfacer los gustos tanto de la gente adulta como de los m\u00e1s j\u00f3venes. Tenemos artistas como Lucero o Cristi\u00e1n Castro, que apuntan a un p\u00fablico m\u00e1s cl\u00e1sico, y tambi\u00e9n a exponentes muy importantes de la m\u00fasica urbana como Gino Mella y Katteyes\u201d.<\/p>\n\n\n\n<p><strong>El humor y el regreso de un cl\u00e1sico<\/strong><\/p>\n\n\n\n<p>El humor vuelve a ser uno de los sellos del programa. Stefan Kramer, presente en Telet\u00f3n desde 2008, estar\u00e1 en el show de cierre en el Estadio Nacional.<\/p>\n\n\n\n<p>\u201cEl Muro\u201d regresar\u00e1 nuevamente al bloque de trasnoche con la conducci\u00f3n de Kike Morand\u00e9 y diversos comediantes, mientras que uno de los momentos que se robar\u00e1 las miradas ser\u00e1 un sketch de \u201cLa oficina\u201d del Jappening con Ja, con rostros hist\u00f3ricos de la TV y nuevos humoristas.<\/p>\n\n\n\n<p>Respecto al bloque de trasnoche, Juan Pablo Gonz\u00e1lez coment\u00f3 que el desaf\u00edo est\u00e1 en mantener la alta audiencia que se genera durante la primera parte del programa: \u201cNuevamente, uno de nuestros principales objetivos es mantener a la gente cautiva durante la noche y la madrugada, con mucho humor. Este a\u00f1o apelaremos a la nostalgia con el regreso de \u201cLa oficina\u201d del Jappening con J\u00e1, que incluir\u00e1 a parte del elenco hist\u00f3rico junto a nuevos humoristas y rostros de la televisi\u00f3n\u201d.<\/p>\n\n\n\n<p><strong>Musicales, homenajes y cruces generacionales<\/strong><\/p>\n\n\n\n<p>Durante los distintos bloques se desarrollar\u00e1n musicales y homenajes con cruces generacionales entre artistas de la Nueva Ola y figuras actuales. Jos\u00e9 Alfredo Fuentes compartir\u00e1 escenario con Leo Rey; Gloria Benavides con Amaya Forch; y los Hermanos Zabaleta con Daniela Castillo y Carolina Soto.<\/p>\n\n\n\n<p>Habr\u00e1 un homenaje a Gloria Benavides y su personaje \u201cLa Cuatro\u201d, adem\u00e1s de un emotivo reconocimiento a las madres cuidadoras, que incluir\u00e1 la participaci\u00f3n de 27 bailarinas y de la actriz Carmen Disa Guti\u00e9rrez.<\/p>\n\n\n\n<p><strong>Digit\u00f3n y \u201cPulso Regional\u201d: la Telet\u00f3n en redes y regiones<\/strong><\/p>\n\n\n\n<p>La Digit\u00f3n volver\u00e1 para amplificar la campa\u00f1a en el mundo digital, con transmisiones paralelas, participaci\u00f3n de creadores de contenido y momentos pensados especialmente para redes sociales, como la Gamert\u00f3n, la corrida del Banco de Chile y un concurso de baile de corp\u00f3reos, que tendr\u00e1 como jurado a Francisco Melo, Cata Days y Esteban Paredes.<\/p>\n\n\n\n<p>El \u201cPulso Regional\u201d mostrar\u00e1 en tiempo real c\u00f3mo las 16 regiones viven la campa\u00f1a solidaria, retomando el esp\u00edritu de la tradicional mesa telef\u00f3nica. Entre los rostros confirmados para este espacio est\u00e1n Sammis Reyes, Gino Mella, Karla Melo, Vivianne Dietz y Nico Ruiz.<\/p>\n\n\n\n<p>El programa televisivo de la Telet\u00f3n 2025 se desarrollar\u00e1 el 28 y 29 de noviembre desde el Teatro Telet\u00f3n y tendr\u00e1 un gran cierre en el Estadio Nacional, luego de tres a\u00f1os de ausencia en este recinto. Ser\u00e1n 27 horas de amor, m\u00fasica, humor y emoci\u00f3n para que todo Chile vuelva a demostrar que&nbsp;<em>Tu coraz\u00f3n es el coraz\u00f3n de la Telet\u00f3n<\/em>.<\/p>\n\n\n\n<figure class=\"wp-block-image size-large\"><img loading=\"lazy\" decoding=\"async\" width=\"1000\" height=\"667\" src=\"https:\/\/temucotelevision.cl\/web\/wp-content\/uploads\/2025\/11\/PA_9874-1000x667.jpg\" alt=\"\" class=\"wp-image-59356\" srcset=\"https:\/\/temucotelevision.cl\/web\/wp-content\/uploads\/2025\/11\/PA_9874-1000x667.jpg 1000w, https:\/\/temucotelevision.cl\/web\/wp-content\/uploads\/2025\/11\/PA_9874-768x512.jpg 768w, https:\/\/temucotelevision.cl\/web\/wp-content\/uploads\/2025\/11\/PA_9874-1536x1024.jpg 1536w, https:\/\/temucotelevision.cl\/web\/wp-content\/uploads\/2025\/11\/PA_9874-2048x1365.jpg 2048w\" sizes=\"auto, (max-width: 1000px) 100vw, 1000px\" \/><\/figure>\n","protected":false},"excerpt":{"rendered":"<div class=\"pvc_clear\"><\/div>\n<p id=\"pvc_stats_59354\" class=\"pvc_stats total_only  \" data-element-id=\"59354\" style=\"\"><i class=\"pvc-stats-icon large\" aria-hidden=\"true\"><svg aria-hidden=\"true\" focusable=\"false\" data-prefix=\"far\" data-icon=\"chart-bar\" role=\"img\" xmlns=\"http:\/\/www.w3.org\/2000\/svg\" viewBox=\"0 0 512 512\" class=\"svg-inline--fa fa-chart-bar fa-w-16 fa-2x\"><path fill=\"currentColor\" d=\"M396.8 352h22.4c6.4 0 12.8-6.4 12.8-12.8V108.8c0-6.4-6.4-12.8-12.8-12.8h-22.4c-6.4 0-12.8 6.4-12.8 12.8v230.4c0 6.4 6.4 12.8 12.8 12.8zm-192 0h22.4c6.4 0 12.8-6.4 12.8-12.8V140.8c0-6.4-6.4-12.8-12.8-12.8h-22.4c-6.4 0-12.8 6.4-12.8 12.8v198.4c0 6.4 6.4 12.8 12.8 12.8zm96 0h22.4c6.4 0 12.8-6.4 12.8-12.8V204.8c0-6.4-6.4-12.8-12.8-12.8h-22.4c-6.4 0-12.8 6.4-12.8 12.8v134.4c0 6.4 6.4 12.8 12.8 12.8zM496 400H48V80c0-8.84-7.16-16-16-16H16C7.16 64 0 71.16 0 80v336c0 17.67 14.33 32 32 32h464c8.84 0 16-7.16 16-16v-16c0-8.84-7.16-16-16-16zm-387.2-48h22.4c6.4 0 12.8-6.4 12.8-12.8v-70.4c0-6.4-6.4-12.8-12.8-12.8h-22.4c-6.4 0-12.8 6.4-12.8 12.8v70.4c0 6.4 6.4 12.8 12.8 12.8z\" class=\"\"><\/path><\/svg><\/i> <img loading=\"lazy\" decoding=\"async\" width=\"16\" height=\"16\" alt=\"Loading\" src=\"https:\/\/temucotelevision.cl\/web\/wp-content\/plugins\/page-views-count\/ajax-loader-2x.gif\" border=0 \/><\/p>\n<div class=\"pvc_clear\"><\/div>\n<p>Seis bloques tem\u00e1ticos, una Digit\u00f3n que llevar\u00e1 la campa\u00f1a al mundo digital, un \u201cPulso Regional\u201d que monitorear\u00e1 a todo Chile<\/p>\n","protected":false},"author":1,"featured_media":59355,"comment_status":"open","ping_status":"open","sticky":false,"template":"","format":"standard","meta":{"colormag_page_container_layout":"default_layout","colormag_page_sidebar_layout":"default_layout","footnotes":""},"categories":[101,18],"tags":[1989],"class_list":["post-59354","post","type-post","status-publish","format-standard","has-post-thumbnail","hentry","category-actualidad","category-nacional","tag-teleton"],"a3_pvc":{"activated":true,"total_views":5761,"today_views":0},"_links":{"self":[{"href":"https:\/\/temucotelevision.cl\/web\/wp-json\/wp\/v2\/posts\/59354","targetHints":{"allow":["GET"]}}],"collection":[{"href":"https:\/\/temucotelevision.cl\/web\/wp-json\/wp\/v2\/posts"}],"about":[{"href":"https:\/\/temucotelevision.cl\/web\/wp-json\/wp\/v2\/types\/post"}],"author":[{"embeddable":true,"href":"https:\/\/temucotelevision.cl\/web\/wp-json\/wp\/v2\/users\/1"}],"replies":[{"embeddable":true,"href":"https:\/\/temucotelevision.cl\/web\/wp-json\/wp\/v2\/comments?post=59354"}],"version-history":[{"count":1,"href":"https:\/\/temucotelevision.cl\/web\/wp-json\/wp\/v2\/posts\/59354\/revisions"}],"predecessor-version":[{"id":59357,"href":"https:\/\/temucotelevision.cl\/web\/wp-json\/wp\/v2\/posts\/59354\/revisions\/59357"}],"wp:featuredmedia":[{"embeddable":true,"href":"https:\/\/temucotelevision.cl\/web\/wp-json\/wp\/v2\/media\/59355"}],"wp:attachment":[{"href":"https:\/\/temucotelevision.cl\/web\/wp-json\/wp\/v2\/media?parent=59354"}],"wp:term":[{"taxonomy":"category","embeddable":true,"href":"https:\/\/temucotelevision.cl\/web\/wp-json\/wp\/v2\/categories?post=59354"},{"taxonomy":"post_tag","embeddable":true,"href":"https:\/\/temucotelevision.cl\/web\/wp-json\/wp\/v2\/tags?post=59354"}],"curies":[{"name":"wp","href":"https:\/\/api.w.org\/{rel}","templated":true}]}}