{"id":59348,"date":"2025-11-23T16:32:04","date_gmt":"2025-11-23T19:32:04","guid":{"rendered":"https:\/\/temucotelevision.cl\/web\/?p=59348"},"modified":"2025-11-23T16:32:04","modified_gmt":"2025-11-23T19:32:04","slug":"pesar-en-el-cuerpo-de-bomberos-de-temuco-por-el-fallecimiento-de-voluntario-insigne-de-chile-y-fundador-de-la-duodecima-compania","status":"publish","type":"post","link":"https:\/\/temucotelevision.cl\/web\/2025\/11\/23\/pesar-en-el-cuerpo-de-bomberos-de-temuco-por-el-fallecimiento-de-voluntario-insigne-de-chile-y-fundador-de-la-duodecima-compania\/","title":{"rendered":"Pesar en el Cuerpo de Bomberos de Temuco por el fallecimiento de voluntario insigne de Chile y fundador de la Duod\u00e9cima Compa\u00f1\u00eda"},"content":{"rendered":"<div class=\"pvc_clear\"><\/div><p id=\"pvc_stats_59348\" class=\"pvc_stats total_only  \" data-element-id=\"59348\" style=\"\"><i class=\"pvc-stats-icon large\" aria-hidden=\"true\"><svg aria-hidden=\"true\" focusable=\"false\" data-prefix=\"far\" data-icon=\"chart-bar\" role=\"img\" xmlns=\"http:\/\/www.w3.org\/2000\/svg\" viewBox=\"0 0 512 512\" class=\"svg-inline--fa fa-chart-bar fa-w-16 fa-2x\"><path fill=\"currentColor\" d=\"M396.8 352h22.4c6.4 0 12.8-6.4 12.8-12.8V108.8c0-6.4-6.4-12.8-12.8-12.8h-22.4c-6.4 0-12.8 6.4-12.8 12.8v230.4c0 6.4 6.4 12.8 12.8 12.8zm-192 0h22.4c6.4 0 12.8-6.4 12.8-12.8V140.8c0-6.4-6.4-12.8-12.8-12.8h-22.4c-6.4 0-12.8 6.4-12.8 12.8v198.4c0 6.4 6.4 12.8 12.8 12.8zm96 0h22.4c6.4 0 12.8-6.4 12.8-12.8V204.8c0-6.4-6.4-12.8-12.8-12.8h-22.4c-6.4 0-12.8 6.4-12.8 12.8v134.4c0 6.4 6.4 12.8 12.8 12.8zM496 400H48V80c0-8.84-7.16-16-16-16H16C7.16 64 0 71.16 0 80v336c0 17.67 14.33 32 32 32h464c8.84 0 16-7.16 16-16v-16c0-8.84-7.16-16-16-16zm-387.2-48h22.4c6.4 0 12.8-6.4 12.8-12.8v-70.4c0-6.4-6.4-12.8-12.8-12.8h-22.4c-6.4 0-12.8 6.4-12.8 12.8v70.4c0 6.4 6.4 12.8 12.8 12.8z\" class=\"\"><\/path><\/svg><\/i> <img loading=\"lazy\" decoding=\"async\" width=\"16\" height=\"16\" alt=\"Loading\" src=\"https:\/\/temucotelevision.cl\/web\/wp-content\/plugins\/page-views-count\/ajax-loader-2x.gif\" border=0 \/><\/p><div class=\"pvc_clear\"><\/div>\n<p>Un profundo sentimiento de pesar embarga al Cuerpo de Bomberos de Temuco tras confirmarse, durante la jornada de este viernes 21 de noviembre, el sensible fallecimiento de Jos\u00e9 Vera Espinoza (Q.E.P.D.), voluntario fundador de la Duod\u00e9cima Compa\u00f1\u00eda del sector Fundo El Carmen y bombero insigne de Chile, quien parti\u00f3 por causas naturales, a los 87 a\u00f1os de edad.<\/p>\n\n\n\n<p>La trayectoria de Vera Espinoza representa un legado de compromiso y servicio p\u00fablico que se extendi\u00f3 por m\u00e1s de medio siglo en dos comunas de La Araucan\u00eda. Su carrera institucional comenz\u00f3 el 24 de mayo de 1957, fecha desde la cual forj\u00f3 un camino ininterrumpido de entrega, sirviendo tanto en las filas del Cuerpo de Bomberos de Angol como en el de Temuco.<\/p>\n\n\n\n<p>A lo largo de las d\u00e9cadas, su vocaci\u00f3n lo llev\u00f3 a asumir altas responsabilidades de mando, desempe\u00f1\u00e1ndose reiteradamente como teniente en sus distintos grados, capit\u00e1n en m\u00faltiples periodos y llegando a ocupar el cargo de segundo comandante de la instituci\u00f3n a principios y finales de la d\u00e9cada de 1970. Su incansable esp\u00edritu de servicio lo mantuvo activo hasta sus \u00faltimos a\u00f1os.<\/p>\n\n\n\n<p>Tras ser distinguido como bombero insigne de Chile en 2004, en 2014 se integr\u00f3 a la entonces naciente Brigada Fundo El Carmen de Temuco, se convirti\u00f3 en un ejemplo de trabajo incansable, pese a lo avanzado de su edad, pasando a la historia como uno de los fundadores de la actual Duod\u00e9cima Compa\u00f1\u00eda. En esta unidad, as\u00ed como en su etapa de brigada, continu\u00f3 aportando su experiencia ejerciendo como consejero de disciplina.<\/p>\n\n\n\n<p>El Superintendente del Cuerpo de Bomberos de Temuco, Alfredo Lassalle, lament\u00f3 profundamente la partida de este longevo voluntario, destacando su extensa hoja de vida bomberil y enviando sentidas condolencias tanto a su familia como a los miembros de la Duod\u00e9cima Compa\u00f1\u00eda. La autoridad bomberil confirm\u00f3 que, de acuerdo con los protocolos institucionales, los restos de Jos\u00e9 Vera est\u00e1n siendo velados desde la noche de este viernes en el cuartel de su compa\u00f1\u00eda, ubicado en calle Los Ensayistas 0520, en el sector Fundo El Carmen.<\/p>\n\n\n\n<p><strong>DESAF\u00cdO BOMBEROS TEMUCO 2025<\/strong><\/p>\n\n\n\n<p>Respecto a las actividades programadas para este fin de semana, espec\u00edficamente el \u00abDesaf\u00edo Bomberos Temuco 2025\u00bb, el Superintendente Lassalle inform\u00f3 que el evento se mantendr\u00e1 en pie. La competencia, que convoca a equipos desde Antofagasta hasta Chilo\u00e9, cuenta con delegaciones que ya se encuentran en la capital regional, lo que implicaba una log\u00edstica compleja de revertir.<\/p>\n\n\n\n<p>En un acuerdo com\u00fan con los familiares y compa\u00f1eros de bomba del fallecido, y recordando que el voluntario siempre vibr\u00f3 con las actividades de la instituci\u00f3n, se decidi\u00f3 no suspender el encuentro. En su lugar, la ceremonia de inauguraci\u00f3n se transformar\u00e1 en un escenario para rendir un solemne homenaje a su trayectoria.<\/p>\n\n\n\n<p><strong>FUNERALES<\/strong><\/p>\n\n\n\n<p>El Cuerpo de Bomberos de Temuco se reuni\u00f3 esta noche para coordinar los detalles de los funerales, asegurando que las honras f\u00fanebres se desarrollen con la normalidad y solemnidad que la ocasi\u00f3n amerita.<\/p>\n\n\n\n<p>Esto incluir\u00e1 la participaci\u00f3n de la totalidad de las compa\u00f1\u00edas y brigadas de la instituci\u00f3n, quienes acompa\u00f1ar\u00e1n el velatorio y las posteriores exequias para despedir con honores a uno de sus miembros m\u00e1s destacados.<\/p>\n\n\n\n<p>Los funerales se realizar\u00e1n este s\u00e1bado 22 de noviembre en el Parque Jard\u00edn Las Flores, ubicado junto a la ruta Temuco-Cholchol s\/n, luego de una misa que comenzar\u00e1 a las 20:00 horas en Temuco.<\/p>\n","protected":false},"excerpt":{"rendered":"<div class=\"pvc_clear\"><\/div>\n<p id=\"pvc_stats_59348\" class=\"pvc_stats total_only  \" data-element-id=\"59348\" style=\"\"><i class=\"pvc-stats-icon large\" aria-hidden=\"true\"><svg aria-hidden=\"true\" focusable=\"false\" data-prefix=\"far\" data-icon=\"chart-bar\" role=\"img\" xmlns=\"http:\/\/www.w3.org\/2000\/svg\" viewBox=\"0 0 512 512\" class=\"svg-inline--fa fa-chart-bar fa-w-16 fa-2x\"><path fill=\"currentColor\" d=\"M396.8 352h22.4c6.4 0 12.8-6.4 12.8-12.8V108.8c0-6.4-6.4-12.8-12.8-12.8h-22.4c-6.4 0-12.8 6.4-12.8 12.8v230.4c0 6.4 6.4 12.8 12.8 12.8zm-192 0h22.4c6.4 0 12.8-6.4 12.8-12.8V140.8c0-6.4-6.4-12.8-12.8-12.8h-22.4c-6.4 0-12.8 6.4-12.8 12.8v198.4c0 6.4 6.4 12.8 12.8 12.8zm96 0h22.4c6.4 0 12.8-6.4 12.8-12.8V204.8c0-6.4-6.4-12.8-12.8-12.8h-22.4c-6.4 0-12.8 6.4-12.8 12.8v134.4c0 6.4 6.4 12.8 12.8 12.8zM496 400H48V80c0-8.84-7.16-16-16-16H16C7.16 64 0 71.16 0 80v336c0 17.67 14.33 32 32 32h464c8.84 0 16-7.16 16-16v-16c0-8.84-7.16-16-16-16zm-387.2-48h22.4c6.4 0 12.8-6.4 12.8-12.8v-70.4c0-6.4-6.4-12.8-12.8-12.8h-22.4c-6.4 0-12.8 6.4-12.8 12.8v70.4c0 6.4 6.4 12.8 12.8 12.8z\" class=\"\"><\/path><\/svg><\/i> <img loading=\"lazy\" decoding=\"async\" width=\"16\" height=\"16\" alt=\"Loading\" src=\"https:\/\/temucotelevision.cl\/web\/wp-content\/plugins\/page-views-count\/ajax-loader-2x.gif\" border=0 \/><\/p>\n<div class=\"pvc_clear\"><\/div>\n<p>Un profundo sentimiento de pesar embarga al Cuerpo de Bomberos de Temuco tras confirmarse, durante la jornada de este viernes<\/p>\n","protected":false},"author":1,"featured_media":59349,"comment_status":"open","ping_status":"open","sticky":false,"template":"","format":"standard","meta":{"colormag_page_container_layout":"default_layout","colormag_page_sidebar_layout":"default_layout","footnotes":""},"categories":[14],"tags":[304],"class_list":["post-59348","post","type-post","status-publish","format-standard","has-post-thumbnail","hentry","category-temuco","tag-bomberos"],"a3_pvc":{"activated":true,"total_views":78,"today_views":0},"_links":{"self":[{"href":"https:\/\/temucotelevision.cl\/web\/wp-json\/wp\/v2\/posts\/59348","targetHints":{"allow":["GET"]}}],"collection":[{"href":"https:\/\/temucotelevision.cl\/web\/wp-json\/wp\/v2\/posts"}],"about":[{"href":"https:\/\/temucotelevision.cl\/web\/wp-json\/wp\/v2\/types\/post"}],"author":[{"embeddable":true,"href":"https:\/\/temucotelevision.cl\/web\/wp-json\/wp\/v2\/users\/1"}],"replies":[{"embeddable":true,"href":"https:\/\/temucotelevision.cl\/web\/wp-json\/wp\/v2\/comments?post=59348"}],"version-history":[{"count":1,"href":"https:\/\/temucotelevision.cl\/web\/wp-json\/wp\/v2\/posts\/59348\/revisions"}],"predecessor-version":[{"id":59350,"href":"https:\/\/temucotelevision.cl\/web\/wp-json\/wp\/v2\/posts\/59348\/revisions\/59350"}],"wp:featuredmedia":[{"embeddable":true,"href":"https:\/\/temucotelevision.cl\/web\/wp-json\/wp\/v2\/media\/59349"}],"wp:attachment":[{"href":"https:\/\/temucotelevision.cl\/web\/wp-json\/wp\/v2\/media?parent=59348"}],"wp:term":[{"taxonomy":"category","embeddable":true,"href":"https:\/\/temucotelevision.cl\/web\/wp-json\/wp\/v2\/categories?post=59348"},{"taxonomy":"post_tag","embeddable":true,"href":"https:\/\/temucotelevision.cl\/web\/wp-json\/wp\/v2\/tags?post=59348"}],"curies":[{"name":"wp","href":"https:\/\/api.w.org\/{rel}","templated":true}]}}