{"id":59289,"date":"2025-11-18T12:04:00","date_gmt":"2025-11-18T15:04:00","guid":{"rendered":"https:\/\/temucotelevision.cl\/web\/?p=59289"},"modified":"2025-11-18T12:06:24","modified_gmt":"2025-11-18T15:06:24","slug":"ataque-incendiario-afecta-a-conductor-forestal-en-ruta-182-victima-resulto-ilesa","status":"publish","type":"post","link":"https:\/\/temucotelevision.cl\/web\/2025\/11\/18\/ataque-incendiario-afecta-a-conductor-forestal-en-ruta-182-victima-resulto-ilesa\/","title":{"rendered":"Ataque incendiario afecta a conductor forestal en ruta 182: v\u00edctima result\u00f3 ilesa"},"content":{"rendered":"<div class=\"pvc_clear\"><\/div><p id=\"pvc_stats_59289\" class=\"pvc_stats total_only  \" data-element-id=\"59289\" style=\"\"><i class=\"pvc-stats-icon large\" aria-hidden=\"true\"><svg aria-hidden=\"true\" focusable=\"false\" data-prefix=\"far\" data-icon=\"chart-bar\" role=\"img\" xmlns=\"http:\/\/www.w3.org\/2000\/svg\" viewBox=\"0 0 512 512\" class=\"svg-inline--fa fa-chart-bar fa-w-16 fa-2x\"><path fill=\"currentColor\" d=\"M396.8 352h22.4c6.4 0 12.8-6.4 12.8-12.8V108.8c0-6.4-6.4-12.8-12.8-12.8h-22.4c-6.4 0-12.8 6.4-12.8 12.8v230.4c0 6.4 6.4 12.8 12.8 12.8zm-192 0h22.4c6.4 0 12.8-6.4 12.8-12.8V140.8c0-6.4-6.4-12.8-12.8-12.8h-22.4c-6.4 0-12.8 6.4-12.8 12.8v198.4c0 6.4 6.4 12.8 12.8 12.8zm96 0h22.4c6.4 0 12.8-6.4 12.8-12.8V204.8c0-6.4-6.4-12.8-12.8-12.8h-22.4c-6.4 0-12.8 6.4-12.8 12.8v134.4c0 6.4 6.4 12.8 12.8 12.8zM496 400H48V80c0-8.84-7.16-16-16-16H16C7.16 64 0 71.16 0 80v336c0 17.67 14.33 32 32 32h464c8.84 0 16-7.16 16-16v-16c0-8.84-7.16-16-16-16zm-387.2-48h22.4c6.4 0 12.8-6.4 12.8-12.8v-70.4c0-6.4-6.4-12.8-12.8-12.8h-22.4c-6.4 0-12.8 6.4-12.8 12.8v70.4c0 6.4 6.4 12.8 12.8 12.8z\" class=\"\"><\/path><\/svg><\/i> <img loading=\"lazy\" decoding=\"async\" width=\"16\" height=\"16\" alt=\"Loading\" src=\"https:\/\/temucotelevision.cl\/web\/wp-content\/plugins\/page-views-count\/ajax-loader-2x.gif\" border=0 \/><\/p><div class=\"pvc_clear\"><\/div>\n<p>Durante la madrugada de este martes se registr\u00f3 un nuevo ataque incendiario en la ruta 182, a la altura del kil\u00f3metro 22, donde un conductor forestal fue interceptado y amenazado por un grupo de individuos armados.<\/p>\n\n\n\n<p>De acuerdo con los primeros antecedentes, cerca de las&nbsp;<strong>05:40 horas<\/strong>&nbsp;el trabajador&nbsp;<strong>J.E.C.<\/strong>&nbsp;fue bloqueado por dos camionetas \u2014una blanca y otra roja\u2014 desde las cuales descendieron cuatro sujetos,&nbsp;<strong>tres de ellos portando armas largas<\/strong>. Los atacantes efectuaron disparos contra el parabrisas del cami\u00f3n y obligaron al conductor a descender. Posteriormente, incendiaron el veh\u00edculo de carga y una de las camionetas en que se movilizaban para luego darse a la fuga por un camino interior en direcci\u00f3n al sector&nbsp;<strong>Lolenco<\/strong>.<\/p>\n\n\n\n<p>Pese a la violencia del ataque, la v\u00edctima result\u00f3&nbsp;<strong>ilesa<\/strong>.<\/p>\n\n\n\n<p>El fiscal&nbsp;<strong>Cristi\u00e1n Gacit\u00faa<\/strong>&nbsp;se constituy\u00f3 en el sitio del suceso y trabaja junto a equipos de la&nbsp;<strong>Brigada de Investigaciones Policiales Especiales (BIPE)<\/strong>&nbsp;y del&nbsp;<strong>Laboratorio de Criminal\u00edstica (Lacrim) de la PDI<\/strong>, quienes desarrollan las diligencias correspondientes para esclarecer lo ocurrido y dar con los responsables.<\/p>\n\n\n\n<figure class=\"wp-block-image size-large\"><img loading=\"lazy\" decoding=\"async\" width=\"1000\" height=\"750\" src=\"https:\/\/temucotelevision.cl\/web\/wp-content\/uploads\/2025\/11\/WhatsApp-Image-2025-11-18-at-11.03.44-1000x750.jpeg\" alt=\"\" class=\"wp-image-59291\" srcset=\"https:\/\/temucotelevision.cl\/web\/wp-content\/uploads\/2025\/11\/WhatsApp-Image-2025-11-18-at-11.03.44-1000x750.jpeg 1000w, https:\/\/temucotelevision.cl\/web\/wp-content\/uploads\/2025\/11\/WhatsApp-Image-2025-11-18-at-11.03.44-768x576.jpeg 768w, https:\/\/temucotelevision.cl\/web\/wp-content\/uploads\/2025\/11\/WhatsApp-Image-2025-11-18-at-11.03.44-1536x1152.jpeg 1536w, https:\/\/temucotelevision.cl\/web\/wp-content\/uploads\/2025\/11\/WhatsApp-Image-2025-11-18-at-11.03.44.jpeg 1600w\" sizes=\"auto, (max-width: 1000px) 100vw, 1000px\" \/><\/figure>\n","protected":false},"excerpt":{"rendered":"<div class=\"pvc_clear\"><\/div>\n<p id=\"pvc_stats_59289\" class=\"pvc_stats total_only  \" data-element-id=\"59289\" style=\"\"><i class=\"pvc-stats-icon large\" aria-hidden=\"true\"><svg aria-hidden=\"true\" focusable=\"false\" data-prefix=\"far\" data-icon=\"chart-bar\" role=\"img\" xmlns=\"http:\/\/www.w3.org\/2000\/svg\" viewBox=\"0 0 512 512\" class=\"svg-inline--fa fa-chart-bar fa-w-16 fa-2x\"><path fill=\"currentColor\" d=\"M396.8 352h22.4c6.4 0 12.8-6.4 12.8-12.8V108.8c0-6.4-6.4-12.8-12.8-12.8h-22.4c-6.4 0-12.8 6.4-12.8 12.8v230.4c0 6.4 6.4 12.8 12.8 12.8zm-192 0h22.4c6.4 0 12.8-6.4 12.8-12.8V140.8c0-6.4-6.4-12.8-12.8-12.8h-22.4c-6.4 0-12.8 6.4-12.8 12.8v198.4c0 6.4 6.4 12.8 12.8 12.8zm96 0h22.4c6.4 0 12.8-6.4 12.8-12.8V204.8c0-6.4-6.4-12.8-12.8-12.8h-22.4c-6.4 0-12.8 6.4-12.8 12.8v134.4c0 6.4 6.4 12.8 12.8 12.8zM496 400H48V80c0-8.84-7.16-16-16-16H16C7.16 64 0 71.16 0 80v336c0 17.67 14.33 32 32 32h464c8.84 0 16-7.16 16-16v-16c0-8.84-7.16-16-16-16zm-387.2-48h22.4c6.4 0 12.8-6.4 12.8-12.8v-70.4c0-6.4-6.4-12.8-12.8-12.8h-22.4c-6.4 0-12.8 6.4-12.8 12.8v70.4c0 6.4 6.4 12.8 12.8 12.8z\" class=\"\"><\/path><\/svg><\/i> <img loading=\"lazy\" decoding=\"async\" width=\"16\" height=\"16\" alt=\"Loading\" src=\"https:\/\/temucotelevision.cl\/web\/wp-content\/plugins\/page-views-count\/ajax-loader-2x.gif\" border=0 \/><\/p>\n<div class=\"pvc_clear\"><\/div>\n<p>Durante la madrugada de este martes se registr\u00f3 un nuevo ataque incendiario en la ruta 182, a la altura del<\/p>\n","protected":false},"author":1,"featured_media":59290,"comment_status":"open","ping_status":"open","sticky":false,"template":"","format":"standard","meta":{"colormag_page_container_layout":"default_layout","colormag_page_sidebar_layout":"default_layout","footnotes":""},"categories":[15],"tags":[231],"class_list":["post-59289","post","type-post","status-publish","format-standard","has-post-thumbnail","hentry","category-la-araucania","tag-atentado"],"a3_pvc":{"activated":true,"total_views":3791,"today_views":0},"_links":{"self":[{"href":"https:\/\/temucotelevision.cl\/web\/wp-json\/wp\/v2\/posts\/59289","targetHints":{"allow":["GET"]}}],"collection":[{"href":"https:\/\/temucotelevision.cl\/web\/wp-json\/wp\/v2\/posts"}],"about":[{"href":"https:\/\/temucotelevision.cl\/web\/wp-json\/wp\/v2\/types\/post"}],"author":[{"embeddable":true,"href":"https:\/\/temucotelevision.cl\/web\/wp-json\/wp\/v2\/users\/1"}],"replies":[{"embeddable":true,"href":"https:\/\/temucotelevision.cl\/web\/wp-json\/wp\/v2\/comments?post=59289"}],"version-history":[{"count":2,"href":"https:\/\/temucotelevision.cl\/web\/wp-json\/wp\/v2\/posts\/59289\/revisions"}],"predecessor-version":[{"id":59293,"href":"https:\/\/temucotelevision.cl\/web\/wp-json\/wp\/v2\/posts\/59289\/revisions\/59293"}],"wp:featuredmedia":[{"embeddable":true,"href":"https:\/\/temucotelevision.cl\/web\/wp-json\/wp\/v2\/media\/59290"}],"wp:attachment":[{"href":"https:\/\/temucotelevision.cl\/web\/wp-json\/wp\/v2\/media?parent=59289"}],"wp:term":[{"taxonomy":"category","embeddable":true,"href":"https:\/\/temucotelevision.cl\/web\/wp-json\/wp\/v2\/categories?post=59289"},{"taxonomy":"post_tag","embeddable":true,"href":"https:\/\/temucotelevision.cl\/web\/wp-json\/wp\/v2\/tags?post=59289"}],"curies":[{"name":"wp","href":"https:\/\/api.w.org\/{rel}","templated":true}]}}