{"id":59286,"date":"2025-11-18T11:50:14","date_gmt":"2025-11-18T14:50:14","guid":{"rendered":"https:\/\/temucotelevision.cl\/web\/?p=59286"},"modified":"2025-11-19T13:53:31","modified_gmt":"2025-11-19T16:53:31","slug":"los-tigres-del-norte-un-triunfo-en-los-latin-grammys-y-estrenan-el-documental-biografico-los-tigres-del-mundo-el-norte-mas-alla-de-las-fronteras","status":"publish","type":"post","link":"https:\/\/temucotelevision.cl\/web\/2025\/11\/18\/los-tigres-del-norte-un-triunfo-en-los-latin-grammys-y-estrenan-el-documental-biografico-los-tigres-del-mundo-el-norte-mas-alla-de-las-fronteras\/","title":{"rendered":"Los Tigres del Norte: Un Triunfo en los Latin Grammys y estrenan el documental biogr\u00e1fico \u201cLos Tigres del Mundo: El Norte m\u00e1s all\u00e1 de las Fronteras\u201d"},"content":{"rendered":"<div class=\"pvc_clear\"><\/div><p id=\"pvc_stats_59286\" class=\"pvc_stats total_only  \" data-element-id=\"59286\" style=\"\"><i class=\"pvc-stats-icon large\" aria-hidden=\"true\"><svg aria-hidden=\"true\" focusable=\"false\" data-prefix=\"far\" data-icon=\"chart-bar\" role=\"img\" xmlns=\"http:\/\/www.w3.org\/2000\/svg\" viewBox=\"0 0 512 512\" class=\"svg-inline--fa fa-chart-bar fa-w-16 fa-2x\"><path fill=\"currentColor\" d=\"M396.8 352h22.4c6.4 0 12.8-6.4 12.8-12.8V108.8c0-6.4-6.4-12.8-12.8-12.8h-22.4c-6.4 0-12.8 6.4-12.8 12.8v230.4c0 6.4 6.4 12.8 12.8 12.8zm-192 0h22.4c6.4 0 12.8-6.4 12.8-12.8V140.8c0-6.4-6.4-12.8-12.8-12.8h-22.4c-6.4 0-12.8 6.4-12.8 12.8v198.4c0 6.4 6.4 12.8 12.8 12.8zm96 0h22.4c6.4 0 12.8-6.4 12.8-12.8V204.8c0-6.4-6.4-12.8-12.8-12.8h-22.4c-6.4 0-12.8 6.4-12.8 12.8v134.4c0 6.4 6.4 12.8 12.8 12.8zM496 400H48V80c0-8.84-7.16-16-16-16H16C7.16 64 0 71.16 0 80v336c0 17.67 14.33 32 32 32h464c8.84 0 16-7.16 16-16v-16c0-8.84-7.16-16-16-16zm-387.2-48h22.4c6.4 0 12.8-6.4 12.8-12.8v-70.4c0-6.4-6.4-12.8-12.8-12.8h-22.4c-6.4 0-12.8 6.4-12.8 12.8v70.4c0 6.4 6.4 12.8 12.8 12.8z\" class=\"\"><\/path><\/svg><\/i> <img loading=\"lazy\" decoding=\"async\" width=\"16\" height=\"16\" alt=\"Loading\" src=\"https:\/\/temucotelevision.cl\/web\/wp-content\/plugins\/page-views-count\/ajax-loader-2x.gif\" border=0 \/><\/p><div class=\"pvc_clear\"><\/div>\n<p><strong>La agrupaci\u00f3n mexicana celebra su triunfo en los Latin Grammys con un documental biogr\u00e1fico y un concierto en Chile. Conocidos por sus corridos y canciones que abordan temas como la migraci\u00f3n, el amor y la amistad, se presentar\u00e1 en el Movistar Arena el 19 de diciembre como parte de su gira internacional \u201cLa Loter\u00eda Tour\u201d .<\/strong><\/p>\n\n\n\n<p>El legendario grupo mexicano de m\u00fasica norte\u00f1a,&nbsp;<a href=\"https:\/\/www.instagram.com\/lostigresdelnorte?igsh=dDRmajdpc2VzanY5\" target=\"_blank\" rel=\"noreferrer noopener\">Los Tigres del Norte<\/a>,&nbsp; present\u00f3 su nuevo documental&nbsp;<strong>\u201cLos Tigres del Mundo: El Norte m\u00e1s all\u00e1 de las Fronteras\u201d,&nbsp;<\/strong>disponible en su canal oficial de&nbsp;<strong>YouTube.&nbsp;<\/strong>Este proyecto audiovisual es una celebraci\u00f3n de la trayectoria, influencia cultural y legado musical de la agrupaci\u00f3n, que ha narrado la vida de aquellos que no siempre tienen una voz, pero s\u00ed una historia que contar.<\/p>\n\n\n\n<p>El documental repasa la historia de&nbsp;<a href=\"https:\/\/www.instagram.com\/lostigresdelnorte?igsh=dDRmajdpc2VzanY5\" target=\"_blank\" rel=\"noreferrer noopener\">Los Tigres del Norte<\/a>&nbsp;desde sus inicios en&nbsp;<strong>Rosa Morada, Mocorito, Sinaloa,<\/strong>&nbsp;hasta convertirse en una de las bandas m\u00e1s influyentes de&nbsp;<strong>M\u00e9xico<\/strong>&nbsp;y el mundo. Con cada acorde, han documentado la nostalgia, la lucha, el amor y la resistencia de quienes cruzaron una l\u00ednea imaginaria que divide naciones, pero no corazones.<\/p>\n\n\n\n<p><strong>Un \u00e9xito rotundo en los Latin Grammys:<\/strong><\/p>\n\n\n\n<p>La presentaci\u00f3n del documental coincidi\u00f3 con la noticia del triunfo de&nbsp;<a href=\"https:\/\/www.instagram.com\/lostigresdelnorte?igsh=dDRmajdpc2VzanY5\" target=\"_blank\" rel=\"noreferrer noopener\">Los Tigres del Norte<\/a>&nbsp;en los&nbsp;<strong>Latin Grammys<\/strong>.&nbsp; Ganaron dos premios, incluyendo&nbsp;<strong>\u201cMejor Canci\u00f3n Regional\u201d por \u201cLa Loter\u00eda\u201d y \u201cMejor \u00c1lbum Norte\u00f1o\u201d por su EP hom\u00f3nimo<\/strong>. Los m\u00fasicos tambi\u00e9n se presentaron en el escenario de los&nbsp;<strong>Latin Grammys,&nbsp;<\/strong>donde interpretaron&nbsp;<strong>\u201cLa Loter\u00eda\u201d,<\/strong>&nbsp;una canci\u00f3n que aborda temas delicados con valent\u00eda y verdad, como la pol\u00edtica, la inmigraci\u00f3n y la ley migratoria.<\/p>\n\n\n\n<p><strong>Gira internacional La Loter\u00eda Tour:<\/strong><\/p>\n\n\n\n<p><a href=\"https:\/\/www.instagram.com\/lostigresdelnorte?igsh=dDRmajdpc2VzanY5\" target=\"_blank\" rel=\"noreferrer noopener\">Los Tigres del Norte<\/a>&nbsp;<strong>se presentar\u00e1n en Chile el 19 de diciembre en el Movistar Arena<\/strong>, como parte de su gira internacional&nbsp;<strong>\u201cLa Loter\u00eda Tour\u201d<\/strong>. El concierto promete ser una fiesta llena de folclore mexicano, con cl\u00e1sicos como&nbsp;<strong>\u201cJefes de jefes\u201d, \u201cLa Puerta Negra\u201d, \u201cContrabando y Traici\u00f3n\u201d y \u201cLa Reina del Sur\u201d.&nbsp;<\/strong><\/p>\n\n\n\n<p>La gira internacional los ha llevado a recorrer pa\u00edses como<strong>&nbsp;Estados Unidos, M\u00e9xico, Espa\u00f1a, Colombia, Guatemala, Nicaragua, Honduras y Costa Rica<\/strong>. Con su m\u00fasica, han logrado conectar con personas de diferentes culturas y generaciones, consolid\u00e1ndose como una de las bandas m\u00e1s influyentes de la m\u00fasica norte\u00f1a. Su legado musical es un puente que u<strong>ne a las personas, y les permite disfrutar de la rica tradici\u00f3n musical de M\u00e9xico y el mundo.<\/strong><\/p>\n\n\n\n<p><strong>Las entradas para el show en el Movistar Arena, ya est\u00e1n disponibles a trav\u00e9s de&nbsp;<a href=\"https:\/\/www.puntoticket.com\/los-tigres-del-norte?gad_source=1&amp;gad_campaignid=23087872998&amp;gclid=CjwKCAiAw9vIBhBBEiwAraSAToA9148zlQ6hCXJFpOWGpLqfATx-Jbb3NsfEEXPnWrPCejQIcT1EFBoCLUMQAvD_BwE\">Puntoticket<\/a>.<\/strong><\/p>\n\n\n\n<figure class=\"wp-block-embed is-type-video is-provider-youtube wp-block-embed-youtube wp-embed-aspect-16-9 wp-has-aspect-ratio\"><div class=\"wp-block-embed__wrapper\">\n<div class=\"epyt-video-wrapper\"><iframe loading=\"lazy\"  id=\"_ytid_53531\"  width=\"800\" height=\"450\"  data-origwidth=\"800\" data-origheight=\"450\" src=\"https:\/\/www.youtube.com\/embed\/1xjR_ZFMrXI?enablejsapi=1&#038;autoplay=0&#038;cc_load_policy=0&#038;cc_lang_pref=&#038;iv_load_policy=1&#038;loop=0&#038;rel=1&#038;fs=1&#038;playsinline=0&#038;autohide=2&#038;theme=dark&#038;color=red&#038;controls=1&#038;disablekb=0&#038;\" class=\"__youtube_prefs__  epyt-is-override  no-lazyload\" title=\"YouTube player\"  allow=\"fullscreen; accelerometer; autoplay; clipboard-write; encrypted-media; gyroscope; picture-in-picture; web-share\" referrerpolicy=\"strict-origin-when-cross-origin\" allowfullscreen data-no-lazy=\"1\" data-skipgform_ajax_framebjll=\"\"><\/iframe><\/div>\n<\/div><\/figure>\n","protected":false},"excerpt":{"rendered":"<div class=\"pvc_clear\"><\/div>\n<p id=\"pvc_stats_59286\" class=\"pvc_stats total_only  \" data-element-id=\"59286\" style=\"\"><i class=\"pvc-stats-icon large\" aria-hidden=\"true\"><svg aria-hidden=\"true\" focusable=\"false\" data-prefix=\"far\" data-icon=\"chart-bar\" role=\"img\" xmlns=\"http:\/\/www.w3.org\/2000\/svg\" viewBox=\"0 0 512 512\" class=\"svg-inline--fa fa-chart-bar fa-w-16 fa-2x\"><path fill=\"currentColor\" d=\"M396.8 352h22.4c6.4 0 12.8-6.4 12.8-12.8V108.8c0-6.4-6.4-12.8-12.8-12.8h-22.4c-6.4 0-12.8 6.4-12.8 12.8v230.4c0 6.4 6.4 12.8 12.8 12.8zm-192 0h22.4c6.4 0 12.8-6.4 12.8-12.8V140.8c0-6.4-6.4-12.8-12.8-12.8h-22.4c-6.4 0-12.8 6.4-12.8 12.8v198.4c0 6.4 6.4 12.8 12.8 12.8zm96 0h22.4c6.4 0 12.8-6.4 12.8-12.8V204.8c0-6.4-6.4-12.8-12.8-12.8h-22.4c-6.4 0-12.8 6.4-12.8 12.8v134.4c0 6.4 6.4 12.8 12.8 12.8zM496 400H48V80c0-8.84-7.16-16-16-16H16C7.16 64 0 71.16 0 80v336c0 17.67 14.33 32 32 32h464c8.84 0 16-7.16 16-16v-16c0-8.84-7.16-16-16-16zm-387.2-48h22.4c6.4 0 12.8-6.4 12.8-12.8v-70.4c0-6.4-6.4-12.8-12.8-12.8h-22.4c-6.4 0-12.8 6.4-12.8 12.8v70.4c0 6.4 6.4 12.8 12.8 12.8z\" class=\"\"><\/path><\/svg><\/i> <img loading=\"lazy\" decoding=\"async\" width=\"16\" height=\"16\" alt=\"Loading\" src=\"https:\/\/temucotelevision.cl\/web\/wp-content\/plugins\/page-views-count\/ajax-loader-2x.gif\" border=0 \/><\/p>\n<div class=\"pvc_clear\"><\/div>\n<p>La agrupaci\u00f3n mexicana celebra su triunfo en los Latin Grammys con un documental biogr\u00e1fico y un concierto en Chile. Conocidos<\/p>\n","protected":false},"author":143,"featured_media":59287,"comment_status":"open","ping_status":"open","sticky":false,"template":"","format":"standard","meta":{"colormag_page_container_layout":"default_layout","colormag_page_sidebar_layout":"default_layout","footnotes":""},"categories":[369],"tags":[],"class_list":["post-59286","post","type-post","status-publish","format-standard","has-post-thumbnail","hentry","category-musica"],"a3_pvc":{"activated":true,"total_views":949,"today_views":0},"_links":{"self":[{"href":"https:\/\/temucotelevision.cl\/web\/wp-json\/wp\/v2\/posts\/59286","targetHints":{"allow":["GET"]}}],"collection":[{"href":"https:\/\/temucotelevision.cl\/web\/wp-json\/wp\/v2\/posts"}],"about":[{"href":"https:\/\/temucotelevision.cl\/web\/wp-json\/wp\/v2\/types\/post"}],"author":[{"embeddable":true,"href":"https:\/\/temucotelevision.cl\/web\/wp-json\/wp\/v2\/users\/143"}],"replies":[{"embeddable":true,"href":"https:\/\/temucotelevision.cl\/web\/wp-json\/wp\/v2\/comments?post=59286"}],"version-history":[{"count":1,"href":"https:\/\/temucotelevision.cl\/web\/wp-json\/wp\/v2\/posts\/59286\/revisions"}],"predecessor-version":[{"id":59288,"href":"https:\/\/temucotelevision.cl\/web\/wp-json\/wp\/v2\/posts\/59286\/revisions\/59288"}],"wp:featuredmedia":[{"embeddable":true,"href":"https:\/\/temucotelevision.cl\/web\/wp-json\/wp\/v2\/media\/59287"}],"wp:attachment":[{"href":"https:\/\/temucotelevision.cl\/web\/wp-json\/wp\/v2\/media?parent=59286"}],"wp:term":[{"taxonomy":"category","embeddable":true,"href":"https:\/\/temucotelevision.cl\/web\/wp-json\/wp\/v2\/categories?post=59286"},{"taxonomy":"post_tag","embeddable":true,"href":"https:\/\/temucotelevision.cl\/web\/wp-json\/wp\/v2\/tags?post=59286"}],"curies":[{"name":"wp","href":"https:\/\/api.w.org\/{rel}","templated":true}]}}