{"id":59282,"date":"2025-11-17T22:01:40","date_gmt":"2025-11-18T01:01:40","guid":{"rendered":"https:\/\/temucotelevision.cl\/web\/?p=59282"},"modified":"2025-11-17T22:01:41","modified_gmt":"2025-11-18T01:01:41","slug":"juan-carlos-beltran-logro-historica-reeleccion-como-diputado-por-el-distrito-22","status":"publish","type":"post","link":"https:\/\/temucotelevision.cl\/web\/2025\/11\/17\/juan-carlos-beltran-logro-historica-reeleccion-como-diputado-por-el-distrito-22\/","title":{"rendered":"Juan Carlos Beltr\u00e1n logr\u00f3 hist\u00f3rica reelecci\u00f3n como diputado por el Distrito 22"},"content":{"rendered":"<div class=\"pvc_clear\"><\/div><p id=\"pvc_stats_59282\" class=\"pvc_stats total_only  \" data-element-id=\"59282\" style=\"\"><i class=\"pvc-stats-icon large\" aria-hidden=\"true\"><svg aria-hidden=\"true\" focusable=\"false\" data-prefix=\"far\" data-icon=\"chart-bar\" role=\"img\" xmlns=\"http:\/\/www.w3.org\/2000\/svg\" viewBox=\"0 0 512 512\" class=\"svg-inline--fa fa-chart-bar fa-w-16 fa-2x\"><path fill=\"currentColor\" d=\"M396.8 352h22.4c6.4 0 12.8-6.4 12.8-12.8V108.8c0-6.4-6.4-12.8-12.8-12.8h-22.4c-6.4 0-12.8 6.4-12.8 12.8v230.4c0 6.4 6.4 12.8 12.8 12.8zm-192 0h22.4c6.4 0 12.8-6.4 12.8-12.8V140.8c0-6.4-6.4-12.8-12.8-12.8h-22.4c-6.4 0-12.8 6.4-12.8 12.8v198.4c0 6.4 6.4 12.8 12.8 12.8zm96 0h22.4c6.4 0 12.8-6.4 12.8-12.8V204.8c0-6.4-6.4-12.8-12.8-12.8h-22.4c-6.4 0-12.8 6.4-12.8 12.8v134.4c0 6.4 6.4 12.8 12.8 12.8zM496 400H48V80c0-8.84-7.16-16-16-16H16C7.16 64 0 71.16 0 80v336c0 17.67 14.33 32 32 32h464c8.84 0 16-7.16 16-16v-16c0-8.84-7.16-16-16-16zm-387.2-48h22.4c6.4 0 12.8-6.4 12.8-12.8v-70.4c0-6.4-6.4-12.8-12.8-12.8h-22.4c-6.4 0-12.8 6.4-12.8 12.8v70.4c0 6.4 6.4 12.8 12.8 12.8z\" class=\"\"><\/path><\/svg><\/i> <img loading=\"lazy\" decoding=\"async\" width=\"16\" height=\"16\" alt=\"Loading\" src=\"https:\/\/temucotelevision.cl\/web\/wp-content\/plugins\/page-views-count\/ajax-loader-2x.gif\" border=0 \/><\/p><div class=\"pvc_clear\"><\/div>\n<p>Tras cuatro a\u00f1os de gesti\u00f3n parlamentaria consigui\u00f3 el apoyo de 15 mil electores m\u00e1s que en su primera elecci\u00f3n.<\/p>\n\n\n\n<p>Una hist\u00f3rica reelecci\u00f3n como diputado por el Distrito 22 para el per\u00edodo parlamentario 2026-2030 logr\u00f3, durante los comicios de este domingo 16 de noviembre, Juan Carlos Beltr\u00e1n Silva, quien consigui\u00f3 una votaci\u00f3n total de 25 mil 762, 15 mil m\u00e1s que la primera vez que fue electo como miembro de la C\u00e1mara Baja en 2021, cuando logr\u00f3 10 mil 700 votos.<\/p>\n\n\n\n<p>\u201cLo primero que quiero hacer \u2014asegur\u00f3 el Parlamentario Mallequino tras su triunfo\u2014 es agradecer a todos nuestros vecinos del Distrito 22 que depositaron su confianza en m\u00ed, para representarlos en la C\u00e1mara de Diputados por cuatro a\u00f1os m\u00e1s. Tambi\u00e9n quiero agradecer a Dios, a mi familia y a mi incre\u00edble equipo de trabajo, por su apoyo y constancia en las labores que tuvimos que desempe\u00f1ar y que vamos a seguir desplegando\u201d.<\/p>\n\n\n\n<p>Asimismo asegur\u00f3 que el logro de obtener el voto de 15 mil electores m\u00e1s \u201ces una confirmaci\u00f3n de que el trabajo que hemos venido desarrollando durante los \u00faltimos cuatro a\u00f1os ha llegado a la gente, ha sido efectivo y ha alcanzado el objetivo que nos propon\u00edamos que es, como siempre he dicho, mejorar la calidad de vida de los vecinos del Distrito 22\u201d.<\/p>\n\n\n\n<p>El diputado Beltr\u00e1n, quien tras lograr su reelecci\u00f3n, volvi\u00f3 este lunes 17 de noviembre a Valpara\u00edso para seguir cumpliendo con sus funciones, manifest\u00f3, adem\u00e1s, que ahora deber\u00e1 enfrentar nuevos desaf\u00edos en el parlamento, puesto que se reconfigurar\u00e1n las comisiones y deber\u00e1 continuar adelant\u00e1ndose el trabajo de discutir los proyectos de ley que est\u00e1n pendientes y, sobre todo, la Ley de Presupuesto para el a\u00f1o 2026 que ser\u00e1 la que ejecutar\u00e1 el nuevo gobierno.<\/p>\n\n\n\n<p>Finalmente Juan Carlos Beltr\u00e1n afirm\u00f3 que \u201cahora lo que sigue es continuar trabajando para lograr, dentro de mis facultades como parlamentario, la mayor cantidad de beneficios posibles para los habitantes de la regi\u00f3n de La Araucan\u00eda, a quienes les prestar\u00e9 mi voz para que sus necesidades sean escuchadas y atendidas por las autoridades pertinentes\u201d.<\/p>\n","protected":false},"excerpt":{"rendered":"<div class=\"pvc_clear\"><\/div>\n<p id=\"pvc_stats_59282\" class=\"pvc_stats total_only  \" data-element-id=\"59282\" style=\"\"><i class=\"pvc-stats-icon large\" aria-hidden=\"true\"><svg aria-hidden=\"true\" focusable=\"false\" data-prefix=\"far\" data-icon=\"chart-bar\" role=\"img\" xmlns=\"http:\/\/www.w3.org\/2000\/svg\" viewBox=\"0 0 512 512\" class=\"svg-inline--fa fa-chart-bar fa-w-16 fa-2x\"><path fill=\"currentColor\" d=\"M396.8 352h22.4c6.4 0 12.8-6.4 12.8-12.8V108.8c0-6.4-6.4-12.8-12.8-12.8h-22.4c-6.4 0-12.8 6.4-12.8 12.8v230.4c0 6.4 6.4 12.8 12.8 12.8zm-192 0h22.4c6.4 0 12.8-6.4 12.8-12.8V140.8c0-6.4-6.4-12.8-12.8-12.8h-22.4c-6.4 0-12.8 6.4-12.8 12.8v198.4c0 6.4 6.4 12.8 12.8 12.8zm96 0h22.4c6.4 0 12.8-6.4 12.8-12.8V204.8c0-6.4-6.4-12.8-12.8-12.8h-22.4c-6.4 0-12.8 6.4-12.8 12.8v134.4c0 6.4 6.4 12.8 12.8 12.8zM496 400H48V80c0-8.84-7.16-16-16-16H16C7.16 64 0 71.16 0 80v336c0 17.67 14.33 32 32 32h464c8.84 0 16-7.16 16-16v-16c0-8.84-7.16-16-16-16zm-387.2-48h22.4c6.4 0 12.8-6.4 12.8-12.8v-70.4c0-6.4-6.4-12.8-12.8-12.8h-22.4c-6.4 0-12.8 6.4-12.8 12.8v70.4c0 6.4 6.4 12.8 12.8 12.8z\" class=\"\"><\/path><\/svg><\/i> <img loading=\"lazy\" decoding=\"async\" width=\"16\" height=\"16\" alt=\"Loading\" src=\"https:\/\/temucotelevision.cl\/web\/wp-content\/plugins\/page-views-count\/ajax-loader-2x.gif\" border=0 \/><\/p>\n<div class=\"pvc_clear\"><\/div>\n<p>Tras cuatro a\u00f1os de gesti\u00f3n parlamentaria consigui\u00f3 el apoyo de 15 mil electores m\u00e1s que en su primera elecci\u00f3n. Una<\/p>\n","protected":false},"author":1,"featured_media":59283,"comment_status":"open","ping_status":"open","sticky":false,"template":"","format":"standard","meta":{"colormag_page_container_layout":"default_layout","colormag_page_sidebar_layout":"default_layout","footnotes":""},"categories":[84],"tags":[154],"class_list":["post-59282","post","type-post","status-publish","format-standard","has-post-thumbnail","hentry","category-politica","tag-diputado"],"a3_pvc":{"activated":true,"total_views":3751,"today_views":0},"_links":{"self":[{"href":"https:\/\/temucotelevision.cl\/web\/wp-json\/wp\/v2\/posts\/59282","targetHints":{"allow":["GET"]}}],"collection":[{"href":"https:\/\/temucotelevision.cl\/web\/wp-json\/wp\/v2\/posts"}],"about":[{"href":"https:\/\/temucotelevision.cl\/web\/wp-json\/wp\/v2\/types\/post"}],"author":[{"embeddable":true,"href":"https:\/\/temucotelevision.cl\/web\/wp-json\/wp\/v2\/users\/1"}],"replies":[{"embeddable":true,"href":"https:\/\/temucotelevision.cl\/web\/wp-json\/wp\/v2\/comments?post=59282"}],"version-history":[{"count":1,"href":"https:\/\/temucotelevision.cl\/web\/wp-json\/wp\/v2\/posts\/59282\/revisions"}],"predecessor-version":[{"id":59284,"href":"https:\/\/temucotelevision.cl\/web\/wp-json\/wp\/v2\/posts\/59282\/revisions\/59284"}],"wp:featuredmedia":[{"embeddable":true,"href":"https:\/\/temucotelevision.cl\/web\/wp-json\/wp\/v2\/media\/59283"}],"wp:attachment":[{"href":"https:\/\/temucotelevision.cl\/web\/wp-json\/wp\/v2\/media?parent=59282"}],"wp:term":[{"taxonomy":"category","embeddable":true,"href":"https:\/\/temucotelevision.cl\/web\/wp-json\/wp\/v2\/categories?post=59282"},{"taxonomy":"post_tag","embeddable":true,"href":"https:\/\/temucotelevision.cl\/web\/wp-json\/wp\/v2\/tags?post=59282"}],"curies":[{"name":"wp","href":"https:\/\/api.w.org\/{rel}","templated":true}]}}