{"id":59238,"date":"2025-11-13T22:06:36","date_gmt":"2025-11-14T01:06:36","guid":{"rendered":"https:\/\/temucotelevision.cl\/web\/?p=59238"},"modified":"2025-11-13T22:06:37","modified_gmt":"2025-11-14T01:06:37","slug":"temuco-se-convierte-en-epicentro-iberoamericano-del-patrimonio-ferroviario-con-congreso-internacional-phtf-chile-2025","status":"publish","type":"post","link":"https:\/\/temucotelevision.cl\/web\/2025\/11\/13\/temuco-se-convierte-en-epicentro-iberoamericano-del-patrimonio-ferroviario-con-congreso-internacional-phtf-chile-2025\/","title":{"rendered":"Temuco se convierte en epicentro iberoamericano del patrimonio ferroviario con Congreso Internacional PHTF Chile 2025"},"content":{"rendered":"<div class=\"pvc_clear\"><\/div><p id=\"pvc_stats_59238\" class=\"pvc_stats total_only  \" data-element-id=\"59238\" style=\"\"><i class=\"pvc-stats-icon large\" aria-hidden=\"true\"><svg aria-hidden=\"true\" focusable=\"false\" data-prefix=\"far\" data-icon=\"chart-bar\" role=\"img\" xmlns=\"http:\/\/www.w3.org\/2000\/svg\" viewBox=\"0 0 512 512\" class=\"svg-inline--fa fa-chart-bar fa-w-16 fa-2x\"><path fill=\"currentColor\" d=\"M396.8 352h22.4c6.4 0 12.8-6.4 12.8-12.8V108.8c0-6.4-6.4-12.8-12.8-12.8h-22.4c-6.4 0-12.8 6.4-12.8 12.8v230.4c0 6.4 6.4 12.8 12.8 12.8zm-192 0h22.4c6.4 0 12.8-6.4 12.8-12.8V140.8c0-6.4-6.4-12.8-12.8-12.8h-22.4c-6.4 0-12.8 6.4-12.8 12.8v198.4c0 6.4 6.4 12.8 12.8 12.8zm96 0h22.4c6.4 0 12.8-6.4 12.8-12.8V204.8c0-6.4-6.4-12.8-12.8-12.8h-22.4c-6.4 0-12.8 6.4-12.8 12.8v134.4c0 6.4 6.4 12.8 12.8 12.8zM496 400H48V80c0-8.84-7.16-16-16-16H16C7.16 64 0 71.16 0 80v336c0 17.67 14.33 32 32 32h464c8.84 0 16-7.16 16-16v-16c0-8.84-7.16-16-16-16zm-387.2-48h22.4c6.4 0 12.8-6.4 12.8-12.8v-70.4c0-6.4-6.4-12.8-12.8-12.8h-22.4c-6.4 0-12.8 6.4-12.8 12.8v70.4c0 6.4 6.4 12.8 12.8 12.8z\" class=\"\"><\/path><\/svg><\/i> <img loading=\"lazy\" decoding=\"async\" width=\"16\" height=\"16\" alt=\"Loading\" src=\"https:\/\/temucotelevision.cl\/web\/wp-content\/plugins\/page-views-count\/ajax-loader-2x.gif\" border=0 \/><\/p><div class=\"pvc_clear\"><\/div>\n<p>\u00b7&nbsp;&nbsp;&nbsp;&nbsp;&nbsp;&nbsp;&nbsp;<em>El encuentro gratuito se realizar\u00e1 entre el lunes 17 y viernes 21 de noviembre en el Museo Nacional Ferroviario Pablo Neruda, y ofrecer\u00e1 una nutrida agenda cultural y de vinculaci\u00f3n con el entorno.<\/em><\/p>\n\n\n\n<p> En el marco de la conmemoraci\u00f3n de los 175 a\u00f1os del ferrocarril en Chile, Temuco se prepara para recibir un evento de alto impacto acad\u00e9mico, patrimonial y territorial: el Congreso Internacional \u201cPaisajes Hist\u00f3ricos del Transporte Ferroviario en Iberoam\u00e9rica\u201d (PHTF Chile 2025), que se desarrollar\u00e1 entre el lunes 17 y el viernes 21 de noviembre en el Museo Nacional Ferroviario Pablo Neruda.<\/p>\n\n\n\n<p>Este encuentro reunir\u00e1 a investigadores, instituciones y comunidades de diversos pa\u00edses para reflexionar sobre el legado ferroviario y los desaf\u00edos contempor\u00e1neos de la movilidad sostenible.<\/p>\n\n\n\n<p><strong>Daniel Schmidt, decano de la Facultad de Arquitectura, Construcci\u00f3n y Medio Ambiente de la Universidad Aut\u00f3noma de Chile,<\/strong>&nbsp;subray\u00f3 el car\u00e1cter colaborativo de la iniciativa:&nbsp;<em>\u201cEste Congreso es fruto de un esfuerzo conjunto entre instituciones que han querido levantar una segunda edici\u00f3n de la red Applab. Buscamos convocar tanto a la comunidad de La Araucan\u00eda como a acad\u00e9micos latinoamericanos interesados en los paisajes ferroviarios, para debatir, conversar y generar instancias de interacci\u00f3n sobre este tema tan relevante\u201d.<\/em><\/p>\n\n\n\n<p>Por su parte,&nbsp;<strong>Roberto Concha, director regional del Servicio Nacional del Patrimonio Cultural,<\/strong>&nbsp;enfatiz\u00f3 la pertinencia territorial de la sede:&nbsp;<em>\u201cNo es casual que se haya elegido La Araucan\u00eda para este encuentro internacional. La regi\u00f3n tiene un rol clave en la historia del ferrocarril, con obras como el Viaducto del Malleco \u2014que buscamos que sea reconocido como patrimonio mundial\u2014. La UNESCO entiende los paisajes como obra conjunta del ser humano y la naturaleza, y aqu\u00ed abundan ejemplos de esa sinergia: puentes, t\u00faneles, estaciones\u201d.<\/em><\/p>\n\n\n\n<p><strong>Viaje entre memorias y sue\u00f1os<\/strong><\/p>\n\n\n\n<p>Adem\u00e1s de su robusto programa acad\u00e9mico, el congreso ofrecer\u00e1 una nutrida agenda cultural y de vinculaci\u00f3n con el entorno. Entre las actividades destacadas se encuentran: charla magistral del historiador Ian Thomson, referente en la historia ferroviaria chilena; talleres universitarios con resultados de investigaci\u00f3n aplicada.; ciclo de documentales sobre memoria ferroviaria; exposici\u00f3n fotogr\u00e1fica colaborativa; presentaciones art\u00edsticas de BAFONA, gracias al apoyo de EFE y la Municipalidad de Temuco; exhibiciones patrimoniales en la emblem\u00e1tica Casa de M\u00e1quinas; lanzamiento de libros y publicaciones especializadas.<\/p>\n\n\n\n<p><em>\u201cEste Congreso es muy relevante para Chile. Participar\u00e1n entre 150 y 200 personas, y lo que se vivir\u00e1 tiene que ver no solo con el pasado, sino con el futuro: el sue\u00f1o de un ferrocarril que nos conecte, que sea sustentable y amigable con el medio ambiente. El ferrocarril fundaba ciudades y poblados productivos; \u00bfpor qu\u00e9 no volver a so\u00f1ar con ese interfaz urbano-rural?\u201d,<\/em>&nbsp;proyect\u00f3&nbsp;<strong>Mar\u00e9s Sandor, decana de la Facultad de Arquitectura, Artes y Dise\u00f1o de la Universidad Cat\u00f3lica de Temuco.<\/strong><\/p>\n\n\n\n<p>Para&nbsp;<strong>Cristian Rodr\u00edguez, encargado regional del Consejo de Monumentos Nacionales en La Araucan\u00eda,<\/strong>vincul\u00f3 este encuentro con una efem\u00e9ride nacional:&nbsp;<em>\u201cEste a\u00f1o celebramos los 100 a\u00f1os del Consejo de Monumentos Nacionales, y este Congreso se suma a las actividades conmemorativas. Nos invita a pensar c\u00f3mo preservar el patrimonio hacia el futuro\u201d.<\/em><\/p>\n\n\n\n<p>En tanto,&nbsp;<strong>Elizabeth Inzunza, representante de la Direcci\u00f3n de Turismo, Patrimonio y Cultura de la Municipalidad de Temuco<\/strong>, destac\u00f3 el impacto local:&nbsp;<em>\u201cEs una oportunidad para el turismo y el desarrollo local. Como municipio, lo acogemos con entusiasmo, reforzando nuestro compromiso con la memoria, la identidad y el futuro ferroviario. A trav\u00e9s del alcalde Roberto Neira, impulsamos el metro tren Temuco-Labranza, que beneficiar\u00e1 a m\u00e1s de 50 mil vecinos con una alternativa de transporte sustentable\u201d.<\/em><\/p>\n\n\n\n<p>Cabe destacar que el congreso es organizado por el Laboratorio Americano de los Paisajes Hist\u00f3ricos de la Producci\u00f3n (Applab), Universidad de Sevilla, Asociaci\u00f3n Universitaria Iberoamericana, Universidad Aut\u00f3noma de Chile, Ministerio de las Culturas, las Artes y el Patrimonio, Servicio Nacional del Patrimonio Cultural, Museo Nacional Ferroviario Pablo Neruda y la Municipalidad de Temuco, cuyo&nbsp;<strong>programa se puede encontrar el sitio&nbsp;<a href=\"https:\/\/www.uautonoma.cl\/congreso-internacional-redapplab-ferrocarril-chile\/\" target=\"_blank\" rel=\"noreferrer noopener\">uautonoma.cl.<\/a>&nbsp;<\/strong>Adem\u00e1s, la inauguraci\u00f3n oficial se realizar\u00e1 el martes 18 de noviembre, a partir de las 08:30 horas en la Casa de las M\u00e1quinas del museo.<\/p>\n\n\n\n<figure class=\"wp-block-image size-large\"><img loading=\"lazy\" decoding=\"async\" width=\"1000\" height=\"750\" src=\"https:\/\/temucotelevision.cl\/web\/wp-content\/uploads\/2025\/11\/FOTO-congreso-internacional-ferroviario-1-1000x750.jpg\" alt=\"\" class=\"wp-image-59240\" srcset=\"https:\/\/temucotelevision.cl\/web\/wp-content\/uploads\/2025\/11\/FOTO-congreso-internacional-ferroviario-1-1000x750.jpg 1000w, https:\/\/temucotelevision.cl\/web\/wp-content\/uploads\/2025\/11\/FOTO-congreso-internacional-ferroviario-1-768x576.jpg 768w, https:\/\/temucotelevision.cl\/web\/wp-content\/uploads\/2025\/11\/FOTO-congreso-internacional-ferroviario-1.jpg 1280w\" sizes=\"auto, (max-width: 1000px) 100vw, 1000px\" \/><\/figure>\n","protected":false},"excerpt":{"rendered":"<div class=\"pvc_clear\"><\/div>\n<p id=\"pvc_stats_59238\" class=\"pvc_stats total_only  \" data-element-id=\"59238\" style=\"\"><i class=\"pvc-stats-icon large\" aria-hidden=\"true\"><svg aria-hidden=\"true\" focusable=\"false\" data-prefix=\"far\" data-icon=\"chart-bar\" role=\"img\" xmlns=\"http:\/\/www.w3.org\/2000\/svg\" viewBox=\"0 0 512 512\" class=\"svg-inline--fa fa-chart-bar fa-w-16 fa-2x\"><path fill=\"currentColor\" d=\"M396.8 352h22.4c6.4 0 12.8-6.4 12.8-12.8V108.8c0-6.4-6.4-12.8-12.8-12.8h-22.4c-6.4 0-12.8 6.4-12.8 12.8v230.4c0 6.4 6.4 12.8 12.8 12.8zm-192 0h22.4c6.4 0 12.8-6.4 12.8-12.8V140.8c0-6.4-6.4-12.8-12.8-12.8h-22.4c-6.4 0-12.8 6.4-12.8 12.8v198.4c0 6.4 6.4 12.8 12.8 12.8zm96 0h22.4c6.4 0 12.8-6.4 12.8-12.8V204.8c0-6.4-6.4-12.8-12.8-12.8h-22.4c-6.4 0-12.8 6.4-12.8 12.8v134.4c0 6.4 6.4 12.8 12.8 12.8zM496 400H48V80c0-8.84-7.16-16-16-16H16C7.16 64 0 71.16 0 80v336c0 17.67 14.33 32 32 32h464c8.84 0 16-7.16 16-16v-16c0-8.84-7.16-16-16-16zm-387.2-48h22.4c6.4 0 12.8-6.4 12.8-12.8v-70.4c0-6.4-6.4-12.8-12.8-12.8h-22.4c-6.4 0-12.8 6.4-12.8 12.8v70.4c0 6.4 6.4 12.8 12.8 12.8z\" class=\"\"><\/path><\/svg><\/i> <img loading=\"lazy\" decoding=\"async\" width=\"16\" height=\"16\" alt=\"Loading\" src=\"https:\/\/temucotelevision.cl\/web\/wp-content\/plugins\/page-views-count\/ajax-loader-2x.gif\" border=0 \/><\/p>\n<div class=\"pvc_clear\"><\/div>\n<p>\u00b7&nbsp;&nbsp;&nbsp;&nbsp;&nbsp;&nbsp;&nbsp;El encuentro gratuito se realizar\u00e1 entre el lunes 17 y viernes 21 de noviembre en el Museo Nacional Ferroviario Pablo<\/p>\n","protected":false},"author":1,"featured_media":59239,"comment_status":"open","ping_status":"open","sticky":false,"template":"","format":"standard","meta":{"colormag_page_container_layout":"default_layout","colormag_page_sidebar_layout":"default_layout","footnotes":""},"categories":[14],"tags":[1445],"class_list":["post-59238","post","type-post","status-publish","format-standard","has-post-thumbnail","hentry","category-temuco","tag-patrimonio"],"a3_pvc":{"activated":true,"total_views":1875,"today_views":0},"_links":{"self":[{"href":"https:\/\/temucotelevision.cl\/web\/wp-json\/wp\/v2\/posts\/59238","targetHints":{"allow":["GET"]}}],"collection":[{"href":"https:\/\/temucotelevision.cl\/web\/wp-json\/wp\/v2\/posts"}],"about":[{"href":"https:\/\/temucotelevision.cl\/web\/wp-json\/wp\/v2\/types\/post"}],"author":[{"embeddable":true,"href":"https:\/\/temucotelevision.cl\/web\/wp-json\/wp\/v2\/users\/1"}],"replies":[{"embeddable":true,"href":"https:\/\/temucotelevision.cl\/web\/wp-json\/wp\/v2\/comments?post=59238"}],"version-history":[{"count":1,"href":"https:\/\/temucotelevision.cl\/web\/wp-json\/wp\/v2\/posts\/59238\/revisions"}],"predecessor-version":[{"id":59241,"href":"https:\/\/temucotelevision.cl\/web\/wp-json\/wp\/v2\/posts\/59238\/revisions\/59241"}],"wp:featuredmedia":[{"embeddable":true,"href":"https:\/\/temucotelevision.cl\/web\/wp-json\/wp\/v2\/media\/59239"}],"wp:attachment":[{"href":"https:\/\/temucotelevision.cl\/web\/wp-json\/wp\/v2\/media?parent=59238"}],"wp:term":[{"taxonomy":"category","embeddable":true,"href":"https:\/\/temucotelevision.cl\/web\/wp-json\/wp\/v2\/categories?post=59238"},{"taxonomy":"post_tag","embeddable":true,"href":"https:\/\/temucotelevision.cl\/web\/wp-json\/wp\/v2\/tags?post=59238"}],"curies":[{"name":"wp","href":"https:\/\/api.w.org\/{rel}","templated":true}]}}