{"id":59232,"date":"2025-11-13T12:18:04","date_gmt":"2025-11-13T15:18:04","guid":{"rendered":"https:\/\/temucotelevision.cl\/web\/?p=59232"},"modified":"2025-11-13T12:18:05","modified_gmt":"2025-11-13T15:18:05","slug":"24-anos-en-la-araucania-el-instituto-teleton-de-temuco-consolida-su-impacto-regional","status":"publish","type":"post","link":"https:\/\/temucotelevision.cl\/web\/2025\/11\/13\/24-anos-en-la-araucania-el-instituto-teleton-de-temuco-consolida-su-impacto-regional\/","title":{"rendered":"24 a\u00f1os en La Araucan\u00eda: el Instituto Telet\u00f3n de Temuco consolida su impacto regional"},"content":{"rendered":"<div class=\"pvc_clear\"><\/div><p id=\"pvc_stats_59232\" class=\"pvc_stats total_only  \" data-element-id=\"59232\" style=\"\"><i class=\"pvc-stats-icon large\" aria-hidden=\"true\"><svg aria-hidden=\"true\" focusable=\"false\" data-prefix=\"far\" data-icon=\"chart-bar\" role=\"img\" xmlns=\"http:\/\/www.w3.org\/2000\/svg\" viewBox=\"0 0 512 512\" class=\"svg-inline--fa fa-chart-bar fa-w-16 fa-2x\"><path fill=\"currentColor\" d=\"M396.8 352h22.4c6.4 0 12.8-6.4 12.8-12.8V108.8c0-6.4-6.4-12.8-12.8-12.8h-22.4c-6.4 0-12.8 6.4-12.8 12.8v230.4c0 6.4 6.4 12.8 12.8 12.8zm-192 0h22.4c6.4 0 12.8-6.4 12.8-12.8V140.8c0-6.4-6.4-12.8-12.8-12.8h-22.4c-6.4 0-12.8 6.4-12.8 12.8v198.4c0 6.4 6.4 12.8 12.8 12.8zm96 0h22.4c6.4 0 12.8-6.4 12.8-12.8V204.8c0-6.4-6.4-12.8-12.8-12.8h-22.4c-6.4 0-12.8 6.4-12.8 12.8v134.4c0 6.4 6.4 12.8 12.8 12.8zM496 400H48V80c0-8.84-7.16-16-16-16H16C7.16 64 0 71.16 0 80v336c0 17.67 14.33 32 32 32h464c8.84 0 16-7.16 16-16v-16c0-8.84-7.16-16-16-16zm-387.2-48h22.4c6.4 0 12.8-6.4 12.8-12.8v-70.4c0-6.4-6.4-12.8-12.8-12.8h-22.4c-6.4 0-12.8 6.4-12.8 12.8v70.4c0 6.4 6.4 12.8 12.8 12.8z\" class=\"\"><\/path><\/svg><\/i> <img loading=\"lazy\" decoding=\"async\" width=\"16\" height=\"16\" alt=\"Loading\" src=\"https:\/\/temucotelevision.cl\/web\/wp-content\/plugins\/page-views-count\/ajax-loader-2x.gif\" border=0 \/><\/p><div class=\"pvc_clear\"><\/div>\n<p><em>En 2024, el instituto realiz\u00f3 74.001 atenciones, 89 cirug\u00edas y recibi\u00f3 a 235 nuevas familias, fortaleciendo adem\u00e1s alianzas en educaci\u00f3n, salud e innovaci\u00f3n.<\/em><\/p>\n\n\n\n<p>Inaugurado el&nbsp;<strong>13 de noviembre de 2001<\/strong>, el Instituto Telet\u00f3n de Temuco fue el&nbsp;<strong>octavo<\/strong>&nbsp;en abrir sus puertas a nivel nacional, ampliando la atenci\u00f3n de&nbsp;<strong>ni\u00f1os, ni\u00f1as y j\u00f3venes<\/strong>&nbsp;de la comuna y de localidades aleda\u00f1as como&nbsp;<strong>Lautaro, Puc\u00f3n, Freire, Cunco y Angol<\/strong>, entre otras.<\/p>\n\n\n\n<p>Durante&nbsp;<strong>2024<\/strong>, el instituto&nbsp;<strong>realiz\u00f3 74.001 atenciones<\/strong>,&nbsp;<strong>recibi\u00f3 a 235 nuevas familias<\/strong>&nbsp;y&nbsp;<strong>concret\u00f3 89 cirug\u00edas<\/strong>. Adem\u00e1s,&nbsp;<strong>fabric\u00f3, entreg\u00f3 o repar\u00f3 3.639 \u00f3rtesis y pr\u00f3tesis<\/strong>&nbsp;y&nbsp;<strong>otorg\u00f3 441 ayudas t\u00e9cnicas<\/strong>.<\/p>\n\n\n\n<p>El equipo de&nbsp;<strong>Telet\u00f3n Temuco<\/strong>&nbsp;est\u00e1 compuesto por&nbsp;<strong>43 profesionales<\/strong>, liderados por el&nbsp;<strong>doctor Iv\u00e1n Barbosa<\/strong>, quien suma&nbsp;<strong>20 a\u00f1os<\/strong>&nbsp;como director. Sus usuarios provienen mayoritariamente de&nbsp;<strong>zonas rurales y\/o vulnerables (70%)<\/strong>, y&nbsp;<strong>m\u00e1s del 30%<\/strong>&nbsp;es de&nbsp;<strong>origen mapuche<\/strong>.<\/p>\n\n\n\n<p>\u201cEl instituto se ha consolidado como referente regional en inclusi\u00f3n y desarrollo humano. Hemos formado profesionales, impulsado convenios con universidades y alianzas con municipalidades, servicios p\u00fablicos y el sector privado, fortaleciendo el trabajo en red y la corresponsabilidad social frente a la discapacidad\u201d, se\u00f1al\u00f3&nbsp;<strong>Iv\u00e1n Barbosa<\/strong>, director del instituto.<\/p>\n\n\n\n<p>En 2024 se firm\u00f3 un&nbsp;<strong>convenio de docencia asistencial<\/strong>&nbsp;para&nbsp;<strong>Odontopediatr\u00eda<\/strong>&nbsp;con la&nbsp;<strong>Universidad de La Frontera<\/strong>, que se suma a los ya existentes con&nbsp;<strong>Kinesiolog\u00eda, Terapia Ocupacional y Fonoaudiolog\u00eda<\/strong>. Asimismo, se mantiene la&nbsp;<strong>alianza de cooperaci\u00f3n cl\u00ednica<\/strong>&nbsp;con el&nbsp;<strong>Hospital Dr. Hern\u00e1n Henr\u00edquez Aravena<\/strong>, que permite la realizaci\u00f3n de&nbsp;<strong>cirug\u00edas menores<\/strong>.<\/p>\n\n\n\n<p>\u201cOtro logro clave es el de nuestras y nuestros usuarios: avances vinculados a inclusi\u00f3n, metas personales, logros deportivos y cierre de etapas importantes. Este a\u00f1o hemos sido testigos de muchos casos que nos llenan de orgullo\u201d, agreg\u00f3&nbsp;<strong>el doctor Barbosa<\/strong>.<\/p>\n\n\n\n<p>El&nbsp;<strong>cierre de la campa\u00f1a Telet\u00f3n 2025<\/strong>&nbsp;se realizar\u00e1 el&nbsp;<strong>28 y 29 de noviembre<\/strong>, con la transmisi\u00f3n por los canales de televisi\u00f3n abierta y un&nbsp;<strong>show de clausura que vuelve al Estadio Nacional<\/strong>. Conoce c\u00f3mo aportar y el trabajo de este y los dem\u00e1s institutos en&nbsp;<a href=\"http:\/\/teleton.cl\/transparencia\"><u><strong>teleton.cl\/transparencia<\/strong><\/u><\/a>.<\/p>\n","protected":false},"excerpt":{"rendered":"<div class=\"pvc_clear\"><\/div>\n<p id=\"pvc_stats_59232\" class=\"pvc_stats total_only  \" data-element-id=\"59232\" style=\"\"><i class=\"pvc-stats-icon large\" aria-hidden=\"true\"><svg aria-hidden=\"true\" focusable=\"false\" data-prefix=\"far\" data-icon=\"chart-bar\" role=\"img\" xmlns=\"http:\/\/www.w3.org\/2000\/svg\" viewBox=\"0 0 512 512\" class=\"svg-inline--fa fa-chart-bar fa-w-16 fa-2x\"><path fill=\"currentColor\" d=\"M396.8 352h22.4c6.4 0 12.8-6.4 12.8-12.8V108.8c0-6.4-6.4-12.8-12.8-12.8h-22.4c-6.4 0-12.8 6.4-12.8 12.8v230.4c0 6.4 6.4 12.8 12.8 12.8zm-192 0h22.4c6.4 0 12.8-6.4 12.8-12.8V140.8c0-6.4-6.4-12.8-12.8-12.8h-22.4c-6.4 0-12.8 6.4-12.8 12.8v198.4c0 6.4 6.4 12.8 12.8 12.8zm96 0h22.4c6.4 0 12.8-6.4 12.8-12.8V204.8c0-6.4-6.4-12.8-12.8-12.8h-22.4c-6.4 0-12.8 6.4-12.8 12.8v134.4c0 6.4 6.4 12.8 12.8 12.8zM496 400H48V80c0-8.84-7.16-16-16-16H16C7.16 64 0 71.16 0 80v336c0 17.67 14.33 32 32 32h464c8.84 0 16-7.16 16-16v-16c0-8.84-7.16-16-16-16zm-387.2-48h22.4c6.4 0 12.8-6.4 12.8-12.8v-70.4c0-6.4-6.4-12.8-12.8-12.8h-22.4c-6.4 0-12.8 6.4-12.8 12.8v70.4c0 6.4 6.4 12.8 12.8 12.8z\" class=\"\"><\/path><\/svg><\/i> <img loading=\"lazy\" decoding=\"async\" width=\"16\" height=\"16\" alt=\"Loading\" src=\"https:\/\/temucotelevision.cl\/web\/wp-content\/plugins\/page-views-count\/ajax-loader-2x.gif\" border=0 \/><\/p>\n<div class=\"pvc_clear\"><\/div>\n<p>En 2024, el instituto realiz\u00f3 74.001 atenciones, 89 cirug\u00edas y recibi\u00f3 a 235 nuevas familias, fortaleciendo adem\u00e1s alianzas en educaci\u00f3n,<\/p>\n","protected":false},"author":1,"featured_media":59233,"comment_status":"open","ping_status":"open","sticky":false,"template":"","format":"standard","meta":{"colormag_page_container_layout":"default_layout","colormag_page_sidebar_layout":"default_layout","footnotes":""},"categories":[15],"tags":[1989],"class_list":["post-59232","post","type-post","status-publish","format-standard","has-post-thumbnail","hentry","category-la-araucania","tag-teleton"],"a3_pvc":{"activated":true,"total_views":1709,"today_views":1},"_links":{"self":[{"href":"https:\/\/temucotelevision.cl\/web\/wp-json\/wp\/v2\/posts\/59232","targetHints":{"allow":["GET"]}}],"collection":[{"href":"https:\/\/temucotelevision.cl\/web\/wp-json\/wp\/v2\/posts"}],"about":[{"href":"https:\/\/temucotelevision.cl\/web\/wp-json\/wp\/v2\/types\/post"}],"author":[{"embeddable":true,"href":"https:\/\/temucotelevision.cl\/web\/wp-json\/wp\/v2\/users\/1"}],"replies":[{"embeddable":true,"href":"https:\/\/temucotelevision.cl\/web\/wp-json\/wp\/v2\/comments?post=59232"}],"version-history":[{"count":1,"href":"https:\/\/temucotelevision.cl\/web\/wp-json\/wp\/v2\/posts\/59232\/revisions"}],"predecessor-version":[{"id":59234,"href":"https:\/\/temucotelevision.cl\/web\/wp-json\/wp\/v2\/posts\/59232\/revisions\/59234"}],"wp:featuredmedia":[{"embeddable":true,"href":"https:\/\/temucotelevision.cl\/web\/wp-json\/wp\/v2\/media\/59233"}],"wp:attachment":[{"href":"https:\/\/temucotelevision.cl\/web\/wp-json\/wp\/v2\/media?parent=59232"}],"wp:term":[{"taxonomy":"category","embeddable":true,"href":"https:\/\/temucotelevision.cl\/web\/wp-json\/wp\/v2\/categories?post=59232"},{"taxonomy":"post_tag","embeddable":true,"href":"https:\/\/temucotelevision.cl\/web\/wp-json\/wp\/v2\/tags?post=59232"}],"curies":[{"name":"wp","href":"https:\/\/api.w.org\/{rel}","templated":true}]}}