{"id":59157,"date":"2025-11-10T19:52:26","date_gmt":"2025-11-10T22:52:26","guid":{"rendered":"https:\/\/temucotelevision.cl\/web\/?p=59157"},"modified":"2025-11-11T13:54:46","modified_gmt":"2025-11-11T16:54:46","slug":"manuel-antonio-alvarez-alvarado-la-musica-me-abrio-un-mundo-sin-limites","status":"publish","type":"post","link":"https:\/\/temucotelevision.cl\/web\/2025\/11\/10\/manuel-antonio-alvarez-alvarado-la-musica-me-abrio-un-mundo-sin-limites\/","title":{"rendered":"Manuel Antonio \u00c1lvarez Alvarado: \u201cLa m\u00fasica me abri\u00f3 un mundo sin l\u00edmites\u201d"},"content":{"rendered":"<div class=\"pvc_clear\"><\/div><p id=\"pvc_stats_59157\" class=\"pvc_stats total_only  \" data-element-id=\"59157\" style=\"\"><i class=\"pvc-stats-icon large\" aria-hidden=\"true\"><svg aria-hidden=\"true\" focusable=\"false\" data-prefix=\"far\" data-icon=\"chart-bar\" role=\"img\" xmlns=\"http:\/\/www.w3.org\/2000\/svg\" viewBox=\"0 0 512 512\" class=\"svg-inline--fa fa-chart-bar fa-w-16 fa-2x\"><path fill=\"currentColor\" d=\"M396.8 352h22.4c6.4 0 12.8-6.4 12.8-12.8V108.8c0-6.4-6.4-12.8-12.8-12.8h-22.4c-6.4 0-12.8 6.4-12.8 12.8v230.4c0 6.4 6.4 12.8 12.8 12.8zm-192 0h22.4c6.4 0 12.8-6.4 12.8-12.8V140.8c0-6.4-6.4-12.8-12.8-12.8h-22.4c-6.4 0-12.8 6.4-12.8 12.8v198.4c0 6.4 6.4 12.8 12.8 12.8zm96 0h22.4c6.4 0 12.8-6.4 12.8-12.8V204.8c0-6.4-6.4-12.8-12.8-12.8h-22.4c-6.4 0-12.8 6.4-12.8 12.8v134.4c0 6.4 6.4 12.8 12.8 12.8zM496 400H48V80c0-8.84-7.16-16-16-16H16C7.16 64 0 71.16 0 80v336c0 17.67 14.33 32 32 32h464c8.84 0 16-7.16 16-16v-16c0-8.84-7.16-16-16-16zm-387.2-48h22.4c6.4 0 12.8-6.4 12.8-12.8v-70.4c0-6.4-6.4-12.8-12.8-12.8h-22.4c-6.4 0-12.8 6.4-12.8 12.8v70.4c0 6.4 6.4 12.8 12.8 12.8z\" class=\"\"><\/path><\/svg><\/i> <img loading=\"lazy\" decoding=\"async\" width=\"16\" height=\"16\" alt=\"Loading\" src=\"https:\/\/temucotelevision.cl\/web\/wp-content\/plugins\/page-views-count\/ajax-loader-2x.gif\" border=0 \/><\/p><div class=\"pvc_clear\"><\/div>\n<p><strong>Con tan s\u00f3lo 22 a\u00f1os, Manuel Antonio \u00c1lvarez Alvarado se despidi\u00f3 esta temporada de la Orquesta Sinf\u00f3nica Juvenil Regional de Biob\u00edo (OSJR Biob\u00edo) tras tres a\u00f1os de intensa formaci\u00f3n y escenarios compartidos. Desde sus inicios autodidactas en el extremo sur en Puerto Natales hasta enfrentar complejos repertorios sinf\u00f3nicos, el flautista repas\u00f3 su viaje art\u00edstico, su v\u00ednculo con FOJI y sus proyecciones como m\u00fasico. \u201cEn la orquesta aprend\u00ed que la m\u00fasica no es individualidad: es comunidad, escucha y confianza\u201d, afirm\u00f3.<\/strong><\/p>\n\n\n\n<p>A sus 22 a\u00f1os,&nbsp;<strong>Manuel Antonio \u00c1lvarez Alvarado<\/strong>, dio uno de sus pasos m\u00e1s importantes y cruciales de su trayectoria musical esta temporada: despedirse de la<strong>&nbsp;Orquesta Sinf\u00f3nica Juvenil del Biob\u00edo<\/strong>, esto luego de tres provechosos y enriquecedores a\u00f1os formando parte de sus filas. Un adi\u00f3s que fue a lo grande y desafiante interpretando en modo solista el \u201cConcertino para flauta y orquesta en&nbsp;<strong>Re Mayor, Opus 107\u201d, de C\u00e9cile Chaminade<\/strong>; y en general, siendo parte de un programa exigente y miscel\u00e1neo. Una constante que vivi\u00f3 desde que lleg\u00f3 a esta agrupaci\u00f3n docta dependiente de la<strong>&nbsp;Fundaci\u00f3n de Orquestas Juveniles e Infantiles de Chile (FOJI).<\/strong><\/p>\n\n\n\n<p><strong>\u201cEn 2023 cuando part\u00ed con la OSJR Biob\u00edo tocamos una obra complej\u00edsima, y eso me empuj\u00f3 a crecer. Ven\u00eda de una orquesta donde a veces no confiaban tanto en nosotros como m\u00fasicos regionales. Aqu\u00ed fue al rev\u00e9s: nos exigieron desde el primer d\u00eda, y eso fue una gran motivaci\u00f3n. Y este 2025, mi \u00faltimo a\u00f1o como becado y bajo la direcci\u00f3n de la maestra Alejandra Rivas, el camino no fue diferente. Ella me dio el espacio para poder finalizar mi formaci\u00f3n aqu\u00ed de una manera extraordinaria, con obras desafiantes y de una belleza sin igual<\/strong>\u201d, expres\u00f3 el int\u00e9rprete de flauta traversa.<\/p>\n\n\n\n<p>Nacido en&nbsp;<strong>Puerto Natales, Regi\u00f3n de Magallanes<\/strong>, este joven m\u00fasico ha construido su camino a punta de persistencia, intuici\u00f3n y amor por la m\u00fasica orquestal.&nbsp;<strong>\u201cLlegu\u00e9 a Concepci\u00f3n en 2021 con una maleta y mi flauta. Y encontr\u00e9 una ciudad que me permiti\u00f3 so\u00f1ar en grande<\/strong>\u201d, afirm\u00f3.<\/p>\n\n\n\n<p>En este sentido,<strong>&nbsp;Manuel<\/strong>&nbsp;ahond\u00f3 sobre aquella procedencia del<strong>&nbsp;Extremo Sur,<\/strong>&nbsp;que, con su geograf\u00eda imponente y ritmo pausado, fue su punto de partida. Un territorio que&nbsp; representaba un entorno con oportunidades limitadas para quienes sue\u00f1an con hacer de la m\u00fasica su vida.<\/p>\n\n\n\n<p>\u201c<strong>En mi ciudad hay pocos caminos. Muchos j\u00f3venes terminan en trabajos repetitivos o formando familia muy temprano. So\u00f1ar es dif\u00edcil all\u00e1. Por eso decid\u00ed moverme: ten\u00eda un amigo en Concepci\u00f3n que me habl\u00f3 de esta ciudad, de su energ\u00eda cultural. Compr\u00e9 un pasaje s\u00f3lo de ida\u201d.<\/strong><\/p>\n\n\n\n<p><strong>El flechazo con la flauta<\/strong><\/p>\n\n\n\n<p>El v\u00ednculo de Manuel con la m\u00fasica tiene algo de azar y tambi\u00e9n de destino. Ten\u00eda 12 a\u00f1os cuando asisti\u00f3 a un concierto escolar en una capilla de<strong>&nbsp;Puerto Natales<\/strong>.&nbsp;<strong>\u201cEstaban tocando la Obertura 1812 de Tchaikovsky Cuando escuch\u00e9 entrar a las flautas sent\u00ed un flechazo inmediato. Supe que quer\u00eda aprender a tocar ese instrumento\u201d.<\/strong><\/p>\n\n\n\n<p>No hab\u00eda profesor de instrumentos de vientos por ese entonces en su ciudad, pero eso no lo detuvo en absoluto.&nbsp;<strong>\u201cMe pasaron la flauta y empec\u00e9 solo, leyendo partituras sencillas. Desde ese d\u00eda no la solt\u00e9 m\u00e1s\u201d.<\/strong><\/p>\n\n\n\n<p>Posteriormente, a&nbsp; los&nbsp;<strong>13 a\u00f1os audicion\u00f3 por primera vez a FOJI.<\/strong>&nbsp;No qued\u00f3, pero la experiencia marc\u00f3 su rumbo. En 2018 ingres\u00f3 a la&nbsp;<strong>Orquesta Sinf\u00f3nica Regional de Magallanes. \u201cGracias a esa beca pude viajar, conocer otros m\u00fasicos y asistir a encuentros. A los 16 a\u00f1os incluso toqu\u00e9 con la Orquesta Sinf\u00f3nica de la Universidad de Magallanes y escuch\u00e9 por primera vez a un flautista profesional. Lejos de intimidarme, me dio m\u00e1s ganas de crecer\u201d<\/strong>.<\/p>\n\n\n\n<p>Si bien la pandemia interrumpi\u00f3 ese camino, alej\u00e1ndolo temporalmente del instrumento, fue en las calles de Concepci\u00f3n, tocando de manera independiente, donde el joven flautista volvi\u00f3 a reencontrarse con la m\u00fasica. Postul\u00f3 y fue aceptado el 2023 para la&nbsp;<strong>OSJR Biob\u00edo,<\/strong>&nbsp;dando as\u00ed inicio a un periodo de maduraci\u00f3n art\u00edstica.<\/p>\n\n\n\n<p><strong>\u201cLlegu\u00e9 con una formaci\u00f3n muy b\u00e1sica y me encontr\u00e9 con un nivel alt\u00edsimo. Al principio ten\u00eda miedo, pero con el tiempo entend\u00ed que la m\u00fasica orquestal no se trata de brillar solo, sino de ser parte de un todo. En este sentido, el trabajo con el profesor Javier Bustos fue fundamental, nos ense\u00f1\u00f3 a dejar el ego atr\u00e1s y a construir juntos un sonido colectivo\u201d.<\/strong><\/p>\n\n\n\n<p>Aunque esta fue su \u00faltima temporada como becado de&nbsp;<strong>FOJI,<\/strong>&nbsp;no significa un cierre, sino m\u00e1s bien un punto de partida para nuevos horizontes musicales.&nbsp;<strong>\u201cQuiero seguir creciendo, viajando, tocando, conectando con otros a trav\u00e9s de la m\u00fasica. Mi paso por la OSJR del Biob\u00edo me dio confianza para seguir so\u00f1ando, incluso m\u00e1s all\u00e1 de los l\u00edmites de donde nac\u00ed\u201d.<\/strong><\/p>\n\n\n\n<p>As\u00ed para&nbsp;<strong>Manuel,<\/strong>&nbsp;m\u00e1s all\u00e1 de la t\u00e9cnica y los escenarios recorridos junto a esta juvenil y talentosa orquesta, se queda con todo lo vivido con el grupo humano detr\u00e1s de la interpretaci\u00f3n de los repertorios, y de todas y todos quienes hacen posible cada detalle de los conciertos.<strong>&nbsp;\u201cLo m\u00e1s valioso de esta experiencia es sentir que formas parte de algo mayor. En la orquesta aprendes a escuchar, a construir juntos. Eso te cambia como m\u00fasico y como ser humano\u201d,<\/strong>&nbsp;finaliz\u00f3 el joven flautista.<\/p>\n\n\n\n<p>El testimonio de este joven m\u00fasico da cuenta, y reafirma, la labor y el rol que desempe\u00f1a la&nbsp;<strong>Fundaci\u00f3n de Orquestas Juveniles e Infantiles (FOJI)<\/strong>&nbsp;como una instituci\u00f3n que no s\u00f3lo entrega herramientas musicales y fomenta la pr\u00e1ctica orquestal, sino que tambi\u00e9n se preocupa de entregar una formaci\u00f3n integral a sus becados y becadas.&nbsp;<\/p>\n\n\n\n<p><strong>FOJI cuenta con el respaldo y financiamiento del Ministerio de las Culturas, las Artes y el Patrimonio. M\u00e1s informaci\u00f3n en su sitio oficial www.foji.cl<\/strong><\/p>\n","protected":false},"excerpt":{"rendered":"<div class=\"pvc_clear\"><\/div>\n<p id=\"pvc_stats_59157\" class=\"pvc_stats total_only  \" data-element-id=\"59157\" style=\"\"><i class=\"pvc-stats-icon large\" aria-hidden=\"true\"><svg aria-hidden=\"true\" focusable=\"false\" data-prefix=\"far\" data-icon=\"chart-bar\" role=\"img\" xmlns=\"http:\/\/www.w3.org\/2000\/svg\" viewBox=\"0 0 512 512\" class=\"svg-inline--fa fa-chart-bar fa-w-16 fa-2x\"><path fill=\"currentColor\" d=\"M396.8 352h22.4c6.4 0 12.8-6.4 12.8-12.8V108.8c0-6.4-6.4-12.8-12.8-12.8h-22.4c-6.4 0-12.8 6.4-12.8 12.8v230.4c0 6.4 6.4 12.8 12.8 12.8zm-192 0h22.4c6.4 0 12.8-6.4 12.8-12.8V140.8c0-6.4-6.4-12.8-12.8-12.8h-22.4c-6.4 0-12.8 6.4-12.8 12.8v198.4c0 6.4 6.4 12.8 12.8 12.8zm96 0h22.4c6.4 0 12.8-6.4 12.8-12.8V204.8c0-6.4-6.4-12.8-12.8-12.8h-22.4c-6.4 0-12.8 6.4-12.8 12.8v134.4c0 6.4 6.4 12.8 12.8 12.8zM496 400H48V80c0-8.84-7.16-16-16-16H16C7.16 64 0 71.16 0 80v336c0 17.67 14.33 32 32 32h464c8.84 0 16-7.16 16-16v-16c0-8.84-7.16-16-16-16zm-387.2-48h22.4c6.4 0 12.8-6.4 12.8-12.8v-70.4c0-6.4-6.4-12.8-12.8-12.8h-22.4c-6.4 0-12.8 6.4-12.8 12.8v70.4c0 6.4 6.4 12.8 12.8 12.8z\" class=\"\"><\/path><\/svg><\/i> <img loading=\"lazy\" decoding=\"async\" width=\"16\" height=\"16\" alt=\"Loading\" src=\"https:\/\/temucotelevision.cl\/web\/wp-content\/plugins\/page-views-count\/ajax-loader-2x.gif\" border=0 \/><\/p>\n<div class=\"pvc_clear\"><\/div>\n<p>Con tan s\u00f3lo 22 a\u00f1os, Manuel Antonio \u00c1lvarez Alvarado se despidi\u00f3 esta temporada de la Orquesta Sinf\u00f3nica Juvenil Regional de<\/p>\n","protected":false},"author":143,"featured_media":59158,"comment_status":"open","ping_status":"open","sticky":false,"template":"","format":"standard","meta":{"colormag_page_container_layout":"default_layout","colormag_page_sidebar_layout":"default_layout","footnotes":""},"categories":[369],"tags":[801],"class_list":["post-59157","post","type-post","status-publish","format-standard","has-post-thumbnail","hentry","category-musica","tag-cantante"],"a3_pvc":{"activated":true,"total_views":843,"today_views":0},"_links":{"self":[{"href":"https:\/\/temucotelevision.cl\/web\/wp-json\/wp\/v2\/posts\/59157","targetHints":{"allow":["GET"]}}],"collection":[{"href":"https:\/\/temucotelevision.cl\/web\/wp-json\/wp\/v2\/posts"}],"about":[{"href":"https:\/\/temucotelevision.cl\/web\/wp-json\/wp\/v2\/types\/post"}],"author":[{"embeddable":true,"href":"https:\/\/temucotelevision.cl\/web\/wp-json\/wp\/v2\/users\/143"}],"replies":[{"embeddable":true,"href":"https:\/\/temucotelevision.cl\/web\/wp-json\/wp\/v2\/comments?post=59157"}],"version-history":[{"count":1,"href":"https:\/\/temucotelevision.cl\/web\/wp-json\/wp\/v2\/posts\/59157\/revisions"}],"predecessor-version":[{"id":59159,"href":"https:\/\/temucotelevision.cl\/web\/wp-json\/wp\/v2\/posts\/59157\/revisions\/59159"}],"wp:featuredmedia":[{"embeddable":true,"href":"https:\/\/temucotelevision.cl\/web\/wp-json\/wp\/v2\/media\/59158"}],"wp:attachment":[{"href":"https:\/\/temucotelevision.cl\/web\/wp-json\/wp\/v2\/media?parent=59157"}],"wp:term":[{"taxonomy":"category","embeddable":true,"href":"https:\/\/temucotelevision.cl\/web\/wp-json\/wp\/v2\/categories?post=59157"},{"taxonomy":"post_tag","embeddable":true,"href":"https:\/\/temucotelevision.cl\/web\/wp-json\/wp\/v2\/tags?post=59157"}],"curies":[{"name":"wp","href":"https:\/\/api.w.org\/{rel}","templated":true}]}}