{"id":59154,"date":"2025-11-10T18:13:29","date_gmt":"2025-11-10T21:13:29","guid":{"rendered":"https:\/\/temucotelevision.cl\/web\/?p=59154"},"modified":"2025-11-10T18:13:30","modified_gmt":"2025-11-10T21:13:30","slug":"master-media-impulsando-la-musica-chilena-y-latina-con-nuevos-lanzamientos","status":"publish","type":"post","link":"https:\/\/temucotelevision.cl\/web\/2025\/11\/10\/master-media-impulsando-la-musica-chilena-y-latina-con-nuevos-lanzamientos\/","title":{"rendered":"Master Media: Impulsando la m\u00fasica chilena y latina con nuevos lanzamientos"},"content":{"rendered":"<div class=\"pvc_clear\"><\/div><p id=\"pvc_stats_59154\" class=\"pvc_stats total_only  \" data-element-id=\"59154\" style=\"\"><i class=\"pvc-stats-icon large\" aria-hidden=\"true\"><svg aria-hidden=\"true\" focusable=\"false\" data-prefix=\"far\" data-icon=\"chart-bar\" role=\"img\" xmlns=\"http:\/\/www.w3.org\/2000\/svg\" viewBox=\"0 0 512 512\" class=\"svg-inline--fa fa-chart-bar fa-w-16 fa-2x\"><path fill=\"currentColor\" d=\"M396.8 352h22.4c6.4 0 12.8-6.4 12.8-12.8V108.8c0-6.4-6.4-12.8-12.8-12.8h-22.4c-6.4 0-12.8 6.4-12.8 12.8v230.4c0 6.4 6.4 12.8 12.8 12.8zm-192 0h22.4c6.4 0 12.8-6.4 12.8-12.8V140.8c0-6.4-6.4-12.8-12.8-12.8h-22.4c-6.4 0-12.8 6.4-12.8 12.8v198.4c0 6.4 6.4 12.8 12.8 12.8zm96 0h22.4c6.4 0 12.8-6.4 12.8-12.8V204.8c0-6.4-6.4-12.8-12.8-12.8h-22.4c-6.4 0-12.8 6.4-12.8 12.8v134.4c0 6.4 6.4 12.8 12.8 12.8zM496 400H48V80c0-8.84-7.16-16-16-16H16C7.16 64 0 71.16 0 80v336c0 17.67 14.33 32 32 32h464c8.84 0 16-7.16 16-16v-16c0-8.84-7.16-16-16-16zm-387.2-48h22.4c6.4 0 12.8-6.4 12.8-12.8v-70.4c0-6.4-6.4-12.8-12.8-12.8h-22.4c-6.4 0-12.8 6.4-12.8 12.8v70.4c0 6.4 6.4 12.8 12.8 12.8z\" class=\"\"><\/path><\/svg><\/i> <img loading=\"lazy\" decoding=\"async\" width=\"16\" height=\"16\" alt=\"Loading\" src=\"https:\/\/temucotelevision.cl\/web\/wp-content\/plugins\/page-views-count\/ajax-loader-2x.gif\" border=0 \/><\/p><div class=\"pvc_clear\"><\/div>\n<p>El sello discogr\u00e1fico chileno&nbsp;<strong>Master Media<\/strong>, reconocido como \u201c<strong>el sello de la m\u00fasica chilena\u201d,<\/strong>&nbsp;reafirma su compromiso con la promoci\u00f3n de&nbsp;<strong>artistas nacionales e internacionales&nbsp;<\/strong>a trav\u00e9s de una cuidada programaci\u00f3n de lanzamientos. Desde sus inicios en 2004,<strong>&nbsp;Master Media<\/strong>&nbsp;ha logrado consolidarse como un referente en la industria musical chilena, posicion\u00e1ndose como distribuidora, promotora y sello de artistas emergentes y consolidados.<\/p>\n\n\n\n<p>Con una mirada que abarca&nbsp;<strong>la m\u00fasica ranchera, la cumbia, el folclore rom\u00e1ntico y la m\u00fasica latina<\/strong>, Master Media est\u00e1 marcando presencia en plataformas digitales, canales tradicionales y nuevas audiencias, manteniendo alianzas estrat\u00e9gicas que fortalecen su proyecci\u00f3n.<\/p>\n\n\n\n<p>A continuaci\u00f3n, presentamos los recientes lanzamientos y pr\u00f3ximos estrenos de la casa discogr\u00e1fica:<\/p>\n\n\n\n<p>El single&nbsp;<strong>\u201cMe Puse Bonito\u201d de la agrupaci\u00f3n chilena Los Machos de la Cumbia&nbsp;<\/strong>se estren\u00f3 el 30 de octubre de 2025 y alcanz\u00f3 m\u00e1s de&nbsp;<strong>6.000 vistas en YouTube&nbsp;<\/strong>en sus tres primeros d\u00edas de difusi\u00f3n.<\/p>\n\n\n\n<p>El estreno de&nbsp;<strong>\u201cTe Metiste en Mi Piel\u201d de Los Bohemios de Chile,<\/strong>&nbsp;tambi\u00e9n el 30 de octubre de 2025, posiciona a esta agrupaci\u00f3n como una promesa de la&nbsp;<strong>cumbia ranchera rom\u00e1ntica.<\/strong><\/p>\n\n\n\n<p>El tema \u201c<strong>El Lirio\u201d del joven grupo revelaci\u00f3n Los 4 Ases de la Cumbia<\/strong>&nbsp;se lanz\u00f3 el 23 de octubre de 2025, sumando fuerza a la escena emergente de la cumbia ranchera.<\/p>\n\n\n\n<p><strong>Pr\u00f3ximos lanzamientos:<\/strong><\/p>\n\n\n\n<p>El 19 de noviembre de 2025 se espera \u201c<strong>Disimula\u201d de la agrupaci\u00f3n Chumbekes.<\/strong><\/p>\n\n\n\n<p>El 13 de noviembre de 2025 llegar\u00e1 el \u00e1lbum&nbsp;<strong>\u201cEcos del Alma\u201d de la cantautora de folclore rom\u00e1ntico Karina Fuentes.<\/strong><\/p>\n\n\n\n<p>Ese mismo d\u00eda, 13 de noviembre de 2025, estar\u00e1 disponible el single&nbsp;<strong>\u201cCerveza\u201d de Rub\u00e9n \u201cXute\u201d Orrego y su banda La Super Banda de Vallenar The Real.<\/strong><\/p>\n\n\n\n<p>Tambi\u00e9n para el 13 de noviembre de 2025 se anuncia el estreno internacional de la talentosa artista&nbsp;<strong>Stefy Ayala con su canci\u00f3n \u201cMala Praxis\u201d.<\/strong><\/p>\n\n\n\n<p><strong>Sobre Master Media:<\/strong><\/p>\n\n\n\n<p>Desde su fundaci\u00f3n,&nbsp;<strong>Master Media<\/strong>&nbsp;ha desarrollado un s\u00f3lido cat\u00e1logo nacional, apostando por la m\u00fasica popular chilena, la cumbia ranchera, el folclore, y la difusi\u00f3n internacional de sus artistas.&nbsp;<strong>En 2025, el sello celebr\u00f3 sus 25 a\u00f1os<\/strong>&nbsp;reafirmando su liderazgo como impulsor de la m\u00fasica nacional y su proyecci\u00f3n hacia mercados latinos e internacionales.<\/p>\n\n\n\n<figure class=\"wp-block-embed is-type-video is-provider-youtube wp-block-embed-youtube wp-embed-aspect-16-9 wp-has-aspect-ratio\"><div class=\"wp-block-embed__wrapper\">\n<div class=\"epyt-video-wrapper\"><iframe loading=\"lazy\"  id=\"_ytid_89986\"  width=\"800\" height=\"450\"  data-origwidth=\"800\" data-origheight=\"450\" src=\"https:\/\/www.youtube.com\/embed\/YtaZJr57IJw?enablejsapi=1&#038;autoplay=0&#038;cc_load_policy=0&#038;cc_lang_pref=&#038;iv_load_policy=1&#038;loop=0&#038;rel=1&#038;fs=1&#038;playsinline=0&#038;autohide=2&#038;theme=dark&#038;color=red&#038;controls=1&#038;disablekb=0&#038;\" class=\"__youtube_prefs__  epyt-is-override  no-lazyload\" title=\"YouTube player\"  allow=\"fullscreen; accelerometer; autoplay; clipboard-write; encrypted-media; gyroscope; picture-in-picture; web-share\" referrerpolicy=\"strict-origin-when-cross-origin\" allowfullscreen data-no-lazy=\"1\" data-skipgform_ajax_framebjll=\"\"><\/iframe><\/div>\n<\/div><\/figure>\n","protected":false},"excerpt":{"rendered":"<div class=\"pvc_clear\"><\/div>\n<p id=\"pvc_stats_59154\" class=\"pvc_stats total_only  \" data-element-id=\"59154\" style=\"\"><i class=\"pvc-stats-icon large\" aria-hidden=\"true\"><svg aria-hidden=\"true\" focusable=\"false\" data-prefix=\"far\" data-icon=\"chart-bar\" role=\"img\" xmlns=\"http:\/\/www.w3.org\/2000\/svg\" viewBox=\"0 0 512 512\" class=\"svg-inline--fa fa-chart-bar fa-w-16 fa-2x\"><path fill=\"currentColor\" d=\"M396.8 352h22.4c6.4 0 12.8-6.4 12.8-12.8V108.8c0-6.4-6.4-12.8-12.8-12.8h-22.4c-6.4 0-12.8 6.4-12.8 12.8v230.4c0 6.4 6.4 12.8 12.8 12.8zm-192 0h22.4c6.4 0 12.8-6.4 12.8-12.8V140.8c0-6.4-6.4-12.8-12.8-12.8h-22.4c-6.4 0-12.8 6.4-12.8 12.8v198.4c0 6.4 6.4 12.8 12.8 12.8zm96 0h22.4c6.4 0 12.8-6.4 12.8-12.8V204.8c0-6.4-6.4-12.8-12.8-12.8h-22.4c-6.4 0-12.8 6.4-12.8 12.8v134.4c0 6.4 6.4 12.8 12.8 12.8zM496 400H48V80c0-8.84-7.16-16-16-16H16C7.16 64 0 71.16 0 80v336c0 17.67 14.33 32 32 32h464c8.84 0 16-7.16 16-16v-16c0-8.84-7.16-16-16-16zm-387.2-48h22.4c6.4 0 12.8-6.4 12.8-12.8v-70.4c0-6.4-6.4-12.8-12.8-12.8h-22.4c-6.4 0-12.8 6.4-12.8 12.8v70.4c0 6.4 6.4 12.8 12.8 12.8z\" class=\"\"><\/path><\/svg><\/i> <img loading=\"lazy\" decoding=\"async\" width=\"16\" height=\"16\" alt=\"Loading\" src=\"https:\/\/temucotelevision.cl\/web\/wp-content\/plugins\/page-views-count\/ajax-loader-2x.gif\" border=0 \/><\/p>\n<div class=\"pvc_clear\"><\/div>\n<p>El sello discogr\u00e1fico chileno&nbsp;Master Media, reconocido como \u201cel sello de la m\u00fasica chilena\u201d,&nbsp;reafirma su compromiso con la promoci\u00f3n de&nbsp;artistas nacionales<\/p>\n","protected":false},"author":143,"featured_media":59155,"comment_status":"open","ping_status":"open","sticky":false,"template":"","format":"standard","meta":{"colormag_page_container_layout":"default_layout","colormag_page_sidebar_layout":"default_layout","footnotes":""},"categories":[369],"tags":[],"class_list":["post-59154","post","type-post","status-publish","format-standard","has-post-thumbnail","hentry","category-musica"],"a3_pvc":{"activated":true,"total_views":33,"today_views":0},"_links":{"self":[{"href":"https:\/\/temucotelevision.cl\/web\/wp-json\/wp\/v2\/posts\/59154","targetHints":{"allow":["GET"]}}],"collection":[{"href":"https:\/\/temucotelevision.cl\/web\/wp-json\/wp\/v2\/posts"}],"about":[{"href":"https:\/\/temucotelevision.cl\/web\/wp-json\/wp\/v2\/types\/post"}],"author":[{"embeddable":true,"href":"https:\/\/temucotelevision.cl\/web\/wp-json\/wp\/v2\/users\/143"}],"replies":[{"embeddable":true,"href":"https:\/\/temucotelevision.cl\/web\/wp-json\/wp\/v2\/comments?post=59154"}],"version-history":[{"count":1,"href":"https:\/\/temucotelevision.cl\/web\/wp-json\/wp\/v2\/posts\/59154\/revisions"}],"predecessor-version":[{"id":59156,"href":"https:\/\/temucotelevision.cl\/web\/wp-json\/wp\/v2\/posts\/59154\/revisions\/59156"}],"wp:featuredmedia":[{"embeddable":true,"href":"https:\/\/temucotelevision.cl\/web\/wp-json\/wp\/v2\/media\/59155"}],"wp:attachment":[{"href":"https:\/\/temucotelevision.cl\/web\/wp-json\/wp\/v2\/media?parent=59154"}],"wp:term":[{"taxonomy":"category","embeddable":true,"href":"https:\/\/temucotelevision.cl\/web\/wp-json\/wp\/v2\/categories?post=59154"},{"taxonomy":"post_tag","embeddable":true,"href":"https:\/\/temucotelevision.cl\/web\/wp-json\/wp\/v2\/tags?post=59154"}],"curies":[{"name":"wp","href":"https:\/\/api.w.org\/{rel}","templated":true}]}}