{"id":58958,"date":"2025-11-03T16:45:50","date_gmt":"2025-11-03T19:45:50","guid":{"rendered":"https:\/\/temucotelevision.cl\/web\/?p=58958"},"modified":"2025-11-04T08:27:04","modified_gmt":"2025-11-04T11:27:04","slug":"kella-stambuk-estrena-su-nuevo-single-aves-errantes-con-un-sonido-innovador","status":"publish","type":"post","link":"https:\/\/temucotelevision.cl\/web\/2025\/11\/03\/kella-stambuk-estrena-su-nuevo-single-aves-errantes-con-un-sonido-innovador\/","title":{"rendered":"Kella Stambuk estrena su nuevo single \u2018Aves Errantes\u2019 con un sonido innovador"},"content":{"rendered":"<div class=\"pvc_clear\"><\/div><p id=\"pvc_stats_58958\" class=\"pvc_stats total_only  \" data-element-id=\"58958\" style=\"\"><i class=\"pvc-stats-icon large\" aria-hidden=\"true\"><svg aria-hidden=\"true\" focusable=\"false\" data-prefix=\"far\" data-icon=\"chart-bar\" role=\"img\" xmlns=\"http:\/\/www.w3.org\/2000\/svg\" viewBox=\"0 0 512 512\" class=\"svg-inline--fa fa-chart-bar fa-w-16 fa-2x\"><path fill=\"currentColor\" d=\"M396.8 352h22.4c6.4 0 12.8-6.4 12.8-12.8V108.8c0-6.4-6.4-12.8-12.8-12.8h-22.4c-6.4 0-12.8 6.4-12.8 12.8v230.4c0 6.4 6.4 12.8 12.8 12.8zm-192 0h22.4c6.4 0 12.8-6.4 12.8-12.8V140.8c0-6.4-6.4-12.8-12.8-12.8h-22.4c-6.4 0-12.8 6.4-12.8 12.8v198.4c0 6.4 6.4 12.8 12.8 12.8zm96 0h22.4c6.4 0 12.8-6.4 12.8-12.8V204.8c0-6.4-6.4-12.8-12.8-12.8h-22.4c-6.4 0-12.8 6.4-12.8 12.8v134.4c0 6.4 6.4 12.8 12.8 12.8zM496 400H48V80c0-8.84-7.16-16-16-16H16C7.16 64 0 71.16 0 80v336c0 17.67 14.33 32 32 32h464c8.84 0 16-7.16 16-16v-16c0-8.84-7.16-16-16-16zm-387.2-48h22.4c6.4 0 12.8-6.4 12.8-12.8v-70.4c0-6.4-6.4-12.8-12.8-12.8h-22.4c-6.4 0-12.8 6.4-12.8 12.8v70.4c0 6.4 6.4 12.8 12.8 12.8z\" class=\"\"><\/path><\/svg><\/i> <img loading=\"lazy\" decoding=\"async\" width=\"16\" height=\"16\" alt=\"Loading\" src=\"https:\/\/temucotelevision.cl\/web\/wp-content\/plugins\/page-views-count\/ajax-loader-2x.gif\" border=0 \/><\/p><div class=\"pvc_clear\"><\/div>\n<p><strong>La compositora sigue explorando nuevos horizontes musicales, posicion\u00e1ndose como una de las voces m\u00e1s innovadoras y emotivas de la m\u00fasica chilena. Con una carrera en ascenso, Kella Stambuk cuenta con diversas giras nacionales y en M\u00e9xico.<\/strong><\/p>\n\n\n\n<p>La cantautora chilena&nbsp;<a href=\"https:\/\/www.instagram.com\/kellastambuk\/\" target=\"_blank\" rel=\"noreferrer noopener\">Kella Stambuk<\/a>&nbsp;presenta&nbsp;<strong>\u201cAves Errantes\u201d<\/strong>, un nuevo cap\u00edtulo en su carrera musical que combina la pasi\u00f3n, la creatividad y la sensibilidad. Esta canci\u00f3n es un adelanto de su pr\u00f3ximo disco, y es una oda a la libertad y la b\u00fasqueda de la identidad para que puedas sumergirte en su mundo sonoro y emocional. El estreno de&nbsp;<strong>\u201cAves Errantes\u201d<\/strong>&nbsp;viene acompa\u00f1ado de un videoclip emotivo que complementa la intensidad de la canci\u00f3n.<\/p>\n\n\n\n<p><strong>\u201cAves Errantes\u201d<\/strong>&nbsp;es una obra que se mueve con naturalidad entre lo cinematogr\u00e1fico, el dream pop, el rock y el pop alternativo, logrando una mezcla rica en matices sonoros. Las guitarras atmosf\u00e9ricas, los sintetizadores envolventes y la base r\u00edtmica precisa sostienen la interpretaci\u00f3n vocal de&nbsp;<strong>Kella<\/strong>, cuya voz profunda, expresiva y llena de alma, se convierte en el eje emocional de la canci\u00f3n.<\/p>\n\n\n\n<p>Con una l\u00edrica, cargada de met\u00e1foras y una atm\u00f3sfera introspectiva, el sencillo evoca paisajes sonoros donde el movimiento, el deseo y la melancol\u00eda se entrelazan. Compuesta por&nbsp;<a href=\"https:\/\/www.instagram.com\/kellastambuk\/\" target=\"_blank\" rel=\"noreferrer noopener\">Kella Stambuk<\/a>, explora la dualidad entre la libertad, la pertenencia, la necesidad de volar y el deseo de encontrar un refugio emocional.<\/p>\n\n\n\n<p>La producci\u00f3n musical, mezcla y masterizaci\u00f3n estuvieron a cargo del reconocido m\u00fasico y productor&nbsp;<strong>Mariano Pavez,<\/strong>&nbsp;quien aport\u00f3 su experiencia t\u00e9cnica y est\u00e9tica para construir un sonido envolvente, detallado y moderno. El resultado es una producci\u00f3n cuidada, donde cada instrumento y textura refuerzan el tono cinematogr\u00e1fico y on\u00edrico de la composici\u00f3n.<br>El videoclip de<strong>&nbsp;\u201cAves Errantes\u201d,<\/strong>&nbsp;dirigido por&nbsp;<strong>\u00c1lvaro Pruneda,<\/strong>&nbsp;es una met\u00e1fora visual del alma que busca elevarse, incluso cuando nadie parece mirar. La artista&nbsp;<a href=\"https:\/\/www.instagram.com\/kellastambuk\/\" target=\"_blank\" rel=\"noreferrer noopener\">Kella Stambuk&nbsp;<\/a>aparece sola entre el p\u00fablico, observando con atenci\u00f3n una obra interpretada por una joven llena de sue\u00f1os y esperanzas, rol encarnado por la actriz&nbsp;<strong>Fernanda Broughton.<\/strong><\/p>\n\n\n\n<p>Con este lanzamiento,&nbsp;<a href=\"https:\/\/www.instagram.com\/kellastambuk\/\" target=\"_blank\" rel=\"noreferrer noopener\">Kella Stambuk<\/a>&nbsp;se reafirma como una de las voces m\u00e1s interesantes y sensibles de la escena chilena actual. \u201cAves Errantes\u201d es una experiencia sensorial y emocional que invita a dejarse llevar por los cielos de la libertad interior.<\/p>\n\n\n\n<p><strong>M\u00e1s sobre Kella Stambuk:<\/strong><\/p>\n\n\n\n<p><strong>Kella Stambuk<\/strong>&nbsp;es una cantautora chilena con una trayectoria destacada en la escena musical nacional. Ha participado en eventos relevantes como la<strong>&nbsp;Feria Pulsar 2017<\/strong>&nbsp;y ha realizado giras promocionales por&nbsp;<strong>M\u00e9xico.<\/strong>&nbsp;Su m\u00fasica se caracteriza por la fusi\u00f3n de estilos, la sensibilidad po\u00e9tica y una voz cargada de alma.<\/p>\n\n\n\n<figure class=\"wp-block-embed is-type-video is-provider-youtube wp-block-embed-youtube wp-embed-aspect-16-9 wp-has-aspect-ratio\"><div class=\"wp-block-embed__wrapper\">\n<div class=\"epyt-video-wrapper\"><iframe loading=\"lazy\"  id=\"_ytid_88985\"  width=\"800\" height=\"450\"  data-origwidth=\"800\" data-origheight=\"450\" src=\"https:\/\/www.youtube.com\/embed\/X6gjuOUPWco?enablejsapi=1&#038;autoplay=0&#038;cc_load_policy=0&#038;cc_lang_pref=&#038;iv_load_policy=1&#038;loop=0&#038;rel=1&#038;fs=1&#038;playsinline=0&#038;autohide=2&#038;theme=dark&#038;color=red&#038;controls=1&#038;disablekb=0&#038;\" class=\"__youtube_prefs__  epyt-is-override  no-lazyload\" title=\"YouTube player\"  allow=\"fullscreen; accelerometer; autoplay; clipboard-write; encrypted-media; gyroscope; picture-in-picture; web-share\" referrerpolicy=\"strict-origin-when-cross-origin\" allowfullscreen data-no-lazy=\"1\" data-skipgform_ajax_framebjll=\"\"><\/iframe><\/div>\n<\/div><\/figure>\n","protected":false},"excerpt":{"rendered":"<div class=\"pvc_clear\"><\/div>\n<p id=\"pvc_stats_58958\" class=\"pvc_stats total_only  \" data-element-id=\"58958\" style=\"\"><i class=\"pvc-stats-icon large\" aria-hidden=\"true\"><svg aria-hidden=\"true\" focusable=\"false\" data-prefix=\"far\" data-icon=\"chart-bar\" role=\"img\" xmlns=\"http:\/\/www.w3.org\/2000\/svg\" viewBox=\"0 0 512 512\" class=\"svg-inline--fa fa-chart-bar fa-w-16 fa-2x\"><path fill=\"currentColor\" d=\"M396.8 352h22.4c6.4 0 12.8-6.4 12.8-12.8V108.8c0-6.4-6.4-12.8-12.8-12.8h-22.4c-6.4 0-12.8 6.4-12.8 12.8v230.4c0 6.4 6.4 12.8 12.8 12.8zm-192 0h22.4c6.4 0 12.8-6.4 12.8-12.8V140.8c0-6.4-6.4-12.8-12.8-12.8h-22.4c-6.4 0-12.8 6.4-12.8 12.8v198.4c0 6.4 6.4 12.8 12.8 12.8zm96 0h22.4c6.4 0 12.8-6.4 12.8-12.8V204.8c0-6.4-6.4-12.8-12.8-12.8h-22.4c-6.4 0-12.8 6.4-12.8 12.8v134.4c0 6.4 6.4 12.8 12.8 12.8zM496 400H48V80c0-8.84-7.16-16-16-16H16C7.16 64 0 71.16 0 80v336c0 17.67 14.33 32 32 32h464c8.84 0 16-7.16 16-16v-16c0-8.84-7.16-16-16-16zm-387.2-48h22.4c6.4 0 12.8-6.4 12.8-12.8v-70.4c0-6.4-6.4-12.8-12.8-12.8h-22.4c-6.4 0-12.8 6.4-12.8 12.8v70.4c0 6.4 6.4 12.8 12.8 12.8z\" class=\"\"><\/path><\/svg><\/i> <img loading=\"lazy\" decoding=\"async\" width=\"16\" height=\"16\" alt=\"Loading\" src=\"https:\/\/temucotelevision.cl\/web\/wp-content\/plugins\/page-views-count\/ajax-loader-2x.gif\" border=0 \/><\/p>\n<div class=\"pvc_clear\"><\/div>\n<p>La compositora sigue explorando nuevos horizontes musicales, posicion\u00e1ndose como una de las voces m\u00e1s innovadoras y emotivas de la m\u00fasica<\/p>\n","protected":false},"author":143,"featured_media":58960,"comment_status":"open","ping_status":"open","sticky":false,"template":"","format":"standard","meta":{"colormag_page_container_layout":"default_layout","colormag_page_sidebar_layout":"default_layout","footnotes":""},"categories":[369],"tags":[],"class_list":["post-58958","post","type-post","status-publish","format-standard","has-post-thumbnail","hentry","category-musica"],"a3_pvc":{"activated":true,"total_views":812,"today_views":0},"_links":{"self":[{"href":"https:\/\/temucotelevision.cl\/web\/wp-json\/wp\/v2\/posts\/58958","targetHints":{"allow":["GET"]}}],"collection":[{"href":"https:\/\/temucotelevision.cl\/web\/wp-json\/wp\/v2\/posts"}],"about":[{"href":"https:\/\/temucotelevision.cl\/web\/wp-json\/wp\/v2\/types\/post"}],"author":[{"embeddable":true,"href":"https:\/\/temucotelevision.cl\/web\/wp-json\/wp\/v2\/users\/143"}],"replies":[{"embeddable":true,"href":"https:\/\/temucotelevision.cl\/web\/wp-json\/wp\/v2\/comments?post=58958"}],"version-history":[{"count":1,"href":"https:\/\/temucotelevision.cl\/web\/wp-json\/wp\/v2\/posts\/58958\/revisions"}],"predecessor-version":[{"id":58961,"href":"https:\/\/temucotelevision.cl\/web\/wp-json\/wp\/v2\/posts\/58958\/revisions\/58961"}],"wp:featuredmedia":[{"embeddable":true,"href":"https:\/\/temucotelevision.cl\/web\/wp-json\/wp\/v2\/media\/58960"}],"wp:attachment":[{"href":"https:\/\/temucotelevision.cl\/web\/wp-json\/wp\/v2\/media?parent=58958"}],"wp:term":[{"taxonomy":"category","embeddable":true,"href":"https:\/\/temucotelevision.cl\/web\/wp-json\/wp\/v2\/categories?post=58958"},{"taxonomy":"post_tag","embeddable":true,"href":"https:\/\/temucotelevision.cl\/web\/wp-json\/wp\/v2\/tags?post=58958"}],"curies":[{"name":"wp","href":"https:\/\/api.w.org\/{rel}","templated":true}]}}