{"id":58867,"date":"2025-10-30T13:29:49","date_gmt":"2025-10-30T16:29:49","guid":{"rendered":"https:\/\/temucotelevision.cl\/web\/?p=58867"},"modified":"2025-10-30T13:29:50","modified_gmt":"2025-10-30T16:29:50","slug":"alcalde-neira-entrega-carta-al-ministro-grau-y-solicita-financiamiento-2026-para-reconstruccion-del-mercado-municipal-de-temuco","status":"publish","type":"post","link":"https:\/\/temucotelevision.cl\/web\/2025\/10\/30\/alcalde-neira-entrega-carta-al-ministro-grau-y-solicita-financiamiento-2026-para-reconstruccion-del-mercado-municipal-de-temuco\/","title":{"rendered":"Alcalde Neira entrega carta al Ministro Grau y solicita financiamiento 2026 para reconstrucci\u00f3n del Mercado Municipal de Temuco"},"content":{"rendered":"<div class=\"pvc_clear\"><\/div><p id=\"pvc_stats_58867\" class=\"pvc_stats total_only  \" data-element-id=\"58867\" style=\"\"><i class=\"pvc-stats-icon large\" aria-hidden=\"true\"><svg aria-hidden=\"true\" focusable=\"false\" data-prefix=\"far\" data-icon=\"chart-bar\" role=\"img\" xmlns=\"http:\/\/www.w3.org\/2000\/svg\" viewBox=\"0 0 512 512\" class=\"svg-inline--fa fa-chart-bar fa-w-16 fa-2x\"><path fill=\"currentColor\" d=\"M396.8 352h22.4c6.4 0 12.8-6.4 12.8-12.8V108.8c0-6.4-6.4-12.8-12.8-12.8h-22.4c-6.4 0-12.8 6.4-12.8 12.8v230.4c0 6.4 6.4 12.8 12.8 12.8zm-192 0h22.4c6.4 0 12.8-6.4 12.8-12.8V140.8c0-6.4-6.4-12.8-12.8-12.8h-22.4c-6.4 0-12.8 6.4-12.8 12.8v198.4c0 6.4 6.4 12.8 12.8 12.8zm96 0h22.4c6.4 0 12.8-6.4 12.8-12.8V204.8c0-6.4-6.4-12.8-12.8-12.8h-22.4c-6.4 0-12.8 6.4-12.8 12.8v134.4c0 6.4 6.4 12.8 12.8 12.8zM496 400H48V80c0-8.84-7.16-16-16-16H16C7.16 64 0 71.16 0 80v336c0 17.67 14.33 32 32 32h464c8.84 0 16-7.16 16-16v-16c0-8.84-7.16-16-16-16zm-387.2-48h22.4c6.4 0 12.8-6.4 12.8-12.8v-70.4c0-6.4-6.4-12.8-12.8-12.8h-22.4c-6.4 0-12.8 6.4-12.8 12.8v70.4c0 6.4 6.4 12.8 12.8 12.8z\" class=\"\"><\/path><\/svg><\/i> <img loading=\"lazy\" decoding=\"async\" width=\"16\" height=\"16\" alt=\"Loading\" src=\"https:\/\/temucotelevision.cl\/web\/wp-content\/plugins\/page-views-count\/ajax-loader-2x.gif\" border=0 \/><\/p><div class=\"pvc_clear\"><\/div>\n<p>\u201c<em><strong>Esto es muy importante el respaldo alcanzado para este alcalde, no estamos peleando solos por el Mercado Municipal de Temuco. Lo defendemos junto a la ciudadan\u00eda y los parlamentarios de todos los sectores\u201d, se\u00f1al\u00f3 la m\u00e1xima autoridad comunal posterior a la entrega de la carta a los Ministros Grau y Elizalde.<\/strong><\/em><\/p>\n\n\n\n<p>El alcalde Roberto Neira, concret\u00f3 la entrega formal de una carta al Ministro de Hacienda en el Congreso Nacional, la cual lleva la firma de una bancada parlamentaria transversal de senadores y diputados, para el financiamiento de la reconstrucci\u00f3n del Mercado de Temuco, un espacio icono de la cultura e historia regional que espera hoy por el compromiso del Ejecutivo para incorporar en la glosa del presupuesto del pr\u00f3ximo a\u00f1o este relevante proyecto.<\/p>\n\n\n\n<p>La carta detalla que, si bien la obra se inici\u00f3 en 2019, ha sufrido m\u00faltiples paralizaciones y una serie de factores (incluida la insolvencia econ\u00f3mica de la empresa a cargo en 2023) que han impedido su avance, generando un notorio atraso. El documento destaca que el Mercado no es solo una infraestructura comercial, sino un s\u00edmbolo de uni\u00f3n cultural, un punto de encuentro y un elemento de alto valor patrimonial (albergando a cerca de 140 locatarios) para la comuna y la regi\u00f3n, por lo que su ubicaci\u00f3n c\u00e9ntrica e hist\u00f3rica lo convierte en un pilar econ\u00f3mico y de identidad regional.<\/p>\n\n\n\n<p><a><\/a>El documento que refleja el trabajo y la unidad transversal de los parlamentarios de La Araucan\u00eda, reconoce la relevancia del Mercado para la regi\u00f3n. \u201cQuiero agradecer, en primer lugar, a los parlamentarios que, de manera transversal, respondieron al llamado de este alcalde, la Municipalidad de Temuco y el Concejo Municipal para trabajar una glosa presupuestaria en el presupuesto nacional. El lunes me reun\u00ed con el ministro del Interior, a quien present\u00e9 la carta firmada por todos los parlamentarios. Este respaldo es tremendo, ya que apuesta al financiamiento del Mercado Municipal mediante dicha glosa en el presupuesto nacional\u201d, coment\u00f3 el alcalde Neira.<\/p>\n\n\n\n<p>El alcalde tambi\u00e9n agreg\u00f3, \u201cel ministro Grau recibi\u00f3 la carta firmada por todos los parlamentarios y se comprometi\u00f3 a analizar la posibilidad de concretar este financiamiento trianual para la reconstrucci\u00f3n del Mercado Municipal. Entregamos una propuesta de glosa presupuestaria, respaldada por los parlamentarios, quienes apoyaron esta moci\u00f3n de manera transversal. Esto es muy importante el respaldo alcanzado para este alcalde, no estamos peleando solos por el Mercado Municipal de Temuco. Lo defendemos junto a la ciudadan\u00eda y los parlamentarios de todos los sectores\u201d, concluy\u00f3.<\/p>\n\n\n\n<p>Para destrabar definitivamente el proyecto, los parlamentarios solicitan al Ministro dar continuidad a la gesti\u00f3n y asegurar el compromiso del 100% del financiamiento total para el a\u00f1o 2026. Esta solicitud se basa en la necesidad de cubrir el d\u00e9ficit presupuestario actual que presenta la reformulaci\u00f3n de la nueva licitaci\u00f3n, asegurando $34 mil millones, a trav\u00e9s del presupuesto nacional 2026. Por ello, han solicitado una audiencia formal bajo la figura de la &#8220;Bancada Parlamentaria del Mercado&#8221; para abordar las materias presupuestarias y cerrar el proceso de adjudicaci\u00f3n pendiente, permitiendo que esta obra emblem\u00e1tica por fin sea ejecutada.<\/p>\n\n\n\n<p>El senador Jaime Quintana destac\u00f3 la convocatoria transversal del alcalde de Temuco, Roberto Neira, para defender y concretar la reconstrucci\u00f3n del Mercado Municipal, una obra emblem\u00e1tica para la ciudad y La Araucan\u00eda, diciendo que, \u201cnos ha convocado a todos los parlamentarios de la regi\u00f3n, sin distinci\u00f3n pol\u00edtica, a llevar adelante la licitaci\u00f3n y finalizar esta obra clave. Nadie puede restarse, ning\u00fan sector, parlamentario ni instituci\u00f3n\u201d, enfatiz\u00f3.<\/p>\n\n\n\n<p>La senadora Carmen Gloria Aravena felicit\u00f3 y agradeci\u00f3 al alcalde Neira, por la reuni\u00f3n clave para avanzar en la firma que impulsar\u00e1 la reconstrucci\u00f3n del Mercado Municipal diciendo que, \u201ceste mercado es de todo Chile y de La Araucan\u00eda entera. Todos debemos comprometernos a reimpulsarlo como foco permanente de desarrollo tur\u00edstico, oportunidades de negocio y, sobre todo, porque lo llevamos en el coraz\u00f3n\u201d, expres\u00f3 la parlamentaria.<\/p>\n\n\n\n<p>Durante la jornada el alcalde junto a parlamentarios de la regi\u00f3n logr\u00f3 concretar, tambi\u00e9n, importantes gestiones en Santiago, incluyendo, una reuni\u00f3n con el Ministro del Interior en un esfuerzo por asegurar el financiamiento para la reconstrucci\u00f3n del Mercado Municipal de Temuco en el presupuesto 2026.<\/p>\n\n\n\n<p>Cabe destacar que la carta cont\u00f3 con la firma y respaldo de los Senadores Jaime Quintana, Jos\u00e9 Garc\u00eda Ruminot, Carmen Gloria Aravena, Felipe Kast y Francisco Huenchumilla. Por otro lado, los diputados Henry Leal, Ericka \u00d1anco, Miguel Becker, Stephan Schubert, Jorge Saffirio y Miguel Mellado, tambi\u00e9n son parte de la bancada transversal solicitante del financiamiento.&nbsp;<\/p>\n\n\n\n<figure class=\"wp-block-image size-large\"><img loading=\"lazy\" decoding=\"async\" width=\"1000\" height=\"750\" src=\"https:\/\/temucotelevision.cl\/web\/wp-content\/uploads\/2025\/10\/WhatsApp-Image-2025-10-30-at-11.23.00-1000x750.jpeg\" alt=\"\" class=\"wp-image-58869\" srcset=\"https:\/\/temucotelevision.cl\/web\/wp-content\/uploads\/2025\/10\/WhatsApp-Image-2025-10-30-at-11.23.00-1000x750.jpeg 1000w, https:\/\/temucotelevision.cl\/web\/wp-content\/uploads\/2025\/10\/WhatsApp-Image-2025-10-30-at-11.23.00-768x576.jpeg 768w, https:\/\/temucotelevision.cl\/web\/wp-content\/uploads\/2025\/10\/WhatsApp-Image-2025-10-30-at-11.23.00.jpeg 1280w\" sizes=\"auto, (max-width: 1000px) 100vw, 1000px\" \/><\/figure>\n","protected":false},"excerpt":{"rendered":"<div class=\"pvc_clear\"><\/div>\n<p id=\"pvc_stats_58867\" class=\"pvc_stats total_only  \" data-element-id=\"58867\" style=\"\"><i class=\"pvc-stats-icon large\" aria-hidden=\"true\"><svg aria-hidden=\"true\" focusable=\"false\" data-prefix=\"far\" data-icon=\"chart-bar\" role=\"img\" xmlns=\"http:\/\/www.w3.org\/2000\/svg\" viewBox=\"0 0 512 512\" class=\"svg-inline--fa fa-chart-bar fa-w-16 fa-2x\"><path fill=\"currentColor\" d=\"M396.8 352h22.4c6.4 0 12.8-6.4 12.8-12.8V108.8c0-6.4-6.4-12.8-12.8-12.8h-22.4c-6.4 0-12.8 6.4-12.8 12.8v230.4c0 6.4 6.4 12.8 12.8 12.8zm-192 0h22.4c6.4 0 12.8-6.4 12.8-12.8V140.8c0-6.4-6.4-12.8-12.8-12.8h-22.4c-6.4 0-12.8 6.4-12.8 12.8v198.4c0 6.4 6.4 12.8 12.8 12.8zm96 0h22.4c6.4 0 12.8-6.4 12.8-12.8V204.8c0-6.4-6.4-12.8-12.8-12.8h-22.4c-6.4 0-12.8 6.4-12.8 12.8v134.4c0 6.4 6.4 12.8 12.8 12.8zM496 400H48V80c0-8.84-7.16-16-16-16H16C7.16 64 0 71.16 0 80v336c0 17.67 14.33 32 32 32h464c8.84 0 16-7.16 16-16v-16c0-8.84-7.16-16-16-16zm-387.2-48h22.4c6.4 0 12.8-6.4 12.8-12.8v-70.4c0-6.4-6.4-12.8-12.8-12.8h-22.4c-6.4 0-12.8 6.4-12.8 12.8v70.4c0 6.4 6.4 12.8 12.8 12.8z\" class=\"\"><\/path><\/svg><\/i> <img loading=\"lazy\" decoding=\"async\" width=\"16\" height=\"16\" alt=\"Loading\" src=\"https:\/\/temucotelevision.cl\/web\/wp-content\/plugins\/page-views-count\/ajax-loader-2x.gif\" border=0 \/><\/p>\n<div class=\"pvc_clear\"><\/div>\n<p>\u201cEsto es muy importante el respaldo alcanzado para este alcalde, no estamos peleando solos por el Mercado Municipal de Temuco.<\/p>\n","protected":false},"author":1,"featured_media":58868,"comment_status":"open","ping_status":"open","sticky":false,"template":"","format":"standard","meta":{"colormag_page_container_layout":"default_layout","colormag_page_sidebar_layout":"default_layout","footnotes":""},"categories":[15],"tags":[527],"class_list":["post-58867","post","type-post","status-publish","format-standard","has-post-thumbnail","hentry","category-la-araucania","tag-mercado"],"a3_pvc":{"activated":true,"total_views":2806,"today_views":0},"_links":{"self":[{"href":"https:\/\/temucotelevision.cl\/web\/wp-json\/wp\/v2\/posts\/58867","targetHints":{"allow":["GET"]}}],"collection":[{"href":"https:\/\/temucotelevision.cl\/web\/wp-json\/wp\/v2\/posts"}],"about":[{"href":"https:\/\/temucotelevision.cl\/web\/wp-json\/wp\/v2\/types\/post"}],"author":[{"embeddable":true,"href":"https:\/\/temucotelevision.cl\/web\/wp-json\/wp\/v2\/users\/1"}],"replies":[{"embeddable":true,"href":"https:\/\/temucotelevision.cl\/web\/wp-json\/wp\/v2\/comments?post=58867"}],"version-history":[{"count":1,"href":"https:\/\/temucotelevision.cl\/web\/wp-json\/wp\/v2\/posts\/58867\/revisions"}],"predecessor-version":[{"id":58870,"href":"https:\/\/temucotelevision.cl\/web\/wp-json\/wp\/v2\/posts\/58867\/revisions\/58870"}],"wp:featuredmedia":[{"embeddable":true,"href":"https:\/\/temucotelevision.cl\/web\/wp-json\/wp\/v2\/media\/58868"}],"wp:attachment":[{"href":"https:\/\/temucotelevision.cl\/web\/wp-json\/wp\/v2\/media?parent=58867"}],"wp:term":[{"taxonomy":"category","embeddable":true,"href":"https:\/\/temucotelevision.cl\/web\/wp-json\/wp\/v2\/categories?post=58867"},{"taxonomy":"post_tag","embeddable":true,"href":"https:\/\/temucotelevision.cl\/web\/wp-json\/wp\/v2\/tags?post=58867"}],"curies":[{"name":"wp","href":"https:\/\/api.w.org\/{rel}","templated":true}]}}