{"id":58861,"date":"2025-10-29T22:40:49","date_gmt":"2025-10-30T01:40:49","guid":{"rendered":"https:\/\/temucotelevision.cl\/web\/?p=58861"},"modified":"2025-10-29T22:40:49","modified_gmt":"2025-10-30T01:40:49","slug":"diputado-saffirio-denuncia-negligencia-gubernamental-por-sobrecargos-en-cuentas-de-luz-y-anuncia-proyecto-de-ley-de-restitucion-inmediata","status":"publish","type":"post","link":"https:\/\/temucotelevision.cl\/web\/2025\/10\/29\/diputado-saffirio-denuncia-negligencia-gubernamental-por-sobrecargos-en-cuentas-de-luz-y-anuncia-proyecto-de-ley-de-restitucion-inmediata\/","title":{"rendered":"Diputado Saffirio denuncia negligencia gubernamental por sobrecargos en cuentas de luz y anuncia proyecto de ley de restituci\u00f3n inmediata"},"content":{"rendered":"<div class=\"pvc_clear\"><\/div><p id=\"pvc_stats_58861\" class=\"pvc_stats total_only  \" data-element-id=\"58861\" style=\"\"><i class=\"pvc-stats-icon large\" aria-hidden=\"true\"><svg aria-hidden=\"true\" focusable=\"false\" data-prefix=\"far\" data-icon=\"chart-bar\" role=\"img\" xmlns=\"http:\/\/www.w3.org\/2000\/svg\" viewBox=\"0 0 512 512\" class=\"svg-inline--fa fa-chart-bar fa-w-16 fa-2x\"><path fill=\"currentColor\" d=\"M396.8 352h22.4c6.4 0 12.8-6.4 12.8-12.8V108.8c0-6.4-6.4-12.8-12.8-12.8h-22.4c-6.4 0-12.8 6.4-12.8 12.8v230.4c0 6.4 6.4 12.8 12.8 12.8zm-192 0h22.4c6.4 0 12.8-6.4 12.8-12.8V140.8c0-6.4-6.4-12.8-12.8-12.8h-22.4c-6.4 0-12.8 6.4-12.8 12.8v198.4c0 6.4 6.4 12.8 12.8 12.8zm96 0h22.4c6.4 0 12.8-6.4 12.8-12.8V204.8c0-6.4-6.4-12.8-12.8-12.8h-22.4c-6.4 0-12.8 6.4-12.8 12.8v134.4c0 6.4 6.4 12.8 12.8 12.8zM496 400H48V80c0-8.84-7.16-16-16-16H16C7.16 64 0 71.16 0 80v336c0 17.67 14.33 32 32 32h464c8.84 0 16-7.16 16-16v-16c0-8.84-7.16-16-16-16zm-387.2-48h22.4c6.4 0 12.8-6.4 12.8-12.8v-70.4c0-6.4-6.4-12.8-12.8-12.8h-22.4c-6.4 0-12.8 6.4-12.8 12.8v70.4c0 6.4 6.4 12.8 12.8 12.8z\" class=\"\"><\/path><\/svg><\/i> <img loading=\"lazy\" decoding=\"async\" width=\"16\" height=\"16\" alt=\"Loading\" src=\"https:\/\/temucotelevision.cl\/web\/wp-content\/plugins\/page-views-count\/ajax-loader-2x.gif\" border=0 \/><\/p><div class=\"pvc_clear\"><\/div>\n<p>El diputado Jorge Saffirio denunci\u00f3 que el Gobierno es responsable de la negligencia que se produjo al aplicar dos veces el IPC en los c\u00e1lculos tarifarios el\u00e9ctricos , generando sobrecargos por m\u00e1s de USD 116 millones en las cuentas de millones de familias. A pesar de que la SEC detect\u00f3 y advirti\u00f3 el error por oficio en septiembre de 2025 , el Gobierno &#8220;no corrigi\u00f3 ni detuvo los cobros&#8221;.<\/p>\n\n\n\n<p>&#8220;Esto no es un error heredado, sino que se origin\u00f3 en un decreto de junio de 2024, bajo la administraci\u00f3n actual. Los chilenos financiaron la incompetencia del Gobierno con su bolsillo,&#8221; afirm\u00f3 Saffirio.<\/p>\n\n\n\n<p><strong>Impacto en la Inflaci\u00f3n y Exigencias<\/strong><\/p>\n\n\n\n<p>El diputado se\u00f1al\u00f3 que el error no solo subi\u00f3 las cuentas de luz, sino que tambi\u00e9n &#8220;distorsion\u00f3 la inflaci\u00f3n real del pa\u00eds\u201d, provocando un aumento artificial de hasta 9% en las tarifas y un efecto directo de 0,2% en el IPC mensual. Esto elev\u00f3 el valor de la UF, afectando hipotecas, arriendos y seguros.<\/p>\n\n\n\n<p>El diputado Saffirio exigi\u00f3 la correcci\u00f3n inmediata del decreto tarifario&nbsp; y anunci\u00f3 un Proyecto de Ley de Restituci\u00f3n Tarifaria que busca, entre otras cosas, que las empresas deban restituir autom\u00e1ticamente los cobros indebidos a los usuarios, reajustados e incrementados; facultar al SERNAC para patrocinar acciones colectivas en defensa de los consumidores el\u00e9ctricos; obligar al Ministerio de Energ\u00eda a dictar el decreto rectificatorio en un plazo m\u00e1ximo de diez d\u00edas h\u00e1biles y obligar al Banco Central y al INE a estudiar el impacto en el IPC y la UF, proponiendo ajustes.<\/p>\n\n\n\n<p>Finalmente, el diputado Jorge Saffirio Espinoza asegur\u00f3 que &#8220;no se juega con la plata de las personas. Exigimos al Gobierno asumir su responsabilidad pol\u00edtica y administrativa y apoyar de forma inmediata esta ley&#8221; &#8220;.<\/p>\n","protected":false},"excerpt":{"rendered":"<div class=\"pvc_clear\"><\/div>\n<p id=\"pvc_stats_58861\" class=\"pvc_stats total_only  \" data-element-id=\"58861\" style=\"\"><i class=\"pvc-stats-icon large\" aria-hidden=\"true\"><svg aria-hidden=\"true\" focusable=\"false\" data-prefix=\"far\" data-icon=\"chart-bar\" role=\"img\" xmlns=\"http:\/\/www.w3.org\/2000\/svg\" viewBox=\"0 0 512 512\" class=\"svg-inline--fa fa-chart-bar fa-w-16 fa-2x\"><path fill=\"currentColor\" d=\"M396.8 352h22.4c6.4 0 12.8-6.4 12.8-12.8V108.8c0-6.4-6.4-12.8-12.8-12.8h-22.4c-6.4 0-12.8 6.4-12.8 12.8v230.4c0 6.4 6.4 12.8 12.8 12.8zm-192 0h22.4c6.4 0 12.8-6.4 12.8-12.8V140.8c0-6.4-6.4-12.8-12.8-12.8h-22.4c-6.4 0-12.8 6.4-12.8 12.8v198.4c0 6.4 6.4 12.8 12.8 12.8zm96 0h22.4c6.4 0 12.8-6.4 12.8-12.8V204.8c0-6.4-6.4-12.8-12.8-12.8h-22.4c-6.4 0-12.8 6.4-12.8 12.8v134.4c0 6.4 6.4 12.8 12.8 12.8zM496 400H48V80c0-8.84-7.16-16-16-16H16C7.16 64 0 71.16 0 80v336c0 17.67 14.33 32 32 32h464c8.84 0 16-7.16 16-16v-16c0-8.84-7.16-16-16-16zm-387.2-48h22.4c6.4 0 12.8-6.4 12.8-12.8v-70.4c0-6.4-6.4-12.8-12.8-12.8h-22.4c-6.4 0-12.8 6.4-12.8 12.8v70.4c0 6.4 6.4 12.8 12.8 12.8z\" class=\"\"><\/path><\/svg><\/i> <img loading=\"lazy\" decoding=\"async\" width=\"16\" height=\"16\" alt=\"Loading\" src=\"https:\/\/temucotelevision.cl\/web\/wp-content\/plugins\/page-views-count\/ajax-loader-2x.gif\" border=0 \/><\/p>\n<div class=\"pvc_clear\"><\/div>\n<p>El diputado Jorge Saffirio denunci\u00f3 que el Gobierno es responsable de la negligencia que se produjo al aplicar dos veces<\/p>\n","protected":false},"author":1,"featured_media":57914,"comment_status":"open","ping_status":"open","sticky":false,"template":"","format":"standard","meta":{"colormag_page_container_layout":"default_layout","colormag_page_sidebar_layout":"default_layout","footnotes":""},"categories":[84],"tags":[154],"class_list":["post-58861","post","type-post","status-publish","format-standard","has-post-thumbnail","hentry","category-politica","tag-diputado"],"a3_pvc":{"activated":true,"total_views":1033,"today_views":0},"_links":{"self":[{"href":"https:\/\/temucotelevision.cl\/web\/wp-json\/wp\/v2\/posts\/58861","targetHints":{"allow":["GET"]}}],"collection":[{"href":"https:\/\/temucotelevision.cl\/web\/wp-json\/wp\/v2\/posts"}],"about":[{"href":"https:\/\/temucotelevision.cl\/web\/wp-json\/wp\/v2\/types\/post"}],"author":[{"embeddable":true,"href":"https:\/\/temucotelevision.cl\/web\/wp-json\/wp\/v2\/users\/1"}],"replies":[{"embeddable":true,"href":"https:\/\/temucotelevision.cl\/web\/wp-json\/wp\/v2\/comments?post=58861"}],"version-history":[{"count":1,"href":"https:\/\/temucotelevision.cl\/web\/wp-json\/wp\/v2\/posts\/58861\/revisions"}],"predecessor-version":[{"id":58862,"href":"https:\/\/temucotelevision.cl\/web\/wp-json\/wp\/v2\/posts\/58861\/revisions\/58862"}],"wp:featuredmedia":[{"embeddable":true,"href":"https:\/\/temucotelevision.cl\/web\/wp-json\/wp\/v2\/media\/57914"}],"wp:attachment":[{"href":"https:\/\/temucotelevision.cl\/web\/wp-json\/wp\/v2\/media?parent=58861"}],"wp:term":[{"taxonomy":"category","embeddable":true,"href":"https:\/\/temucotelevision.cl\/web\/wp-json\/wp\/v2\/categories?post=58861"},{"taxonomy":"post_tag","embeddable":true,"href":"https:\/\/temucotelevision.cl\/web\/wp-json\/wp\/v2\/tags?post=58861"}],"curies":[{"name":"wp","href":"https:\/\/api.w.org\/{rel}","templated":true}]}}