{"id":58849,"date":"2025-10-29T10:06:39","date_gmt":"2025-10-29T13:06:39","guid":{"rendered":"https:\/\/temucotelevision.cl\/web\/?p=58849"},"modified":"2025-10-29T10:07:03","modified_gmt":"2025-10-29T13:07:03","slug":"operativos-coordinados-entre-pdi-y-carabineros-dejan-tres-detenidos-por-trafico-de-drogas-y-pirotecnia-ilegal","status":"publish","type":"post","link":"https:\/\/temucotelevision.cl\/web\/2025\/10\/29\/operativos-coordinados-entre-pdi-y-carabineros-dejan-tres-detenidos-por-trafico-de-drogas-y-pirotecnia-ilegal\/","title":{"rendered":"Operativos coordinados entre PDI y Carabineros dejan tres detenidos por tr\u00e1fico de drogas y pirotecnia ilegal"},"content":{"rendered":"<div class=\"pvc_clear\"><\/div><p id=\"pvc_stats_58849\" class=\"pvc_stats total_only  \" data-element-id=\"58849\" style=\"\"><i class=\"pvc-stats-icon large\" aria-hidden=\"true\"><svg aria-hidden=\"true\" focusable=\"false\" data-prefix=\"far\" data-icon=\"chart-bar\" role=\"img\" xmlns=\"http:\/\/www.w3.org\/2000\/svg\" viewBox=\"0 0 512 512\" class=\"svg-inline--fa fa-chart-bar fa-w-16 fa-2x\"><path fill=\"currentColor\" d=\"M396.8 352h22.4c6.4 0 12.8-6.4 12.8-12.8V108.8c0-6.4-6.4-12.8-12.8-12.8h-22.4c-6.4 0-12.8 6.4-12.8 12.8v230.4c0 6.4 6.4 12.8 12.8 12.8zm-192 0h22.4c6.4 0 12.8-6.4 12.8-12.8V140.8c0-6.4-6.4-12.8-12.8-12.8h-22.4c-6.4 0-12.8 6.4-12.8 12.8v198.4c0 6.4 6.4 12.8 12.8 12.8zm96 0h22.4c6.4 0 12.8-6.4 12.8-12.8V204.8c0-6.4-6.4-12.8-12.8-12.8h-22.4c-6.4 0-12.8 6.4-12.8 12.8v134.4c0 6.4 6.4 12.8 12.8 12.8zM496 400H48V80c0-8.84-7.16-16-16-16H16C7.16 64 0 71.16 0 80v336c0 17.67 14.33 32 32 32h464c8.84 0 16-7.16 16-16v-16c0-8.84-7.16-16-16-16zm-387.2-48h22.4c6.4 0 12.8-6.4 12.8-12.8v-70.4c0-6.4-6.4-12.8-12.8-12.8h-22.4c-6.4 0-12.8 6.4-12.8 12.8v70.4c0 6.4 6.4 12.8 12.8 12.8z\" class=\"\"><\/path><\/svg><\/i> <img loading=\"lazy\" decoding=\"async\" width=\"16\" height=\"16\" alt=\"Loading\" src=\"https:\/\/temucotelevision.cl\/web\/wp-content\/plugins\/page-views-count\/ajax-loader-2x.gif\" border=0 \/><\/p><div class=\"pvc_clear\"><\/div>\n<p><em>En el marco de las acciones coordinadas entre las polic\u00edas y el Ministerio P\u00fablico, se desarrollaron tres procedimientos exitosos en distintas comunas de la regi\u00f3n, que permitieron la detenci\u00f3n de tres personas por delitos vinculados al tr\u00e1fico de drogas y la posesi\u00f3n ilegal de fuegos artificiales.<\/em><\/p>\n\n\n\n<p>\u201cEstos procedimientos reflejan el trabajo serio y coordinado que se est\u00e1 impulsando en La Araucan\u00eda para enfrentar el microtr\u00e1fico, el tr\u00e1fico de drogas y el uso ilegal de fuegos artificiales. En un trabajo coordinado con las polic\u00edas y el ministerio p\u00fablico, seguiremos fortaleciendo la presencia del Estado en los territorios, con inteligencia policial, planificaci\u00f3n y firmeza\u201d, se\u00f1al\u00f3 el Seremi de Seguridad Israel Campusano.<\/p>\n\n\n\n<figure class=\"wp-block-image size-large\"><img loading=\"lazy\" decoding=\"async\" width=\"1000\" height=\"752\" src=\"https:\/\/temucotelevision.cl\/web\/wp-content\/uploads\/2025\/10\/WhatsApp-Image-2025-10-24-at-10.45.20-1000x752.jpeg\" alt=\"\" class=\"wp-image-58690\" srcset=\"https:\/\/temucotelevision.cl\/web\/wp-content\/uploads\/2025\/10\/WhatsApp-Image-2025-10-24-at-10.45.20-1000x752.jpeg 1000w, https:\/\/temucotelevision.cl\/web\/wp-content\/uploads\/2025\/10\/WhatsApp-Image-2025-10-24-at-10.45.20-768x578.jpeg 768w, https:\/\/temucotelevision.cl\/web\/wp-content\/uploads\/2025\/10\/WhatsApp-Image-2025-10-24-at-10.45.20.jpeg 1280w\" sizes=\"auto, (max-width: 1000px) 100vw, 1000px\" \/><\/figure>\n\n\n\n<p>Detectives de la Brigada de Investigaci\u00f3n Criminal Villarrica, junto a su Equipo Modelo Territorial Cero, detuvieron a un hombre mayor de edad por el delito de microtr\u00e1fico de drogas. La investigaci\u00f3n, desarrollada en conjunto con la Fiscal\u00eda Local, permiti\u00f3 establecer que el imputado comercializaba sustancias il\u00edcitas desde su domicilio.<\/p>\n\n\n\n<p>Durante el operativo, se observ\u00f3 una transacci\u00f3n entre el sujeto y los ocupantes de un veh\u00edculo, quienes fueron controlados por la PDI. Se incautaron 102,63 gramos de cannabis sativa, $800.000 en efectivo y dos tel\u00e9fonos celulares. Adem\u00e1s, uno de los ocupantes del veh\u00edculo manten\u00eda una orden de detenci\u00f3n vigente por lesiones menos graves. Todos los imputados fueron puestos a disposici\u00f3n del Juzgado de Garant\u00eda de Villarrica.<\/p>\n\n\n\n<p>En otro procedimiento, detectives de la Brigada de Investigaci\u00f3n Criminal Traigu\u00e9n, tambi\u00e9n junto al Equipo Modelo Territorial Cero, detuvieron a un sujeto por infracci\u00f3n a la Ley 20.000 de drogas y a la Ley de Control de Armas. La investigaci\u00f3n revel\u00f3 que el imputado comercializaba drogas desde una vivienda ubicada en una toma irregular, adem\u00e1s de portar armas en la v\u00eda p\u00fablica.<\/p>\n\n\n\n<p>El allanamiento permiti\u00f3 incautar 2.376,86 gramos de cannabis sativa, 405,61 gramos de clorhidrato de coca\u00edna, 14,05 gramos de ketamina y 4,22 gramos de coca\u00edna base, adem\u00e1s de armas tipo fogueo, rifles PCP, pistolas de balines, dinero en efectivo y elementos para dosificaci\u00f3n. Se sacaron de circulaci\u00f3n 3.224 dosis de droga, avaluadas en m\u00e1s de $20 millones. El imputado fue formalizado en el Juzgado de Garant\u00eda de Traigu\u00e9n.<\/p>\n\n\n\n<p>En la comuna de Puerto Saavedra, personal SIP de la Subcomisar\u00eda de Carahue y SIPOLCAR Caut\u00edn, tras denuncias an\u00f3nimas por el lanzamiento de fuegos artificiales en la zona costera, detuvieron a un menor de 16 a\u00f1os por posesi\u00f3n ilegal de pirotecnia.<\/p>\n\n\n\n<figure class=\"wp-block-image size-large\"><img loading=\"lazy\" decoding=\"async\" width=\"1000\" height=\"563\" src=\"https:\/\/temucotelevision.cl\/web\/wp-content\/uploads\/2025\/10\/WhatsApp-Image-2025-10-29-at-09.56.56-1000x563.jpeg\" alt=\"\" class=\"wp-image-58852\" srcset=\"https:\/\/temucotelevision.cl\/web\/wp-content\/uploads\/2025\/10\/WhatsApp-Image-2025-10-29-at-09.56.56-1000x563.jpeg 1000w, https:\/\/temucotelevision.cl\/web\/wp-content\/uploads\/2025\/10\/WhatsApp-Image-2025-10-29-at-09.56.56-768x432.jpeg 768w, https:\/\/temucotelevision.cl\/web\/wp-content\/uploads\/2025\/10\/WhatsApp-Image-2025-10-29-at-09.56.56-1536x864.jpeg 1536w, https:\/\/temucotelevision.cl\/web\/wp-content\/uploads\/2025\/10\/WhatsApp-Image-2025-10-29-at-09.56.56.jpeg 1600w\" sizes=\"auto, (max-width: 1000px) 100vw, 1000px\" \/><\/figure>\n\n\n\n<p>El procedimiento incluy\u00f3 la interceptaci\u00f3n del joven a las afueras de una sucursal de Starken, donde se incautaron fuegos artificiales desde una maleta. Posteriormente, se realiz\u00f3 un ingreso voluntario a su domicilio, logrando la incautaci\u00f3n de m\u00e1s elementos desde una bodega. En total, se decomisaron 8 tortas de 16 luces, 100 palmeras, 1 torta con 49 tiros, 2 bengalas, 7 tiros de fuegos artificiales y 28 bengalas artesanales.<\/p>\n\n\n\n<p>\u201cSabemos que la gente est\u00e1 asustada y necesita seguridad. Lo hemos visto en terreno, conversando con vecinos de Curacaut\u00edn, de Labranza, Curarrehue, Padre las casas, Chol Chol, entre otras comunas, que nos han compartido su preocupaci\u00f3n por el narcotr\u00e1fico. Familias que han luchado por a\u00f1os para tener su casa propia, y cuando por fin lo logran, se ven rodeadas por delincuencia. Nos falta, pero estamos avanzando, que estamos enfrentando el problema. No es f\u00e1cil, pero estamos recuperando espacios y seguiremos trabajando para que el crimen organizado no se instale en La Araucan\u00eda.\u201d Finaliz\u00f3 campusano.<\/p>\n\n\n\n<figure class=\"wp-block-image size-large\"><img loading=\"lazy\" decoding=\"async\" width=\"1000\" height=\"724\" src=\"https:\/\/temucotelevision.cl\/web\/wp-content\/uploads\/2025\/10\/WhatsApp-Image-2025-10-29-at-09.56.58-1000x724.jpeg\" alt=\"\" class=\"wp-image-58851\" srcset=\"https:\/\/temucotelevision.cl\/web\/wp-content\/uploads\/2025\/10\/WhatsApp-Image-2025-10-29-at-09.56.58-1000x724.jpeg 1000w, https:\/\/temucotelevision.cl\/web\/wp-content\/uploads\/2025\/10\/WhatsApp-Image-2025-10-29-at-09.56.58-768x556.jpeg 768w, https:\/\/temucotelevision.cl\/web\/wp-content\/uploads\/2025\/10\/WhatsApp-Image-2025-10-29-at-09.56.58-1536x1112.jpeg 1536w, https:\/\/temucotelevision.cl\/web\/wp-content\/uploads\/2025\/10\/WhatsApp-Image-2025-10-29-at-09.56.58.jpeg 1600w\" sizes=\"auto, (max-width: 1000px) 100vw, 1000px\" \/><\/figure>\n","protected":false},"excerpt":{"rendered":"<div class=\"pvc_clear\"><\/div>\n<p id=\"pvc_stats_58849\" class=\"pvc_stats total_only  \" data-element-id=\"58849\" style=\"\"><i class=\"pvc-stats-icon large\" aria-hidden=\"true\"><svg aria-hidden=\"true\" focusable=\"false\" data-prefix=\"far\" data-icon=\"chart-bar\" role=\"img\" xmlns=\"http:\/\/www.w3.org\/2000\/svg\" viewBox=\"0 0 512 512\" class=\"svg-inline--fa fa-chart-bar fa-w-16 fa-2x\"><path fill=\"currentColor\" d=\"M396.8 352h22.4c6.4 0 12.8-6.4 12.8-12.8V108.8c0-6.4-6.4-12.8-12.8-12.8h-22.4c-6.4 0-12.8 6.4-12.8 12.8v230.4c0 6.4 6.4 12.8 12.8 12.8zm-192 0h22.4c6.4 0 12.8-6.4 12.8-12.8V140.8c0-6.4-6.4-12.8-12.8-12.8h-22.4c-6.4 0-12.8 6.4-12.8 12.8v198.4c0 6.4 6.4 12.8 12.8 12.8zm96 0h22.4c6.4 0 12.8-6.4 12.8-12.8V204.8c0-6.4-6.4-12.8-12.8-12.8h-22.4c-6.4 0-12.8 6.4-12.8 12.8v134.4c0 6.4 6.4 12.8 12.8 12.8zM496 400H48V80c0-8.84-7.16-16-16-16H16C7.16 64 0 71.16 0 80v336c0 17.67 14.33 32 32 32h464c8.84 0 16-7.16 16-16v-16c0-8.84-7.16-16-16-16zm-387.2-48h22.4c6.4 0 12.8-6.4 12.8-12.8v-70.4c0-6.4-6.4-12.8-12.8-12.8h-22.4c-6.4 0-12.8 6.4-12.8 12.8v70.4c0 6.4 6.4 12.8 12.8 12.8z\" class=\"\"><\/path><\/svg><\/i> <img loading=\"lazy\" decoding=\"async\" width=\"16\" height=\"16\" alt=\"Loading\" src=\"https:\/\/temucotelevision.cl\/web\/wp-content\/plugins\/page-views-count\/ajax-loader-2x.gif\" border=0 \/><\/p>\n<div class=\"pvc_clear\"><\/div>\n<p>En el marco de las acciones coordinadas entre las polic\u00edas y el Ministerio P\u00fablico, se desarrollaron tres procedimientos exitosos en<\/p>\n","protected":false},"author":1,"featured_media":58850,"comment_status":"open","ping_status":"open","sticky":false,"template":"","format":"standard","meta":{"colormag_page_container_layout":"default_layout","colormag_page_sidebar_layout":"default_layout","footnotes":""},"categories":[15],"tags":[232],"class_list":["post-58849","post","type-post","status-publish","format-standard","has-post-thumbnail","hentry","category-la-araucania","tag-seremi"],"a3_pvc":{"activated":true,"total_views":3838,"today_views":0},"_links":{"self":[{"href":"https:\/\/temucotelevision.cl\/web\/wp-json\/wp\/v2\/posts\/58849","targetHints":{"allow":["GET"]}}],"collection":[{"href":"https:\/\/temucotelevision.cl\/web\/wp-json\/wp\/v2\/posts"}],"about":[{"href":"https:\/\/temucotelevision.cl\/web\/wp-json\/wp\/v2\/types\/post"}],"author":[{"embeddable":true,"href":"https:\/\/temucotelevision.cl\/web\/wp-json\/wp\/v2\/users\/1"}],"replies":[{"embeddable":true,"href":"https:\/\/temucotelevision.cl\/web\/wp-json\/wp\/v2\/comments?post=58849"}],"version-history":[{"count":1,"href":"https:\/\/temucotelevision.cl\/web\/wp-json\/wp\/v2\/posts\/58849\/revisions"}],"predecessor-version":[{"id":58853,"href":"https:\/\/temucotelevision.cl\/web\/wp-json\/wp\/v2\/posts\/58849\/revisions\/58853"}],"wp:featuredmedia":[{"embeddable":true,"href":"https:\/\/temucotelevision.cl\/web\/wp-json\/wp\/v2\/media\/58850"}],"wp:attachment":[{"href":"https:\/\/temucotelevision.cl\/web\/wp-json\/wp\/v2\/media?parent=58849"}],"wp:term":[{"taxonomy":"category","embeddable":true,"href":"https:\/\/temucotelevision.cl\/web\/wp-json\/wp\/v2\/categories?post=58849"},{"taxonomy":"post_tag","embeddable":true,"href":"https:\/\/temucotelevision.cl\/web\/wp-json\/wp\/v2\/tags?post=58849"}],"curies":[{"name":"wp","href":"https:\/\/api.w.org\/{rel}","templated":true}]}}