{"id":58845,"date":"2025-10-29T08:06:47","date_gmt":"2025-10-29T11:06:47","guid":{"rendered":"https:\/\/temucotelevision.cl\/web\/?p=58845"},"modified":"2025-10-29T08:16:01","modified_gmt":"2025-10-29T11:16:01","slug":"sistema-de-admision-escolar-2026-este-miercoles-29-de-octubre-se-publican-los-resultados-de-listas-de-espera-del-periodo-principal","status":"publish","type":"post","link":"https:\/\/temucotelevision.cl\/web\/2025\/10\/29\/sistema-de-admision-escolar-2026-este-miercoles-29-de-octubre-se-publican-los-resultados-de-listas-de-espera-del-periodo-principal\/","title":{"rendered":"Sistema de Admisi\u00f3n Escolar 2026:\u00a0Hoy se publican los resultados de listas de espera del Periodo Principal"},"content":{"rendered":"<div class=\"pvc_clear\"><\/div><p id=\"pvc_stats_58845\" class=\"pvc_stats total_only  \" data-element-id=\"58845\" style=\"\"><i class=\"pvc-stats-icon large\" aria-hidden=\"true\"><svg aria-hidden=\"true\" focusable=\"false\" data-prefix=\"far\" data-icon=\"chart-bar\" role=\"img\" xmlns=\"http:\/\/www.w3.org\/2000\/svg\" viewBox=\"0 0 512 512\" class=\"svg-inline--fa fa-chart-bar fa-w-16 fa-2x\"><path fill=\"currentColor\" d=\"M396.8 352h22.4c6.4 0 12.8-6.4 12.8-12.8V108.8c0-6.4-6.4-12.8-12.8-12.8h-22.4c-6.4 0-12.8 6.4-12.8 12.8v230.4c0 6.4 6.4 12.8 12.8 12.8zm-192 0h22.4c6.4 0 12.8-6.4 12.8-12.8V140.8c0-6.4-6.4-12.8-12.8-12.8h-22.4c-6.4 0-12.8 6.4-12.8 12.8v198.4c0 6.4 6.4 12.8 12.8 12.8zm96 0h22.4c6.4 0 12.8-6.4 12.8-12.8V204.8c0-6.4-6.4-12.8-12.8-12.8h-22.4c-6.4 0-12.8 6.4-12.8 12.8v134.4c0 6.4 6.4 12.8 12.8 12.8zM496 400H48V80c0-8.84-7.16-16-16-16H16C7.16 64 0 71.16 0 80v336c0 17.67 14.33 32 32 32h464c8.84 0 16-7.16 16-16v-16c0-8.84-7.16-16-16-16zm-387.2-48h22.4c6.4 0 12.8-6.4 12.8-12.8v-70.4c0-6.4-6.4-12.8-12.8-12.8h-22.4c-6.4 0-12.8 6.4-12.8 12.8v70.4c0 6.4 6.4 12.8 12.8 12.8z\" class=\"\"><\/path><\/svg><\/i> <img loading=\"lazy\" decoding=\"async\" width=\"16\" height=\"16\" alt=\"Loading\" src=\"https:\/\/temucotelevision.cl\/web\/wp-content\/plugins\/page-views-count\/ajax-loader-2x.gif\" border=0 \/><\/p><div class=\"pvc_clear\"><\/div>\n<p>\u00b7&nbsp;&nbsp;&nbsp;&nbsp;&nbsp;&nbsp;&nbsp;&nbsp; Entre las 09:00 horas de este mi\u00e9rcoles 29 y las 14:00 horas del jueves 30 de octubre las familias podr\u00e1n conocer si se liberaron cupos en colegios que estaban entre sus opciones m\u00e1s preferidas durante la postulaci\u00f3n principal.<\/p>\n\n\n\n<p>El Ministerio de Educaci\u00f3n informa que este\u00a0<strong>29 octubre, a partir de las 09:00 horas,\u00a0<\/strong>se publicar\u00e1n los\u00a0<strong>resultados de las listas de espera<\/strong>\u00a0del Sistema de Admisi\u00f3n Escolar (SAE) 2026, instancia que estar\u00e1 disponible para aquellas familias que activaron esta opci\u00f3n durante la etapa de Resultados del Periodo Principal de postulaciones.<\/p>\n\n\n\n<p>Esta instancia del proceso permite que estudiantes puedan acceder a establecimientos a los que postularon previamente, en caso de que se liberen vacantes, de acuerdo con su posici\u00f3n en la lista de espera y la disponibilidad de cupos.<\/p>\n\n\n\n<p>A trav\u00e9s del sitio web&nbsp;<a href=\"https:\/\/www.sistemadeadmisionescolar.cl\/\" target=\"_blank\" rel=\"noreferrer noopener\">www.sistemadeadmisionescolar.cl<\/a>, los apoderados y apoderadas podr\u00e1n ingresar con su usuario y contrase\u00f1a para conocer el establecimiento asignado a sus hijos e hijas. Dentro de este periodo, existen dos situaciones principales:<\/p>\n\n\n\n<p><strong>1. Apoderados que aceptaron el resultado del periodo principal y activaron la lista de espera<\/strong><\/p>\n\n\n\n<p>Si usted acept\u00f3 el establecimiento asignado y activ\u00f3 la lista de espera, el estudiante&nbsp;<strong>ya tiene asegurado un cupo<\/strong>, pero podr\u00eda ser reasignado autom\u00e1ticamente a una opci\u00f3n de mayor preferencia si se libera una vacante. Esta etapa&nbsp;<strong>no requiere ninguna acci\u00f3n adicional<\/strong>: los resultados tienen car\u00e1cter informativo y&nbsp;<strong>no se pueden aceptar ni rechazar<\/strong>&nbsp;en la plataforma. Si no se libera ninguna vacante, el estudiante mantendr\u00e1 el cupo previamente aceptado.<\/p>\n\n\n\n<p><strong>2. Apoderados que quedaron autom\u00e1ticamente en lista de espera<\/strong><\/p>\n\n\n\n<p>Si el estudiante&nbsp;<strong>no fue admitido en ning\u00fan establecimiento<\/strong>&nbsp;de su listado de preferencias del Periodo Principal, queda de manera autom\u00e1tica en lista de espera. Durante esta etapa, podr\u00eda ser asignado a alguno de los colegios postulados si se libera una vacante. En ese caso, usted&nbsp;<strong>s\u00ed podr\u00e1 aceptar o rechazar<\/strong>&nbsp;la nueva asignaci\u00f3n.<\/p>\n\n\n\n<p>En ambos casos, el apoderado\/a deber\u00e1 descargar su comprobante de resultados.<\/p>\n\n\n\n<p>Si no se obtiene una vacante o rechaza la asignaci\u00f3n de la lista de espera, deber\u00e1 participar en el&nbsp;<strong>Periodo Complementario<\/strong>, que se desarrollar\u00e1 entre el&nbsp;<strong>12 y el 19 de noviembre<\/strong>. Posteriormente, entre el 9 y el 30 de diciembre, comenzar\u00e1 el periodo de matr\u00edcula.<\/p>\n\n\n\n<p>El ministro de Educaci\u00f3n,&nbsp;<strong>Nicol\u00e1s Cataldo<\/strong>, destac\u00f3 la importancia de esta etapa: \u201cInvitamos a las apoderas y apoderados a informarse y revisar los resultados con atenci\u00f3n. Nuestro compromiso es seguir fortaleciendo el sistema de admisi\u00f3n escolar, ampliando la cobertura y acompa\u00f1ando a las comunidades educativas en cada etapa del proceso\u201d, se\u00f1al\u00f3.<\/p>\n\n\n\n<p>Para resolver dudas o recibir orientaci\u00f3n, las familias pueden acceder a los siguientes canales de atenci\u00f3n:<\/p>\n\n\n\n<ul class=\"wp-block-list\">\n<li>Redes sociales oficiales de<strong>Admisi\u00f3n Escolar<\/strong><\/li>\n\n\n\n<li>Sitio web:\u00a0<a href=\"https:\/\/www.sistemadeadmisionescolar.cl\/\" target=\"_blank\" rel=\"noreferrer noopener\">https:\/\/www.sistemadeadmisionescolar.cl\/<\/a>y\u00a0<a href=\"https:\/\/www.ayudamineduc.cl\/\" target=\"_blank\" rel=\"noreferrer noopener\">https:\/\/www.ayudamineduc.cl\/<\/a><\/li>\n\n\n\n<li>Tel\u00e9fono:\u00a0<strong>600 600 2626<\/strong><\/li>\n\n\n\n<li>Atenci\u00f3n presencial en\u00a0<strong>oficinas de Ayuda Mineduc<\/strong>,\u00a0<strong>Secretar\u00edas Ministeriales<\/strong>\u00a0y\u00a0<strong>Departamentos Provinciales de Educaci\u00f3n<\/strong><\/li>\n<\/ul>\n","protected":false},"excerpt":{"rendered":"<div class=\"pvc_clear\"><\/div>\n<p id=\"pvc_stats_58845\" class=\"pvc_stats total_only  \" data-element-id=\"58845\" style=\"\"><i class=\"pvc-stats-icon large\" aria-hidden=\"true\"><svg aria-hidden=\"true\" focusable=\"false\" data-prefix=\"far\" data-icon=\"chart-bar\" role=\"img\" xmlns=\"http:\/\/www.w3.org\/2000\/svg\" viewBox=\"0 0 512 512\" class=\"svg-inline--fa fa-chart-bar fa-w-16 fa-2x\"><path fill=\"currentColor\" d=\"M396.8 352h22.4c6.4 0 12.8-6.4 12.8-12.8V108.8c0-6.4-6.4-12.8-12.8-12.8h-22.4c-6.4 0-12.8 6.4-12.8 12.8v230.4c0 6.4 6.4 12.8 12.8 12.8zm-192 0h22.4c6.4 0 12.8-6.4 12.8-12.8V140.8c0-6.4-6.4-12.8-12.8-12.8h-22.4c-6.4 0-12.8 6.4-12.8 12.8v198.4c0 6.4 6.4 12.8 12.8 12.8zm96 0h22.4c6.4 0 12.8-6.4 12.8-12.8V204.8c0-6.4-6.4-12.8-12.8-12.8h-22.4c-6.4 0-12.8 6.4-12.8 12.8v134.4c0 6.4 6.4 12.8 12.8 12.8zM496 400H48V80c0-8.84-7.16-16-16-16H16C7.16 64 0 71.16 0 80v336c0 17.67 14.33 32 32 32h464c8.84 0 16-7.16 16-16v-16c0-8.84-7.16-16-16-16zm-387.2-48h22.4c6.4 0 12.8-6.4 12.8-12.8v-70.4c0-6.4-6.4-12.8-12.8-12.8h-22.4c-6.4 0-12.8 6.4-12.8 12.8v70.4c0 6.4 6.4 12.8 12.8 12.8z\" class=\"\"><\/path><\/svg><\/i> <img loading=\"lazy\" decoding=\"async\" width=\"16\" height=\"16\" alt=\"Loading\" src=\"https:\/\/temucotelevision.cl\/web\/wp-content\/plugins\/page-views-count\/ajax-loader-2x.gif\" border=0 \/><\/p>\n<div class=\"pvc_clear\"><\/div>\n<p>\u00b7&nbsp;&nbsp;&nbsp;&nbsp;&nbsp;&nbsp;&nbsp;&nbsp; Entre las 09:00 horas de este mi\u00e9rcoles 29 y las 14:00 horas del jueves 30 de octubre las familias<\/p>\n","protected":false},"author":1,"featured_media":58846,"comment_status":"open","ping_status":"open","sticky":false,"template":"","format":"standard","meta":{"colormag_page_container_layout":"default_layout","colormag_page_sidebar_layout":"default_layout","footnotes":""},"categories":[14],"tags":[148],"class_list":["post-58845","post","type-post","status-publish","format-standard","has-post-thumbnail","hentry","category-temuco","tag-educacion"],"a3_pvc":{"activated":true,"total_views":1866,"today_views":0},"_links":{"self":[{"href":"https:\/\/temucotelevision.cl\/web\/wp-json\/wp\/v2\/posts\/58845","targetHints":{"allow":["GET"]}}],"collection":[{"href":"https:\/\/temucotelevision.cl\/web\/wp-json\/wp\/v2\/posts"}],"about":[{"href":"https:\/\/temucotelevision.cl\/web\/wp-json\/wp\/v2\/types\/post"}],"author":[{"embeddable":true,"href":"https:\/\/temucotelevision.cl\/web\/wp-json\/wp\/v2\/users\/1"}],"replies":[{"embeddable":true,"href":"https:\/\/temucotelevision.cl\/web\/wp-json\/wp\/v2\/comments?post=58845"}],"version-history":[{"count":2,"href":"https:\/\/temucotelevision.cl\/web\/wp-json\/wp\/v2\/posts\/58845\/revisions"}],"predecessor-version":[{"id":58848,"href":"https:\/\/temucotelevision.cl\/web\/wp-json\/wp\/v2\/posts\/58845\/revisions\/58848"}],"wp:featuredmedia":[{"embeddable":true,"href":"https:\/\/temucotelevision.cl\/web\/wp-json\/wp\/v2\/media\/58846"}],"wp:attachment":[{"href":"https:\/\/temucotelevision.cl\/web\/wp-json\/wp\/v2\/media?parent=58845"}],"wp:term":[{"taxonomy":"category","embeddable":true,"href":"https:\/\/temucotelevision.cl\/web\/wp-json\/wp\/v2\/categories?post=58845"},{"taxonomy":"post_tag","embeddable":true,"href":"https:\/\/temucotelevision.cl\/web\/wp-json\/wp\/v2\/tags?post=58845"}],"curies":[{"name":"wp","href":"https:\/\/api.w.org\/{rel}","templated":true}]}}