{"id":58842,"date":"2025-10-29T07:50:43","date_gmt":"2025-10-29T10:50:43","guid":{"rendered":"https:\/\/temucotelevision.cl\/web\/?p=58842"},"modified":"2025-10-29T07:50:45","modified_gmt":"2025-10-29T10:50:45","slug":"jorge-luchsinger-mackay-candidato-a-senador-por-la-araucania-quiero-llegar-al-senado-por-justicia-trabajare-por-las-victimas-por-quienes-no-han-sido-escuchados-y-viven-con-miedo","status":"publish","type":"post","link":"https:\/\/temucotelevision.cl\/web\/2025\/10\/29\/jorge-luchsinger-mackay-candidato-a-senador-por-la-araucania-quiero-llegar-al-senado-por-justicia-trabajare-por-las-victimas-por-quienes-no-han-sido-escuchados-y-viven-con-miedo\/","title":{"rendered":"Jorge Luchsinger Mackay, candidato a senador por La Araucan\u00eda: \u201cQuiero llegar al Senado por justicia. Trabajar\u00e9 por las v\u00edctimas, por quienes no han sido escuchados y viven con miedo\u201d"},"content":{"rendered":"<div class=\"pvc_clear\"><\/div><p id=\"pvc_stats_58842\" class=\"pvc_stats total_only  \" data-element-id=\"58842\" style=\"\"><i class=\"pvc-stats-icon large\" aria-hidden=\"true\"><svg aria-hidden=\"true\" focusable=\"false\" data-prefix=\"far\" data-icon=\"chart-bar\" role=\"img\" xmlns=\"http:\/\/www.w3.org\/2000\/svg\" viewBox=\"0 0 512 512\" class=\"svg-inline--fa fa-chart-bar fa-w-16 fa-2x\"><path fill=\"currentColor\" d=\"M396.8 352h22.4c6.4 0 12.8-6.4 12.8-12.8V108.8c0-6.4-6.4-12.8-12.8-12.8h-22.4c-6.4 0-12.8 6.4-12.8 12.8v230.4c0 6.4 6.4 12.8 12.8 12.8zm-192 0h22.4c6.4 0 12.8-6.4 12.8-12.8V140.8c0-6.4-6.4-12.8-12.8-12.8h-22.4c-6.4 0-12.8 6.4-12.8 12.8v198.4c0 6.4 6.4 12.8 12.8 12.8zm96 0h22.4c6.4 0 12.8-6.4 12.8-12.8V204.8c0-6.4-6.4-12.8-12.8-12.8h-22.4c-6.4 0-12.8 6.4-12.8 12.8v134.4c0 6.4 6.4 12.8 12.8 12.8zM496 400H48V80c0-8.84-7.16-16-16-16H16C7.16 64 0 71.16 0 80v336c0 17.67 14.33 32 32 32h464c8.84 0 16-7.16 16-16v-16c0-8.84-7.16-16-16-16zm-387.2-48h22.4c6.4 0 12.8-6.4 12.8-12.8v-70.4c0-6.4-6.4-12.8-12.8-12.8h-22.4c-6.4 0-12.8 6.4-12.8 12.8v70.4c0 6.4 6.4 12.8 12.8 12.8z\" class=\"\"><\/path><\/svg><\/i> <img loading=\"lazy\" decoding=\"async\" width=\"16\" height=\"16\" alt=\"Loading\" src=\"https:\/\/temucotelevision.cl\/web\/wp-content\/plugins\/page-views-count\/ajax-loader-2x.gif\" border=0 \/><\/p><div class=\"pvc_clear\"><\/div>\n<p>Se\u00f1or director<\/p>\n\n\n\n<p>Decid\u00ed postularme al Senado dejando de lado el calor del hogar, para levantar una bandera de victoria en La Araucan\u00eda, de una vez por todas. Pero no tanto por m\u00ed, sino que por todas las v\u00edctimas de la violencia, la delincuencia y el terrorismo que no son escuchadas. Por los testigos que son desprotegidos y la impunidad que existe para los delincuentes.&nbsp;<\/p>\n\n\n\n<p>Estoy convencido de que mis vecinos de La Araucan\u00eda necesitan justicia y no me quedar\u00e9 en silencio viendo c\u00f3mo siguen asesinando a inocentes.<\/p>\n\n\n\n<p>Fui Consejero Regional en el periodo anterior y conozco mi regi\u00f3n. S\u00e9 cu\u00e1les son sus dolores y tambi\u00e9n he visto c\u00f3mo hemos logrado aportar a su desarrollo, gracias al Gobierno Regional. Hoy, con la autoridad que me ha dado el dolor y el haber trabajado por La Araucan\u00eda, soy candidato a senador con la convicci\u00f3n de defender la vida y la justicia para todos quienes habitan estas tierras.<\/p>\n\n\n\n<p>Esto no es clich\u00e9, es un prop\u00f3sito ya que me cans\u00e9 de los mismos pol\u00edticos de siempre, que de seguro algunos tienen buenas intenciones, pero nunca terminan haciendo cosas diferentes, y la gente es la que pierde, porque prometen y no cumplen. Nada avanza, la impunidad sigue igual y en los campos se sigue viviendo con miedo. As\u00ed me lo manifest\u00f3 una vecina en Caj\u00f3n, en una feria que realiz\u00f3 la Municipalidad de Vilc\u00fan hace un par de d\u00edas atr\u00e1s, donde tuve la oportunidad de compartir con muchas personas del mundo mapuche y del agro. \u201cNo me saque fotos, no me grabe. Si me ven hablando, me pueden quemar la casa\u201d.<\/p>\n\n\n\n<p>Son esos miedos los que me motivan a tomar acci\u00f3n, a ir a una candidatura senatorial y a trabajar para cambiar las leyes y dejar de ser un Estado que defienda a los delincuentes. Digo esto, porque tenemos un Estado que da la posibilidad a que los condenados puedan salir antes del cumplimiento de la sentencia; los Carabineros tampoco son protegidos, porque no pueden usar su arma de servicio. \u00bfC\u00f3mo est\u00e1 su salud mental?&nbsp;<\/p>\n\n\n\n<p>Conozco el sistema y hasta el d\u00eda de hoy sigo peleando en tribunales, para que los asesinos de mis padres cumplan sus sentencias, porque ellos tambi\u00e9n quieren beneficios carcelarios.&nbsp;<\/p>\n\n\n\n<p>A diferencia de los delincuentes, nosotros las v\u00edctimas de la violencia, la delincuencia y el terrorismo, no tenemos una defensa del Estado y si no tenemos dinero para pagar un abogado, estamos en desventaja. Por eso como senador buscar\u00e9 que exista una Ley que proteja a las v\u00edctimas \u00a1y tambi\u00e9n a los testigos! Porque hoy existen jueces que obligan entregar los nombres de los supuestos testigos protegidos, as\u00ed \u00bfqui\u00e9n quiere ayudar a las v\u00edctimas?<\/p>\n\n\n\n<p>Me cans\u00e9 de evidenciar las fallas del sistema, del Estado, de la falta de apoyo que tienen las personas humildes, las personas que no tienen mayores redes de contactos y tambi\u00e9n de ver c\u00f3mo el terrorismo sigue avanzando y amedrentando a personas que tratan de buscar su desarrollo en tierras, que no siempre estuvieron encendidas de odio y maldad.<\/p>\n\n\n\n<p>Hoy, esto lo hago por ustedes, sus familias, y la m\u00eda. No da lo mismo quien los represente en nuestra regi\u00f3n.&nbsp;<\/p>\n\n\n\n<p>Jorge Luchsinger Mackay, candidato a senador por La Araucan\u00eda<\/p>\n","protected":false},"excerpt":{"rendered":"<div class=\"pvc_clear\"><\/div>\n<p id=\"pvc_stats_58842\" class=\"pvc_stats total_only  \" data-element-id=\"58842\" style=\"\"><i class=\"pvc-stats-icon large\" aria-hidden=\"true\"><svg aria-hidden=\"true\" focusable=\"false\" data-prefix=\"far\" data-icon=\"chart-bar\" role=\"img\" xmlns=\"http:\/\/www.w3.org\/2000\/svg\" viewBox=\"0 0 512 512\" class=\"svg-inline--fa fa-chart-bar fa-w-16 fa-2x\"><path fill=\"currentColor\" d=\"M396.8 352h22.4c6.4 0 12.8-6.4 12.8-12.8V108.8c0-6.4-6.4-12.8-12.8-12.8h-22.4c-6.4 0-12.8 6.4-12.8 12.8v230.4c0 6.4 6.4 12.8 12.8 12.8zm-192 0h22.4c6.4 0 12.8-6.4 12.8-12.8V140.8c0-6.4-6.4-12.8-12.8-12.8h-22.4c-6.4 0-12.8 6.4-12.8 12.8v198.4c0 6.4 6.4 12.8 12.8 12.8zm96 0h22.4c6.4 0 12.8-6.4 12.8-12.8V204.8c0-6.4-6.4-12.8-12.8-12.8h-22.4c-6.4 0-12.8 6.4-12.8 12.8v134.4c0 6.4 6.4 12.8 12.8 12.8zM496 400H48V80c0-8.84-7.16-16-16-16H16C7.16 64 0 71.16 0 80v336c0 17.67 14.33 32 32 32h464c8.84 0 16-7.16 16-16v-16c0-8.84-7.16-16-16-16zm-387.2-48h22.4c6.4 0 12.8-6.4 12.8-12.8v-70.4c0-6.4-6.4-12.8-12.8-12.8h-22.4c-6.4 0-12.8 6.4-12.8 12.8v70.4c0 6.4 6.4 12.8 12.8 12.8z\" class=\"\"><\/path><\/svg><\/i> <img loading=\"lazy\" decoding=\"async\" width=\"16\" height=\"16\" alt=\"Loading\" src=\"https:\/\/temucotelevision.cl\/web\/wp-content\/plugins\/page-views-count\/ajax-loader-2x.gif\" border=0 \/><\/p>\n<div class=\"pvc_clear\"><\/div>\n<p>Se\u00f1or director Decid\u00ed postularme al Senado dejando de lado el calor del hogar, para levantar una bandera de victoria en<\/p>\n","protected":false},"author":1,"featured_media":58843,"comment_status":"open","ping_status":"open","sticky":false,"template":"","format":"standard","meta":{"colormag_page_container_layout":"default_layout","colormag_page_sidebar_layout":"default_layout","footnotes":""},"categories":[84],"tags":[1938],"class_list":["post-58842","post","type-post","status-publish","format-standard","has-post-thumbnail","hentry","category-politica","tag-candidato"],"a3_pvc":{"activated":true,"total_views":974,"today_views":0},"_links":{"self":[{"href":"https:\/\/temucotelevision.cl\/web\/wp-json\/wp\/v2\/posts\/58842","targetHints":{"allow":["GET"]}}],"collection":[{"href":"https:\/\/temucotelevision.cl\/web\/wp-json\/wp\/v2\/posts"}],"about":[{"href":"https:\/\/temucotelevision.cl\/web\/wp-json\/wp\/v2\/types\/post"}],"author":[{"embeddable":true,"href":"https:\/\/temucotelevision.cl\/web\/wp-json\/wp\/v2\/users\/1"}],"replies":[{"embeddable":true,"href":"https:\/\/temucotelevision.cl\/web\/wp-json\/wp\/v2\/comments?post=58842"}],"version-history":[{"count":1,"href":"https:\/\/temucotelevision.cl\/web\/wp-json\/wp\/v2\/posts\/58842\/revisions"}],"predecessor-version":[{"id":58844,"href":"https:\/\/temucotelevision.cl\/web\/wp-json\/wp\/v2\/posts\/58842\/revisions\/58844"}],"wp:featuredmedia":[{"embeddable":true,"href":"https:\/\/temucotelevision.cl\/web\/wp-json\/wp\/v2\/media\/58843"}],"wp:attachment":[{"href":"https:\/\/temucotelevision.cl\/web\/wp-json\/wp\/v2\/media?parent=58842"}],"wp:term":[{"taxonomy":"category","embeddable":true,"href":"https:\/\/temucotelevision.cl\/web\/wp-json\/wp\/v2\/categories?post=58842"},{"taxonomy":"post_tag","embeddable":true,"href":"https:\/\/temucotelevision.cl\/web\/wp-json\/wp\/v2\/tags?post=58842"}],"curies":[{"name":"wp","href":"https:\/\/api.w.org\/{rel}","templated":true}]}}