{"id":58839,"date":"2025-10-29T07:43:15","date_gmt":"2025-10-29T10:43:15","guid":{"rendered":"https:\/\/temucotelevision.cl\/web\/?p=58839"},"modified":"2025-10-29T07:43:26","modified_gmt":"2025-10-29T10:43:26","slug":"lista-regionalista-verde-entra-de-lleno-a-la-competencia-por-un-cupo-en-la-camara-de-diputados","status":"publish","type":"post","link":"https:\/\/temucotelevision.cl\/web\/2025\/10\/29\/lista-regionalista-verde-entra-de-lleno-a-la-competencia-por-un-cupo-en-la-camara-de-diputados\/","title":{"rendered":"Lista Regionalista Verde entra de lleno a la competencia por un cupo en la C\u00e1mara de Diputados"},"content":{"rendered":"<div class=\"pvc_clear\"><\/div><p id=\"pvc_stats_58839\" class=\"pvc_stats total_only  \" data-element-id=\"58839\" style=\"\"><i class=\"pvc-stats-icon large\" aria-hidden=\"true\"><svg aria-hidden=\"true\" focusable=\"false\" data-prefix=\"far\" data-icon=\"chart-bar\" role=\"img\" xmlns=\"http:\/\/www.w3.org\/2000\/svg\" viewBox=\"0 0 512 512\" class=\"svg-inline--fa fa-chart-bar fa-w-16 fa-2x\"><path fill=\"currentColor\" d=\"M396.8 352h22.4c6.4 0 12.8-6.4 12.8-12.8V108.8c0-6.4-6.4-12.8-12.8-12.8h-22.4c-6.4 0-12.8 6.4-12.8 12.8v230.4c0 6.4 6.4 12.8 12.8 12.8zm-192 0h22.4c6.4 0 12.8-6.4 12.8-12.8V140.8c0-6.4-6.4-12.8-12.8-12.8h-22.4c-6.4 0-12.8 6.4-12.8 12.8v198.4c0 6.4 6.4 12.8 12.8 12.8zm96 0h22.4c6.4 0 12.8-6.4 12.8-12.8V204.8c0-6.4-6.4-12.8-12.8-12.8h-22.4c-6.4 0-12.8 6.4-12.8 12.8v134.4c0 6.4 6.4 12.8 12.8 12.8zM496 400H48V80c0-8.84-7.16-16-16-16H16C7.16 64 0 71.16 0 80v336c0 17.67 14.33 32 32 32h464c8.84 0 16-7.16 16-16v-16c0-8.84-7.16-16-16-16zm-387.2-48h22.4c6.4 0 12.8-6.4 12.8-12.8v-70.4c0-6.4-6.4-12.8-12.8-12.8h-22.4c-6.4 0-12.8 6.4-12.8 12.8v70.4c0 6.4 6.4 12.8 12.8 12.8z\" class=\"\"><\/path><\/svg><\/i> <img loading=\"lazy\" decoding=\"async\" width=\"16\" height=\"16\" alt=\"Loading\" src=\"https:\/\/temucotelevision.cl\/web\/wp-content\/plugins\/page-views-count\/ajax-loader-2x.gif\" border=0 \/><\/p><div class=\"pvc_clear\"><\/div>\n<p><br>La&nbsp;<strong>Lista B Regionalista Verde<\/strong>&nbsp;en el distrito 23, irrumpe con fuerza en la competencia por un cupo en la&nbsp;<strong>C\u00e1mara de Diputados<\/strong>, seg\u00fan la \u00faltima&nbsp;<strong>encuesta CEST<\/strong>, que refleja un escenario voto a voto entre las principales listas y un&nbsp;<strong>alto porcentaje de electores indecisos<\/strong>, lo que abre un espacio real para nuevas alternativas pol\u00edticas en la regi\u00f3n.<\/p>\n\n\n\n<p>El estudio \u2014realizado entre el&nbsp;<strong>20 y el 24 de octubre<\/strong>&nbsp;a&nbsp;<strong>934 personas<\/strong>\u2014 posiciona a&nbsp;<strong>Daniel Sandoval<\/strong>&nbsp;con un&nbsp;<strong>3,14%<\/strong>&nbsp;y a&nbsp;<strong>Marcelo Carrasco<\/strong>&nbsp;entre los mejor evaluados de la&nbsp;<strong>Lista Regionalista Verde<\/strong>, que se ha consolidado como una&nbsp;<strong>opci\u00f3n emergente, con identidad territorial y mirada ecol\u00f3gica<\/strong>.<\/p>\n\n\n\n<p>La&nbsp;<strong>Lista B Regionalista Verde<\/strong>&nbsp;est\u00e1 integrada por&nbsp;<strong>Daniel Sandoval, Marcelo Carrasco, \u00d3scar Albornoz, Pamela \u00d1ancupil, H\u00e9ctor Cumilaf, Daniel Hidalgo, Patricia Escobar y Anita Nicul<\/strong>, y se presenta como una propuesta&nbsp;<strong>fresca, audaz y comprometida con las causas regionales y ambientales<\/strong>.<\/p>\n\n\n\n<p><strong>\u201cEste resultado confirma que nuestra propuesta regionalista y verde est\u00e1 siendo escuchada por la ciudadan\u00eda. Seguiremos trabajando con fuerza en terreno, promoviendo un desarrollo sostenible y equitativo para La Araucan\u00eda\u201d,<\/strong>&nbsp;se\u00f1alaron los&nbsp;<strong>dirigentes del Partido Regionalista Verde<\/strong>, quienes impulsan adem\u00e1s iniciativas como el&nbsp;<strong>royalty a las empresas forestales<\/strong>&nbsp;y el&nbsp;<strong>fortalecimiento de las pymes, cooperativas y comit\u00e9s de agua potable rural<\/strong>.<\/p>\n\n\n\n<p>El partido subray\u00f3 que, tras haber tenido escasa representaci\u00f3n en la negociaci\u00f3n parlamentaria inicial, hoy se consolidan como una&nbsp;<strong>lista con contenido, energ\u00eda y visi\u00f3n de futuro<\/strong>, basada en un programa centrado en la&nbsp;<strong>descentralizaci\u00f3n, la ruralidad, la econom\u00eda circular, el ordenamiento territorial, la seguridad p\u00fablica, el empleo, la defensa de la naturaleza, el bienestar animal y el fortalecimiento de las econom\u00edas locales<\/strong>.<\/p>\n\n\n\n<p>Con estos resultados, los&nbsp;<strong>Regionalistas Verdes<\/strong>&nbsp;se perfilan como una&nbsp;<strong>alternativa pol\u00edtica renovadora<\/strong>, que busca&nbsp;<strong>representar desde las regiones hacia el pa\u00eds<\/strong>&nbsp;y poner en el centro del debate la&nbsp;<strong>equidad territorial y la sustentabilidad<\/strong>&nbsp;como pilares del desarrollo.<\/p>\n","protected":false},"excerpt":{"rendered":"<div class=\"pvc_clear\"><\/div>\n<p id=\"pvc_stats_58839\" class=\"pvc_stats total_only  \" data-element-id=\"58839\" style=\"\"><i class=\"pvc-stats-icon large\" aria-hidden=\"true\"><svg aria-hidden=\"true\" focusable=\"false\" data-prefix=\"far\" data-icon=\"chart-bar\" role=\"img\" xmlns=\"http:\/\/www.w3.org\/2000\/svg\" viewBox=\"0 0 512 512\" class=\"svg-inline--fa fa-chart-bar fa-w-16 fa-2x\"><path fill=\"currentColor\" d=\"M396.8 352h22.4c6.4 0 12.8-6.4 12.8-12.8V108.8c0-6.4-6.4-12.8-12.8-12.8h-22.4c-6.4 0-12.8 6.4-12.8 12.8v230.4c0 6.4 6.4 12.8 12.8 12.8zm-192 0h22.4c6.4 0 12.8-6.4 12.8-12.8V140.8c0-6.4-6.4-12.8-12.8-12.8h-22.4c-6.4 0-12.8 6.4-12.8 12.8v198.4c0 6.4 6.4 12.8 12.8 12.8zm96 0h22.4c6.4 0 12.8-6.4 12.8-12.8V204.8c0-6.4-6.4-12.8-12.8-12.8h-22.4c-6.4 0-12.8 6.4-12.8 12.8v134.4c0 6.4 6.4 12.8 12.8 12.8zM496 400H48V80c0-8.84-7.16-16-16-16H16C7.16 64 0 71.16 0 80v336c0 17.67 14.33 32 32 32h464c8.84 0 16-7.16 16-16v-16c0-8.84-7.16-16-16-16zm-387.2-48h22.4c6.4 0 12.8-6.4 12.8-12.8v-70.4c0-6.4-6.4-12.8-12.8-12.8h-22.4c-6.4 0-12.8 6.4-12.8 12.8v70.4c0 6.4 6.4 12.8 12.8 12.8z\" class=\"\"><\/path><\/svg><\/i> <img loading=\"lazy\" decoding=\"async\" width=\"16\" height=\"16\" alt=\"Loading\" src=\"https:\/\/temucotelevision.cl\/web\/wp-content\/plugins\/page-views-count\/ajax-loader-2x.gif\" border=0 \/><\/p>\n<div class=\"pvc_clear\"><\/div>\n<p>La&nbsp;Lista B Regionalista Verde&nbsp;en el distrito 23, irrumpe con fuerza en la competencia por un cupo en la&nbsp;C\u00e1mara de Diputados,<\/p>\n","protected":false},"author":1,"featured_media":58840,"comment_status":"open","ping_status":"open","sticky":false,"template":"","format":"standard","meta":{"colormag_page_container_layout":"default_layout","colormag_page_sidebar_layout":"default_layout","footnotes":""},"categories":[84],"tags":[6421],"class_list":["post-58839","post","type-post","status-publish","format-standard","has-post-thumbnail","hentry","category-politica","tag-camara-diputados"],"a3_pvc":{"activated":true,"total_views":1001,"today_views":0},"_links":{"self":[{"href":"https:\/\/temucotelevision.cl\/web\/wp-json\/wp\/v2\/posts\/58839","targetHints":{"allow":["GET"]}}],"collection":[{"href":"https:\/\/temucotelevision.cl\/web\/wp-json\/wp\/v2\/posts"}],"about":[{"href":"https:\/\/temucotelevision.cl\/web\/wp-json\/wp\/v2\/types\/post"}],"author":[{"embeddable":true,"href":"https:\/\/temucotelevision.cl\/web\/wp-json\/wp\/v2\/users\/1"}],"replies":[{"embeddable":true,"href":"https:\/\/temucotelevision.cl\/web\/wp-json\/wp\/v2\/comments?post=58839"}],"version-history":[{"count":1,"href":"https:\/\/temucotelevision.cl\/web\/wp-json\/wp\/v2\/posts\/58839\/revisions"}],"predecessor-version":[{"id":58841,"href":"https:\/\/temucotelevision.cl\/web\/wp-json\/wp\/v2\/posts\/58839\/revisions\/58841"}],"wp:featuredmedia":[{"embeddable":true,"href":"https:\/\/temucotelevision.cl\/web\/wp-json\/wp\/v2\/media\/58840"}],"wp:attachment":[{"href":"https:\/\/temucotelevision.cl\/web\/wp-json\/wp\/v2\/media?parent=58839"}],"wp:term":[{"taxonomy":"category","embeddable":true,"href":"https:\/\/temucotelevision.cl\/web\/wp-json\/wp\/v2\/categories?post=58839"},{"taxonomy":"post_tag","embeddable":true,"href":"https:\/\/temucotelevision.cl\/web\/wp-json\/wp\/v2\/tags?post=58839"}],"curies":[{"name":"wp","href":"https:\/\/api.w.org\/{rel}","templated":true}]}}