{"id":58832,"date":"2025-10-28T23:33:38","date_gmt":"2025-10-29T02:33:38","guid":{"rendered":"https:\/\/temucotelevision.cl\/web\/?p=58832"},"modified":"2025-10-28T23:33:39","modified_gmt":"2025-10-29T02:33:39","slug":"diputado-beltran-respalda-ley-que-otorga-titularidad-a-profesores-contratados","status":"publish","type":"post","link":"https:\/\/temucotelevision.cl\/web\/2025\/10\/28\/diputado-beltran-respalda-ley-que-otorga-titularidad-a-profesores-contratados\/","title":{"rendered":"Diputado Beltr\u00e1n respalda ley que otorga titularidad a profesores contratados"},"content":{"rendered":"<div class=\"pvc_clear\"><\/div><p id=\"pvc_stats_58832\" class=\"pvc_stats total_only  \" data-element-id=\"58832\" style=\"\"><i class=\"pvc-stats-icon large\" aria-hidden=\"true\"><svg aria-hidden=\"true\" focusable=\"false\" data-prefix=\"far\" data-icon=\"chart-bar\" role=\"img\" xmlns=\"http:\/\/www.w3.org\/2000\/svg\" viewBox=\"0 0 512 512\" class=\"svg-inline--fa fa-chart-bar fa-w-16 fa-2x\"><path fill=\"currentColor\" d=\"M396.8 352h22.4c6.4 0 12.8-6.4 12.8-12.8V108.8c0-6.4-6.4-12.8-12.8-12.8h-22.4c-6.4 0-12.8 6.4-12.8 12.8v230.4c0 6.4 6.4 12.8 12.8 12.8zm-192 0h22.4c6.4 0 12.8-6.4 12.8-12.8V140.8c0-6.4-6.4-12.8-12.8-12.8h-22.4c-6.4 0-12.8 6.4-12.8 12.8v198.4c0 6.4 6.4 12.8 12.8 12.8zm96 0h22.4c6.4 0 12.8-6.4 12.8-12.8V204.8c0-6.4-6.4-12.8-12.8-12.8h-22.4c-6.4 0-12.8 6.4-12.8 12.8v134.4c0 6.4 6.4 12.8 12.8 12.8zM496 400H48V80c0-8.84-7.16-16-16-16H16C7.16 64 0 71.16 0 80v336c0 17.67 14.33 32 32 32h464c8.84 0 16-7.16 16-16v-16c0-8.84-7.16-16-16-16zm-387.2-48h22.4c6.4 0 12.8-6.4 12.8-12.8v-70.4c0-6.4-6.4-12.8-12.8-12.8h-22.4c-6.4 0-12.8 6.4-12.8 12.8v70.4c0 6.4 6.4 12.8 12.8 12.8z\" class=\"\"><\/path><\/svg><\/i> <img loading=\"lazy\" decoding=\"async\" width=\"16\" height=\"16\" alt=\"Loading\" src=\"https:\/\/temucotelevision.cl\/web\/wp-content\/plugins\/page-views-count\/ajax-loader-2x.gif\" border=0 \/><\/p><div class=\"pvc_clear\"><\/div>\n<p>El Parlamentario Mallequino calific\u00f3 la medida como una se\u00f1al de justicia para los docentes con m\u00e1s de tres a\u00f1os de contrato a plazo fijo.<\/p>\n\n\n\n<p>Con 122 votos a favor, ninguno en contra y 13 abstenciones, la C\u00e1mara de Diputados aprob\u00f3 el proyecto de ley que otorga la titularidad en el cargo a los profesores contratados a plazo fijo por m\u00e1s de tres a\u00f1os. Uno de los votos favorables fue el del diputado por el Distrito 22, Juan Carlos Beltr\u00e1n Silva, quien durante su intervenci\u00f3n ante el pleno calific\u00f3 la iniciativa como una \u201cse\u00f1al de justicia\u201d.<\/p>\n\n\n\n<p>\u201cEl proyecto \u2014se\u00f1al\u00f3 el Parlamentario Mallequino\u2014 tiene suma urgencia para su despacho y no he podido presentar una indicaci\u00f3n que no es un simple ajuste t\u00e9cnico, es una se\u00f1al de justicia, de reconocimiento y de compromiso con la dignidad del trabajo docente, con quienes he conversado acerca de esta materia que perjudica a profesores de todo el pa\u00eds. Hoy nos enfrentamos a una realidad innegable: existen cientos de profesores que, pese a llevar a\u00f1os vinculados a sus comunidades escolares, siguen fuera del amparo de la titularidad por tener una jornada menor a las 20 horas semanales. Esa es la barrera que perpet\u00faa una forma de precariedad estructural\u201d.<\/p>\n\n\n\n<p>Asimismo sostuvo que esta situaci\u00f3n afecta a docentes que \u201chan realizado cursos, liderado proyectos, reemplazado titulares, atendido a estudiantes con dificultades y, lo m\u00e1s importante, han sido parte esencial del tejido educativo. Algunos no pudieron tener m\u00e1s horas porque simplemente no exist\u00edan. Otros por razones de organizaci\u00f3n interna del establecimiento\u201d, por lo que pidi\u00f3 al ministro de Educaci\u00f3n, Nicol\u00e1s Cataldo, apoyar su propuesta durante la tramitaci\u00f3n en el Senado para que tambi\u00e9n los profesores con jornadas menores puedan acceder a la titularidad.<\/p>\n\n\n\n<p>\u201cLa titularidad \u2014 afirm\u00f3 Beltr\u00e1n\u2014 no es s\u00f3lo una categor\u00eda administrativa, es una garant\u00eda de estabilidad y un reconocimiento al valor del trabajo docente. Negarla, en estos casos, es desconocer a\u00f1os de vocaci\u00f3n sostenida; por eso, llamo a este hemiciclo a reflexionar no s\u00f3lo desde la letra de la ley, sino desde el esp\u00edritu de justicia que debe animar nuestras decisiones. Que la titularidad tambi\u00e9n llegue a quienes, por a\u00f1os, han sido parte de nuestras escuelas, muchas veces sin los derechos que les corresponden\u201d.<\/p>\n\n\n\n<p>En total ser\u00edan 28 mil profesores que se van a ver beneficiados por pasar de un contrato inestable a uno estable.<\/p>\n\n\n\n<p>La iniciativa establece una regla permanente en el Estatuto Docente para reconocer la titularidad a los docentes de establecimientos p\u00fablicos, reemplazando la aplicaci\u00f3n puntual de leyes anteriores (1999, 2014, 2018 y 2021).<\/p>\n\n\n\n<p>Podr\u00e1n acceder a este beneficio los profesores que, al 31 de julio de 2025, est\u00e9n incorporados en la dotaci\u00f3n docente de un municipio, corporaci\u00f3n municipal o servicio local y que hayan trabajado, al menos, tres a\u00f1os continuos o cuatro discontinuos, con un m\u00ednimo de 20 horas cronol\u00f3gicas semanales.<\/p>\n","protected":false},"excerpt":{"rendered":"<div class=\"pvc_clear\"><\/div>\n<p id=\"pvc_stats_58832\" class=\"pvc_stats total_only  \" data-element-id=\"58832\" style=\"\"><i class=\"pvc-stats-icon large\" aria-hidden=\"true\"><svg aria-hidden=\"true\" focusable=\"false\" data-prefix=\"far\" data-icon=\"chart-bar\" role=\"img\" xmlns=\"http:\/\/www.w3.org\/2000\/svg\" viewBox=\"0 0 512 512\" class=\"svg-inline--fa fa-chart-bar fa-w-16 fa-2x\"><path fill=\"currentColor\" d=\"M396.8 352h22.4c6.4 0 12.8-6.4 12.8-12.8V108.8c0-6.4-6.4-12.8-12.8-12.8h-22.4c-6.4 0-12.8 6.4-12.8 12.8v230.4c0 6.4 6.4 12.8 12.8 12.8zm-192 0h22.4c6.4 0 12.8-6.4 12.8-12.8V140.8c0-6.4-6.4-12.8-12.8-12.8h-22.4c-6.4 0-12.8 6.4-12.8 12.8v198.4c0 6.4 6.4 12.8 12.8 12.8zm96 0h22.4c6.4 0 12.8-6.4 12.8-12.8V204.8c0-6.4-6.4-12.8-12.8-12.8h-22.4c-6.4 0-12.8 6.4-12.8 12.8v134.4c0 6.4 6.4 12.8 12.8 12.8zM496 400H48V80c0-8.84-7.16-16-16-16H16C7.16 64 0 71.16 0 80v336c0 17.67 14.33 32 32 32h464c8.84 0 16-7.16 16-16v-16c0-8.84-7.16-16-16-16zm-387.2-48h22.4c6.4 0 12.8-6.4 12.8-12.8v-70.4c0-6.4-6.4-12.8-12.8-12.8h-22.4c-6.4 0-12.8 6.4-12.8 12.8v70.4c0 6.4 6.4 12.8 12.8 12.8z\" class=\"\"><\/path><\/svg><\/i> <img loading=\"lazy\" decoding=\"async\" width=\"16\" height=\"16\" alt=\"Loading\" src=\"https:\/\/temucotelevision.cl\/web\/wp-content\/plugins\/page-views-count\/ajax-loader-2x.gif\" border=0 \/><\/p>\n<div class=\"pvc_clear\"><\/div>\n<p>El Parlamentario Mallequino calific\u00f3 la medida como una se\u00f1al de justicia para los docentes con m\u00e1s de tres a\u00f1os de<\/p>\n","protected":false},"author":1,"featured_media":58833,"comment_status":"open","ping_status":"open","sticky":false,"template":"","format":"standard","meta":{"colormag_page_container_layout":"default_layout","colormag_page_sidebar_layout":"default_layout","footnotes":""},"categories":[84],"tags":[154],"class_list":["post-58832","post","type-post","status-publish","format-standard","has-post-thumbnail","hentry","category-politica","tag-diputado"],"a3_pvc":{"activated":true,"total_views":1059,"today_views":0},"_links":{"self":[{"href":"https:\/\/temucotelevision.cl\/web\/wp-json\/wp\/v2\/posts\/58832","targetHints":{"allow":["GET"]}}],"collection":[{"href":"https:\/\/temucotelevision.cl\/web\/wp-json\/wp\/v2\/posts"}],"about":[{"href":"https:\/\/temucotelevision.cl\/web\/wp-json\/wp\/v2\/types\/post"}],"author":[{"embeddable":true,"href":"https:\/\/temucotelevision.cl\/web\/wp-json\/wp\/v2\/users\/1"}],"replies":[{"embeddable":true,"href":"https:\/\/temucotelevision.cl\/web\/wp-json\/wp\/v2\/comments?post=58832"}],"version-history":[{"count":1,"href":"https:\/\/temucotelevision.cl\/web\/wp-json\/wp\/v2\/posts\/58832\/revisions"}],"predecessor-version":[{"id":58834,"href":"https:\/\/temucotelevision.cl\/web\/wp-json\/wp\/v2\/posts\/58832\/revisions\/58834"}],"wp:featuredmedia":[{"embeddable":true,"href":"https:\/\/temucotelevision.cl\/web\/wp-json\/wp\/v2\/media\/58833"}],"wp:attachment":[{"href":"https:\/\/temucotelevision.cl\/web\/wp-json\/wp\/v2\/media?parent=58832"}],"wp:term":[{"taxonomy":"category","embeddable":true,"href":"https:\/\/temucotelevision.cl\/web\/wp-json\/wp\/v2\/categories?post=58832"},{"taxonomy":"post_tag","embeddable":true,"href":"https:\/\/temucotelevision.cl\/web\/wp-json\/wp\/v2\/tags?post=58832"}],"curies":[{"name":"wp","href":"https:\/\/api.w.org\/{rel}","templated":true}]}}