{"id":58827,"date":"2025-10-28T23:26:40","date_gmt":"2025-10-29T02:26:40","guid":{"rendered":"https:\/\/temucotelevision.cl\/web\/?p=58827"},"modified":"2025-10-28T23:26:41","modified_gmt":"2025-10-29T02:26:41","slug":"temuco-prepara-plan-especial-para-recibir-alta-afluencia-de-publico-en-el-dia-de-todos-los-santos","status":"publish","type":"post","link":"https:\/\/temucotelevision.cl\/web\/2025\/10\/28\/temuco-prepara-plan-especial-para-recibir-alta-afluencia-de-publico-en-el-dia-de-todos-los-santos\/","title":{"rendered":"Temuco prepara plan especial para recibir alta afluencia de p\u00fablico en el D\u00eda de Todos los Santos"},"content":{"rendered":"<div class=\"pvc_clear\"><\/div><p id=\"pvc_stats_58827\" class=\"pvc_stats total_only  \" data-element-id=\"58827\" style=\"\"><i class=\"pvc-stats-icon large\" aria-hidden=\"true\"><svg aria-hidden=\"true\" focusable=\"false\" data-prefix=\"far\" data-icon=\"chart-bar\" role=\"img\" xmlns=\"http:\/\/www.w3.org\/2000\/svg\" viewBox=\"0 0 512 512\" class=\"svg-inline--fa fa-chart-bar fa-w-16 fa-2x\"><path fill=\"currentColor\" d=\"M396.8 352h22.4c6.4 0 12.8-6.4 12.8-12.8V108.8c0-6.4-6.4-12.8-12.8-12.8h-22.4c-6.4 0-12.8 6.4-12.8 12.8v230.4c0 6.4 6.4 12.8 12.8 12.8zm-192 0h22.4c6.4 0 12.8-6.4 12.8-12.8V140.8c0-6.4-6.4-12.8-12.8-12.8h-22.4c-6.4 0-12.8 6.4-12.8 12.8v198.4c0 6.4 6.4 12.8 12.8 12.8zm96 0h22.4c6.4 0 12.8-6.4 12.8-12.8V204.8c0-6.4-6.4-12.8-12.8-12.8h-22.4c-6.4 0-12.8 6.4-12.8 12.8v134.4c0 6.4 6.4 12.8 12.8 12.8zM496 400H48V80c0-8.84-7.16-16-16-16H16C7.16 64 0 71.16 0 80v336c0 17.67 14.33 32 32 32h464c8.84 0 16-7.16 16-16v-16c0-8.84-7.16-16-16-16zm-387.2-48h22.4c6.4 0 12.8-6.4 12.8-12.8v-70.4c0-6.4-6.4-12.8-12.8-12.8h-22.4c-6.4 0-12.8 6.4-12.8 12.8v70.4c0 6.4 6.4 12.8 12.8 12.8z\" class=\"\"><\/path><\/svg><\/i> <img loading=\"lazy\" decoding=\"async\" width=\"16\" height=\"16\" alt=\"Loading\" src=\"https:\/\/temucotelevision.cl\/web\/wp-content\/plugins\/page-views-count\/ajax-loader-2x.gif\" border=0 \/><\/p><div class=\"pvc_clear\"><\/div>\n<p><em><strong>A pocos d\u00edas de la conmemoraci\u00f3n del D\u00eda de Todos los Santos, la Municipalidad de Temuco ya inici\u00f3 el despliegue de equipos en los cementerios municipales para garantizar condiciones seguras, ordenadas y limpias, adem\u00e1s de un completo plan de tr\u00e1nsito y emergencias en los accesos y alrededores.<\/strong><\/em><\/p>\n\n\n\n<p>A pocos d\u00edas de la conmemoraci\u00f3n del D\u00eda de Todos los Santos, la Municipalidad de Temuco ya inici\u00f3 el despliegue de equipos en los cementerios municipales para garantizar condiciones seguras, ordenadas y limpias, adem\u00e1s de un completo plan de tr\u00e1nsito y emergencias en los accesos y alrededores.<\/p>\n\n\n\n<p>Es as\u00ed como, en v\u00edsperas de esta tradicional conmemoraci\u00f3n cat\u00f3lica, el municipio avanza en los preparativos para recibir a las miles de personas que visitar\u00e1n los cementerios General y Parque Monte Verde, con una afluencia estimada de entre 35 y 50 mil asistentes.<\/p>\n\n\n\n<figure class=\"wp-block-image size-large\"><img loading=\"lazy\" decoding=\"async\" width=\"1000\" height=\"665\" src=\"https:\/\/temucotelevision.cl\/web\/wp-content\/uploads\/2025\/10\/FOTO-4-1000x665.jpeg\" alt=\"\" class=\"wp-image-58829\" srcset=\"https:\/\/temucotelevision.cl\/web\/wp-content\/uploads\/2025\/10\/FOTO-4-1000x665.jpeg 1000w, https:\/\/temucotelevision.cl\/web\/wp-content\/uploads\/2025\/10\/FOTO-4-768x511.jpeg 768w, https:\/\/temucotelevision.cl\/web\/wp-content\/uploads\/2025\/10\/FOTO-4-1536x1021.jpeg 1536w, https:\/\/temucotelevision.cl\/web\/wp-content\/uploads\/2025\/10\/FOTO-4-2048x1362.jpeg 2048w\" sizes=\"auto, (max-width: 1000px) 100vw, 1000px\" \/><\/figure>\n\n\n\n<p>Para ello, se ha dispuesto un amplio operativo con equipos de las direcciones de Salud, Seguridad, Aseo y Ornato, Tr\u00e1nsito, Operaciones y Dideco, con el fin de asegurar el buen estado de los recintos, la limpieza de los espacios p\u00fablicos y un correcto ordenamiento del tr\u00e1nsito en el sector Balmaceda.<\/p>\n\n\n\n<p>Durante un recorrido por las instalaciones, se revisaron las principales medidas que se implementar\u00e1n este a\u00f1o, entre ellas la presencia de ambulancias, fiscalizadores, inspectores de seguridad p\u00fablica y personal operativo desplegado tanto dentro como fuera de los cementerios, todo coordinado con Carabineros de Chile.<\/p>\n\n\n\n<p>El administrador municipal, Ricardo Toro, se\u00f1al\u00f3 que \u201cdesde hoy y hasta el s\u00e1bado el cementerio y el parque estar\u00e1n abiertos desde las 8 de la ma\u00f1ana hasta las 20:30 horas, contando con rondas permanentes de funcionarios municipales. Estar\u00e1n atendiendo, adem\u00e1s, los funcionarios de la Dideco, por lo que existen todas las coordinaciones para que estos d\u00edas puedan ser lo m\u00e1s accesibles posible para la comunidad\u201d.<\/p>\n\n\n\n<p>Por su parte, el encargado de cementerios, Francisco Dumont, explic\u00f3 que \u201cesperamos entre 35 y 50 mil personas entre el Parque Monteverde y el Cementerio General. Para la gente que tenga discapacidad, est\u00e1 el criterio de la gente de seguridad, que va a permitir que ellos puedan ingresar, los dejan ac\u00e1 y despu\u00e9s saquen el veh\u00edculo para permitir el tr\u00e1nsito libre\u201d.<\/p>\n\n\n\n<p>El director de Seguridad, Richard Guti\u00e9rrez, fue enf\u00e1tico al se\u00f1alar que \u201cse hicieron las coordinaciones conjuntamente con Carabineros, con la finalidad de facilitar el desplazamiento de las personas y tambi\u00e9n evitar la ocurrencia de delitos, ya que tenemos un per\u00edmetro de exclusi\u00f3n que comprende Balmaceda, entre Carrera y Freire, y as\u00ed mismo Blanco hasta Miraflores, donde no puede haber veh\u00edculos estacionados\u201d.<\/p>\n\n\n\n<p>El director agreg\u00f3 que \u201cal exterior de este per\u00edmetro se estacionan muchos veh\u00edculos y se va a incrementar seguramente la ocurrencia de delitos, as\u00ed que vamos a tomar los resguardos necesarios. No vamos a trabajar con los acomodadores de veh\u00edculos, porque ellos cometen el error de disponer el estacionamiento en lugares que no corresponden; nosotros vamos a prohibirles trabajar en el per\u00edmetro, ya que un veh\u00edculo mal estacionado puede ocasionar congesti\u00f3n y no facilitar en nada este servicio\u201d.<\/p>\n\n\n\n<p>El director (s) de Salud, Jos\u00e9 Miguel Mella, a\u00f1adi\u00f3 que \u201ctendremos ambulancias tanto en el frente del cementerio como en el parque, y tambi\u00e9n una estaci\u00f3n de enfermer\u00eda para atender a la gente que se pueda descompensar y no requiera necesariamente de un traslado. Sabemos que va a venir harto adulto mayor y nuestro sistema est\u00e1 preparado para poder ayudar y colaborar con las personas que vienen a ver a sus deudos\u201d.<\/p>\n\n\n\n<p>La Municipalidad de Temuco destac\u00f3 que este operativo busca garantizar una jornada tranquila y segura para todas las familias que acudan a recordar a sus seres queridos, haciendo un llamado al respeto por los espacios p\u00fablicos y a mantener una convivencia arm\u00f3nica durante la visita.<\/p>\n\n\n\n<figure class=\"wp-block-image size-large\"><img loading=\"lazy\" decoding=\"async\" width=\"1000\" height=\"665\" src=\"https:\/\/temucotelevision.cl\/web\/wp-content\/uploads\/2025\/10\/FOTO-2-1000x665.jpeg\" alt=\"\" class=\"wp-image-58830\" srcset=\"https:\/\/temucotelevision.cl\/web\/wp-content\/uploads\/2025\/10\/FOTO-2-1000x665.jpeg 1000w, https:\/\/temucotelevision.cl\/web\/wp-content\/uploads\/2025\/10\/FOTO-2-768x511.jpeg 768w, https:\/\/temucotelevision.cl\/web\/wp-content\/uploads\/2025\/10\/FOTO-2-1536x1021.jpeg 1536w, https:\/\/temucotelevision.cl\/web\/wp-content\/uploads\/2025\/10\/FOTO-2-2048x1362.jpeg 2048w\" sizes=\"auto, (max-width: 1000px) 100vw, 1000px\" \/><\/figure>\n","protected":false},"excerpt":{"rendered":"<div class=\"pvc_clear\"><\/div>\n<p id=\"pvc_stats_58827\" class=\"pvc_stats total_only  \" data-element-id=\"58827\" style=\"\"><i class=\"pvc-stats-icon large\" aria-hidden=\"true\"><svg aria-hidden=\"true\" focusable=\"false\" data-prefix=\"far\" data-icon=\"chart-bar\" role=\"img\" xmlns=\"http:\/\/www.w3.org\/2000\/svg\" viewBox=\"0 0 512 512\" class=\"svg-inline--fa fa-chart-bar fa-w-16 fa-2x\"><path fill=\"currentColor\" d=\"M396.8 352h22.4c6.4 0 12.8-6.4 12.8-12.8V108.8c0-6.4-6.4-12.8-12.8-12.8h-22.4c-6.4 0-12.8 6.4-12.8 12.8v230.4c0 6.4 6.4 12.8 12.8 12.8zm-192 0h22.4c6.4 0 12.8-6.4 12.8-12.8V140.8c0-6.4-6.4-12.8-12.8-12.8h-22.4c-6.4 0-12.8 6.4-12.8 12.8v198.4c0 6.4 6.4 12.8 12.8 12.8zm96 0h22.4c6.4 0 12.8-6.4 12.8-12.8V204.8c0-6.4-6.4-12.8-12.8-12.8h-22.4c-6.4 0-12.8 6.4-12.8 12.8v134.4c0 6.4 6.4 12.8 12.8 12.8zM496 400H48V80c0-8.84-7.16-16-16-16H16C7.16 64 0 71.16 0 80v336c0 17.67 14.33 32 32 32h464c8.84 0 16-7.16 16-16v-16c0-8.84-7.16-16-16-16zm-387.2-48h22.4c6.4 0 12.8-6.4 12.8-12.8v-70.4c0-6.4-6.4-12.8-12.8-12.8h-22.4c-6.4 0-12.8 6.4-12.8 12.8v70.4c0 6.4 6.4 12.8 12.8 12.8z\" class=\"\"><\/path><\/svg><\/i> <img loading=\"lazy\" decoding=\"async\" width=\"16\" height=\"16\" alt=\"Loading\" src=\"https:\/\/temucotelevision.cl\/web\/wp-content\/plugins\/page-views-count\/ajax-loader-2x.gif\" border=0 \/><\/p>\n<div class=\"pvc_clear\"><\/div>\n<p>A pocos d\u00edas de la conmemoraci\u00f3n del D\u00eda de Todos los Santos, la Municipalidad de Temuco ya inici\u00f3 el despliegue<\/p>\n","protected":false},"author":1,"featured_media":58828,"comment_status":"open","ping_status":"open","sticky":false,"template":"","format":"standard","meta":{"colormag_page_container_layout":"default_layout","colormag_page_sidebar_layout":"default_layout","footnotes":""},"categories":[14],"tags":[948],"class_list":["post-58827","post","type-post","status-publish","format-standard","has-post-thumbnail","hentry","category-temuco","tag-cementerio"],"a3_pvc":{"activated":true,"total_views":1051,"today_views":0},"_links":{"self":[{"href":"https:\/\/temucotelevision.cl\/web\/wp-json\/wp\/v2\/posts\/58827","targetHints":{"allow":["GET"]}}],"collection":[{"href":"https:\/\/temucotelevision.cl\/web\/wp-json\/wp\/v2\/posts"}],"about":[{"href":"https:\/\/temucotelevision.cl\/web\/wp-json\/wp\/v2\/types\/post"}],"author":[{"embeddable":true,"href":"https:\/\/temucotelevision.cl\/web\/wp-json\/wp\/v2\/users\/1"}],"replies":[{"embeddable":true,"href":"https:\/\/temucotelevision.cl\/web\/wp-json\/wp\/v2\/comments?post=58827"}],"version-history":[{"count":1,"href":"https:\/\/temucotelevision.cl\/web\/wp-json\/wp\/v2\/posts\/58827\/revisions"}],"predecessor-version":[{"id":58831,"href":"https:\/\/temucotelevision.cl\/web\/wp-json\/wp\/v2\/posts\/58827\/revisions\/58831"}],"wp:featuredmedia":[{"embeddable":true,"href":"https:\/\/temucotelevision.cl\/web\/wp-json\/wp\/v2\/media\/58828"}],"wp:attachment":[{"href":"https:\/\/temucotelevision.cl\/web\/wp-json\/wp\/v2\/media?parent=58827"}],"wp:term":[{"taxonomy":"category","embeddable":true,"href":"https:\/\/temucotelevision.cl\/web\/wp-json\/wp\/v2\/categories?post=58827"},{"taxonomy":"post_tag","embeddable":true,"href":"https:\/\/temucotelevision.cl\/web\/wp-json\/wp\/v2\/tags?post=58827"}],"curies":[{"name":"wp","href":"https:\/\/api.w.org\/{rel}","templated":true}]}}