{"id":58824,"date":"2025-10-28T23:11:42","date_gmt":"2025-10-29T02:11:42","guid":{"rendered":"https:\/\/temucotelevision.cl\/web\/?p=58824"},"modified":"2025-10-28T23:11:43","modified_gmt":"2025-10-29T02:11:43","slug":"diputado-stephan-schubert-entrega-carta-al-presidente-boric-y-pide-reconsiderar-recortes-presupuestarios-en-programas-de-educacion","status":"publish","type":"post","link":"https:\/\/temucotelevision.cl\/web\/2025\/10\/28\/diputado-stephan-schubert-entrega-carta-al-presidente-boric-y-pide-reconsiderar-recortes-presupuestarios-en-programas-de-educacion\/","title":{"rendered":"Diputado Stephan Schubert entrega carta al Presidente Boric y pide reconsiderar recortes presupuestarios en programas de educaci\u00f3n"},"content":{"rendered":"<div class=\"pvc_clear\"><\/div><p id=\"pvc_stats_58824\" class=\"pvc_stats total_only  \" data-element-id=\"58824\" style=\"\"><i class=\"pvc-stats-icon large\" aria-hidden=\"true\"><svg aria-hidden=\"true\" focusable=\"false\" data-prefix=\"far\" data-icon=\"chart-bar\" role=\"img\" xmlns=\"http:\/\/www.w3.org\/2000\/svg\" viewBox=\"0 0 512 512\" class=\"svg-inline--fa fa-chart-bar fa-w-16 fa-2x\"><path fill=\"currentColor\" d=\"M396.8 352h22.4c6.4 0 12.8-6.4 12.8-12.8V108.8c0-6.4-6.4-12.8-12.8-12.8h-22.4c-6.4 0-12.8 6.4-12.8 12.8v230.4c0 6.4 6.4 12.8 12.8 12.8zm-192 0h22.4c6.4 0 12.8-6.4 12.8-12.8V140.8c0-6.4-6.4-12.8-12.8-12.8h-22.4c-6.4 0-12.8 6.4-12.8 12.8v198.4c0 6.4 6.4 12.8 12.8 12.8zm96 0h22.4c6.4 0 12.8-6.4 12.8-12.8V204.8c0-6.4-6.4-12.8-12.8-12.8h-22.4c-6.4 0-12.8 6.4-12.8 12.8v134.4c0 6.4 6.4 12.8 12.8 12.8zM496 400H48V80c0-8.84-7.16-16-16-16H16C7.16 64 0 71.16 0 80v336c0 17.67 14.33 32 32 32h464c8.84 0 16-7.16 16-16v-16c0-8.84-7.16-16-16-16zm-387.2-48h22.4c6.4 0 12.8-6.4 12.8-12.8v-70.4c0-6.4-6.4-12.8-12.8-12.8h-22.4c-6.4 0-12.8 6.4-12.8 12.8v70.4c0 6.4 6.4 12.8 12.8 12.8z\" class=\"\"><\/path><\/svg><\/i> <img loading=\"lazy\" decoding=\"async\" width=\"16\" height=\"16\" alt=\"Loading\" src=\"https:\/\/temucotelevision.cl\/web\/wp-content\/plugins\/page-views-count\/ajax-loader-2x.gif\" border=0 \/><\/p><div class=\"pvc_clear\"><\/div>\n<p>Seg\u00fan la informaci\u00f3n entregada, el Programa de Becas Acceso a TICs sufrir\u00eda una disminuci\u00f3n de aproximadamente un 34% en t\u00e9rminos reales, mientras que el Programa Especial de \u00datiles Escolares ver\u00eda reducido su presupuesto en un 22% real.<\/p>\n\n\n\n<p>Hasta la oficina de partes de La Moneda lleg\u00f3 el diputado republicano y miembro de la Comisi\u00f3n de Educaci\u00f3n, Stephan Schubert, para entregar una carta formal al Presidente de la Rep\u00fablica, Gabriel Boric, solicitando la reconsideraci\u00f3n de los recortes propuestos en el Presupuesto 2026 que afectan directamente a programas educativos esenciales. La misiva se centra en el Programa de Becas Acceso a TICs y el Programa Especial de \u00datiles Escolares, que enfrentar\u00e1n disminuciones alarmantes en sus asignaciones presupuestarias.<\/p>\n\n\n\n<p>Seg\u00fan la informaci\u00f3n proporcionada, el Programa de Becas Acceso a TICs sufrir\u00eda una reducci\u00f3n de aproximadamente un 34% en t\u00e9rminos reales, mientras que el Programa Especial de \u00datiles Escolares ver\u00eda reducido su presupuesto en un 22% real. Schubert advirti\u00f3 que estos ajustes tienen repercusiones severas en la vida cotidiana de miles de ni\u00f1os y j\u00f3venes, especialmente aquellos que provienen de sectores m\u00e1s vulnerables del pa\u00eds.<\/p>\n\n\n\n<p>El diputado Schubert manifest\u00f3 su preocupaci\u00f3n ante esta situaci\u00f3n. &#8220;En un contexto donde la brecha digital y las desigualdades en el acceso a recursos educativos son cada vez m\u00e1s pronunciadas, reducir el apoyo a estos programas no solo es un retroceso, sino que tambi\u00e9n infringe el derecho de nuestros estudiantes a acceder a una educaci\u00f3n de calidad. La entrega de \u00fatiles escolares y el acceso a tecnolog\u00edas de la informaci\u00f3n son herramientas fundamentales para garantizar oportunidades de desarrollo&#8221;, afirm\u00f3.<\/p>\n\n\n\n<p>El parlamentario enfatiz\u00f3 que la actual crisis educativa demandar\u00eda una inversi\u00f3n m\u00e1s robusta en \u00e1reas cr\u00edticas, en lugar de recortes que perjudican a quienes m\u00e1s necesitan apoyo. &#8220;Entendemos la importancia de mantener la disciplina fiscal y administrar con responsabilidad los recursos p\u00fablicos; sin embargo, ajustar el presupuesto a costa de los programas que benefician a nuestros estudiantes m\u00e1s vulnerables no es el camino correcto. Invertir en educaci\u00f3n, particularmente en los ni\u00f1os y adolescentes que enfrentan mayores desaf\u00edos, es la medida m\u00e1s eficiente y justa para el fortalecimiento del desarrollo social y econ\u00f3mico de nuestro pa\u00eds&#8221;, a\u00f1adi\u00f3.<\/p>\n\n\n\n<p>El diputado inst\u00f3 al Ministerio de Hacienda a revisar cuidadosamente las decisiones presupuestarias actuales. &#8220;Solicito respetuosamente que se reconsidere el destino de estos fondos y se explore alternativas que permitan mantener, al menos, el nivel de financiamiento real de los programas educativos mencionados&#8221;, concluy\u00f3.<\/p>\n","protected":false},"excerpt":{"rendered":"<div class=\"pvc_clear\"><\/div>\n<p id=\"pvc_stats_58824\" class=\"pvc_stats total_only  \" data-element-id=\"58824\" style=\"\"><i class=\"pvc-stats-icon large\" aria-hidden=\"true\"><svg aria-hidden=\"true\" focusable=\"false\" data-prefix=\"far\" data-icon=\"chart-bar\" role=\"img\" xmlns=\"http:\/\/www.w3.org\/2000\/svg\" viewBox=\"0 0 512 512\" class=\"svg-inline--fa fa-chart-bar fa-w-16 fa-2x\"><path fill=\"currentColor\" d=\"M396.8 352h22.4c6.4 0 12.8-6.4 12.8-12.8V108.8c0-6.4-6.4-12.8-12.8-12.8h-22.4c-6.4 0-12.8 6.4-12.8 12.8v230.4c0 6.4 6.4 12.8 12.8 12.8zm-192 0h22.4c6.4 0 12.8-6.4 12.8-12.8V140.8c0-6.4-6.4-12.8-12.8-12.8h-22.4c-6.4 0-12.8 6.4-12.8 12.8v198.4c0 6.4 6.4 12.8 12.8 12.8zm96 0h22.4c6.4 0 12.8-6.4 12.8-12.8V204.8c0-6.4-6.4-12.8-12.8-12.8h-22.4c-6.4 0-12.8 6.4-12.8 12.8v134.4c0 6.4 6.4 12.8 12.8 12.8zM496 400H48V80c0-8.84-7.16-16-16-16H16C7.16 64 0 71.16 0 80v336c0 17.67 14.33 32 32 32h464c8.84 0 16-7.16 16-16v-16c0-8.84-7.16-16-16-16zm-387.2-48h22.4c6.4 0 12.8-6.4 12.8-12.8v-70.4c0-6.4-6.4-12.8-12.8-12.8h-22.4c-6.4 0-12.8 6.4-12.8 12.8v70.4c0 6.4 6.4 12.8 12.8 12.8z\" class=\"\"><\/path><\/svg><\/i> <img loading=\"lazy\" decoding=\"async\" width=\"16\" height=\"16\" alt=\"Loading\" src=\"https:\/\/temucotelevision.cl\/web\/wp-content\/plugins\/page-views-count\/ajax-loader-2x.gif\" border=0 \/><\/p>\n<div class=\"pvc_clear\"><\/div>\n<p>Seg\u00fan la informaci\u00f3n entregada, el Programa de Becas Acceso a TICs sufrir\u00eda una disminuci\u00f3n de aproximadamente un 34% en t\u00e9rminos<\/p>\n","protected":false},"author":1,"featured_media":58825,"comment_status":"open","ping_status":"open","sticky":false,"template":"","format":"standard","meta":{"colormag_page_container_layout":"default_layout","colormag_page_sidebar_layout":"default_layout","footnotes":""},"categories":[84],"tags":[154],"class_list":["post-58824","post","type-post","status-publish","format-standard","has-post-thumbnail","hentry","category-politica","tag-diputado"],"a3_pvc":{"activated":true,"total_views":1201,"today_views":0},"_links":{"self":[{"href":"https:\/\/temucotelevision.cl\/web\/wp-json\/wp\/v2\/posts\/58824","targetHints":{"allow":["GET"]}}],"collection":[{"href":"https:\/\/temucotelevision.cl\/web\/wp-json\/wp\/v2\/posts"}],"about":[{"href":"https:\/\/temucotelevision.cl\/web\/wp-json\/wp\/v2\/types\/post"}],"author":[{"embeddable":true,"href":"https:\/\/temucotelevision.cl\/web\/wp-json\/wp\/v2\/users\/1"}],"replies":[{"embeddable":true,"href":"https:\/\/temucotelevision.cl\/web\/wp-json\/wp\/v2\/comments?post=58824"}],"version-history":[{"count":1,"href":"https:\/\/temucotelevision.cl\/web\/wp-json\/wp\/v2\/posts\/58824\/revisions"}],"predecessor-version":[{"id":58826,"href":"https:\/\/temucotelevision.cl\/web\/wp-json\/wp\/v2\/posts\/58824\/revisions\/58826"}],"wp:featuredmedia":[{"embeddable":true,"href":"https:\/\/temucotelevision.cl\/web\/wp-json\/wp\/v2\/media\/58825"}],"wp:attachment":[{"href":"https:\/\/temucotelevision.cl\/web\/wp-json\/wp\/v2\/media?parent=58824"}],"wp:term":[{"taxonomy":"category","embeddable":true,"href":"https:\/\/temucotelevision.cl\/web\/wp-json\/wp\/v2\/categories?post=58824"},{"taxonomy":"post_tag","embeddable":true,"href":"https:\/\/temucotelevision.cl\/web\/wp-json\/wp\/v2\/tags?post=58824"}],"curies":[{"name":"wp","href":"https:\/\/api.w.org\/{rel}","templated":true}]}}