{"id":58818,"date":"2025-10-28T18:44:00","date_gmt":"2025-10-28T21:44:00","guid":{"rendered":"https:\/\/temucotelevision.cl\/web\/?p=58818"},"modified":"2025-10-28T18:44:01","modified_gmt":"2025-10-28T21:44:01","slug":"tarifazo-diputado-henry-leal-exige-que-devolucion-de-montos-cobrados-en-exceso-en-cuentas-de-la-luz-se-paguen-en-una-sola-cuota","status":"publish","type":"post","link":"https:\/\/temucotelevision.cl\/web\/2025\/10\/28\/tarifazo-diputado-henry-leal-exige-que-devolucion-de-montos-cobrados-en-exceso-en-cuentas-de-la-luz-se-paguen-en-una-sola-cuota\/","title":{"rendered":"&#8220;Tarifazo&#8221;: Diputado Henry Leal exige que devoluci\u00f3n de montos cobrados en exceso en cuentas de la luz se paguen en una sola cuota"},"content":{"rendered":"<div class=\"pvc_clear\"><\/div><p id=\"pvc_stats_58818\" class=\"pvc_stats total_only  \" data-element-id=\"58818\" style=\"\"><i class=\"pvc-stats-icon large\" aria-hidden=\"true\"><svg aria-hidden=\"true\" focusable=\"false\" data-prefix=\"far\" data-icon=\"chart-bar\" role=\"img\" xmlns=\"http:\/\/www.w3.org\/2000\/svg\" viewBox=\"0 0 512 512\" class=\"svg-inline--fa fa-chart-bar fa-w-16 fa-2x\"><path fill=\"currentColor\" d=\"M396.8 352h22.4c6.4 0 12.8-6.4 12.8-12.8V108.8c0-6.4-6.4-12.8-12.8-12.8h-22.4c-6.4 0-12.8 6.4-12.8 12.8v230.4c0 6.4 6.4 12.8 12.8 12.8zm-192 0h22.4c6.4 0 12.8-6.4 12.8-12.8V140.8c0-6.4-6.4-12.8-12.8-12.8h-22.4c-6.4 0-12.8 6.4-12.8 12.8v198.4c0 6.4 6.4 12.8 12.8 12.8zm96 0h22.4c6.4 0 12.8-6.4 12.8-12.8V204.8c0-6.4-6.4-12.8-12.8-12.8h-22.4c-6.4 0-12.8 6.4-12.8 12.8v134.4c0 6.4 6.4 12.8 12.8 12.8zM496 400H48V80c0-8.84-7.16-16-16-16H16C7.16 64 0 71.16 0 80v336c0 17.67 14.33 32 32 32h464c8.84 0 16-7.16 16-16v-16c0-8.84-7.16-16-16-16zm-387.2-48h22.4c6.4 0 12.8-6.4 12.8-12.8v-70.4c0-6.4-6.4-12.8-12.8-12.8h-22.4c-6.4 0-12.8 6.4-12.8 12.8v70.4c0 6.4 6.4 12.8 12.8 12.8z\" class=\"\"><\/path><\/svg><\/i> <img loading=\"lazy\" decoding=\"async\" width=\"16\" height=\"16\" alt=\"Loading\" src=\"https:\/\/temucotelevision.cl\/web\/wp-content\/plugins\/page-views-count\/ajax-loader-2x.gif\" border=0 \/><\/p><div class=\"pvc_clear\"><\/div>\n<p><em>Asimismo, el legislador por La Araucan\u00eda emplaz\u00f3 al Gobierno a &#8220;hacerse cargo&#8221; y evaluar una<\/em><em>&nbsp;<\/em><em>compensaci\u00f3n<\/em><em><\/em><em>por<\/em><em>&nbsp;<\/em><em>los<\/em><em>&nbsp;<\/em><em>efectos<\/em><em>&nbsp;<\/em><em>econ\u00f3micos<\/em><em>&nbsp;<\/em><em>que<\/em><em>&nbsp;<\/em><em>dicha<\/em><em>&nbsp;<\/em><em>equivocaci\u00f3n<\/em><em>&nbsp;<\/em><em>gener\u00f3<\/em><em>&nbsp;<\/em><em>en<\/em><em>&nbsp;<\/em><em>otras<\/em><em>&nbsp;<\/em><em>\u00e1reas.<\/em><\/p>\n\n\n\n<p>El diputado por el Distrito 23 y actual candidato a senador por la Regi\u00f3n de La Araucan\u00eda, Henry Leal (UDI), exigi\u00f3 al Gobierno que todas las devoluciones que se realicen por los cobros err\u00f3neos aplicados en las cuentas de la luz se paguen en una sola cuota y no de manera parcializada.<\/p>\n\n\n\n<p>Al respecto, el parlamentario gremialista reaccion\u00f3 a la informaci\u00f3n entregada este lunes por el biministro de Econom\u00eda y Energ\u00eda, \u00c1lvaro Garc\u00eda, quien asegur\u00f3 que se hab\u00eda llegado a un acuerdo con las compa\u00f1\u00edas el\u00e9ctricas, que consist\u00eda en la devoluci\u00f3n de alrededor de $2 mil mensuales entre enero y junio del pr\u00f3ximo a\u00f1o, por lo que en total la restituci\u00f3n podr\u00eda bordear los $12 mil por hogar.<\/p>\n\n\n\n<p>Y si bien durante la tarde de ayer el gremio de las empresas generadoras descart\u00f3 haber llegado a un acuerdo con el Ejecutivo, de todas formas el diputado Leal emplaz\u00f3 a los actores involucrados a comprometerse con realizar una devoluci\u00f3n &#8220;r\u00e1pida&#8221; y &#8220;en un s\u00f3lo pago&#8221; a los clientes afectados.<\/p>\n\n\n\n<p>Por lo mismo, critic\u00f3 el principio de acuerdo que dio a conocer ayer el biministro Garc\u00eda, asegurando que &#8220;pretender que con una devoluci\u00f3n de apenas $12 mil pesos -que adem\u00e1s se pagar\u00e1 en seis cuotas- se dar\u00e1 por solucionado este tema, es no entender la indignaci\u00f3n que tiene la ciudadan\u00eda&#8221;.<\/p>\n\n\n\n<p>&#8220;El anuncio que hizo ayer el Gobierno, por m\u00e1s que haya sido negado por las generadoras el\u00e9ctricas, es absolutamente insuficiente y una burla hacia los chilenos, y s\u00f3lo viene a ratificar la profunda desconexi\u00f3n que las actuales autoridades tienen con la realidad de nuestro pa\u00eds. Aqu\u00ed hubo una actuaci\u00f3n completamente negligente por parte del Ejecutivo y del Estado, que no s\u00f3lo afect\u00f3 las cuentas de la luz, sino que tuvo un impacto directo en la econom\u00eda y en el bolsillo de las familias chilenas, elevando el costo de la vida en montos incalculables. Por eso es que este supuesto acuerdo en ning\u00fan caso viene a reparar todo el da\u00f1o que se ha causado, por lo que junto con solicitar que sea mejorado, exigiremos que la restituci\u00f3n de los montos se haga en un solo pago&#8221;, sostuvo Leal.<\/p>\n\n\n\n<p>Sin embargo, el representante de La Araucan\u00eda tambi\u00e9n advirti\u00f3 que el anuncio del Ejecutivo no considerar\u00eda una compensaci\u00f3n por los efectos colaterales que provoc\u00f3 el error, como por ejemplo en el c\u00e1lculo del \u00cdndice de Precios al Consumidor (IPC) y, por lo tanto, en los diferentes servicios y contratos indexados a la inflaci\u00f3n, como los cr\u00e9ditos hipotecarios o los seguros de salud y de auto.<\/p>\n\n\n\n<p>Producto de lo anterior, el diputado Leal reiter\u00f3 el anuncio que hizo a mediados de mes junto a su bancada, sobre la creaci\u00f3n de una comisi\u00f3n investigadora que se centre exclusivamente en el proceso de devoluci\u00f3n de los montos involucrados y en las compensaciones a los clientes, reiterando que &#8220;no basta con devolver lo que se cobr\u00f3 de m\u00e1s, sino que vamos a exigir una reparaci\u00f3n mayor&#8221;.<\/p>\n\n\n\n<p>&#8220;Esta grave situaci\u00f3n no se va a resolver con la salida de un ministro ni una devoluci\u00f3n parcial de los recursos involucrados. Vamos a exigir que cada impacto econ\u00f3mico que gener\u00f3 este error sea reparado en su totalidad. El anuncio de ayer es s\u00f3lo una parte de lo que corresponde hacer, porque no vamos a permitir que los chilenos paguen por la negligencia de este Gobierno. Cada perjuicio econ\u00f3mico, ya sea directo o indirecto, debe ser debidamente compensado&#8221;, indic\u00f3 el parlamentario.<\/p>\n","protected":false},"excerpt":{"rendered":"<div class=\"pvc_clear\"><\/div>\n<p id=\"pvc_stats_58818\" class=\"pvc_stats total_only  \" data-element-id=\"58818\" style=\"\"><i class=\"pvc-stats-icon large\" aria-hidden=\"true\"><svg aria-hidden=\"true\" focusable=\"false\" data-prefix=\"far\" data-icon=\"chart-bar\" role=\"img\" xmlns=\"http:\/\/www.w3.org\/2000\/svg\" viewBox=\"0 0 512 512\" class=\"svg-inline--fa fa-chart-bar fa-w-16 fa-2x\"><path fill=\"currentColor\" d=\"M396.8 352h22.4c6.4 0 12.8-6.4 12.8-12.8V108.8c0-6.4-6.4-12.8-12.8-12.8h-22.4c-6.4 0-12.8 6.4-12.8 12.8v230.4c0 6.4 6.4 12.8 12.8 12.8zm-192 0h22.4c6.4 0 12.8-6.4 12.8-12.8V140.8c0-6.4-6.4-12.8-12.8-12.8h-22.4c-6.4 0-12.8 6.4-12.8 12.8v198.4c0 6.4 6.4 12.8 12.8 12.8zm96 0h22.4c6.4 0 12.8-6.4 12.8-12.8V204.8c0-6.4-6.4-12.8-12.8-12.8h-22.4c-6.4 0-12.8 6.4-12.8 12.8v134.4c0 6.4 6.4 12.8 12.8 12.8zM496 400H48V80c0-8.84-7.16-16-16-16H16C7.16 64 0 71.16 0 80v336c0 17.67 14.33 32 32 32h464c8.84 0 16-7.16 16-16v-16c0-8.84-7.16-16-16-16zm-387.2-48h22.4c6.4 0 12.8-6.4 12.8-12.8v-70.4c0-6.4-6.4-12.8-12.8-12.8h-22.4c-6.4 0-12.8 6.4-12.8 12.8v70.4c0 6.4 6.4 12.8 12.8 12.8z\" class=\"\"><\/path><\/svg><\/i> <img loading=\"lazy\" decoding=\"async\" width=\"16\" height=\"16\" alt=\"Loading\" src=\"https:\/\/temucotelevision.cl\/web\/wp-content\/plugins\/page-views-count\/ajax-loader-2x.gif\" border=0 \/><\/p>\n<div class=\"pvc_clear\"><\/div>\n<p>Asimismo, el legislador por La Araucan\u00eda emplaz\u00f3 al Gobierno a &#8220;hacerse cargo&#8221; y evaluar una&nbsp;compensaci\u00f3npor&nbsp;los&nbsp;efectos&nbsp;econ\u00f3micos&nbsp;que&nbsp;dicha&nbsp;equivocaci\u00f3n&nbsp;gener\u00f3&nbsp;en&nbsp;otras&nbsp;\u00e1reas. El diputado por el Distrito<\/p>\n","protected":false},"author":1,"featured_media":51835,"comment_status":"open","ping_status":"open","sticky":false,"template":"","format":"standard","meta":{"colormag_page_container_layout":"default_layout","colormag_page_sidebar_layout":"default_layout","footnotes":""},"categories":[15,84],"tags":[154],"class_list":["post-58818","post","type-post","status-publish","format-standard","has-post-thumbnail","hentry","category-la-araucania","category-politica","tag-diputado"],"a3_pvc":{"activated":true,"total_views":4531,"today_views":0},"_links":{"self":[{"href":"https:\/\/temucotelevision.cl\/web\/wp-json\/wp\/v2\/posts\/58818","targetHints":{"allow":["GET"]}}],"collection":[{"href":"https:\/\/temucotelevision.cl\/web\/wp-json\/wp\/v2\/posts"}],"about":[{"href":"https:\/\/temucotelevision.cl\/web\/wp-json\/wp\/v2\/types\/post"}],"author":[{"embeddable":true,"href":"https:\/\/temucotelevision.cl\/web\/wp-json\/wp\/v2\/users\/1"}],"replies":[{"embeddable":true,"href":"https:\/\/temucotelevision.cl\/web\/wp-json\/wp\/v2\/comments?post=58818"}],"version-history":[{"count":1,"href":"https:\/\/temucotelevision.cl\/web\/wp-json\/wp\/v2\/posts\/58818\/revisions"}],"predecessor-version":[{"id":58819,"href":"https:\/\/temucotelevision.cl\/web\/wp-json\/wp\/v2\/posts\/58818\/revisions\/58819"}],"wp:featuredmedia":[{"embeddable":true,"href":"https:\/\/temucotelevision.cl\/web\/wp-json\/wp\/v2\/media\/51835"}],"wp:attachment":[{"href":"https:\/\/temucotelevision.cl\/web\/wp-json\/wp\/v2\/media?parent=58818"}],"wp:term":[{"taxonomy":"category","embeddable":true,"href":"https:\/\/temucotelevision.cl\/web\/wp-json\/wp\/v2\/categories?post=58818"},{"taxonomy":"post_tag","embeddable":true,"href":"https:\/\/temucotelevision.cl\/web\/wp-json\/wp\/v2\/tags?post=58818"}],"curies":[{"name":"wp","href":"https:\/\/api.w.org\/{rel}","templated":true}]}}