{"id":58814,"date":"2025-10-28T16:58:07","date_gmt":"2025-10-28T19:58:07","guid":{"rendered":"https:\/\/temucotelevision.cl\/web\/?p=58814"},"modified":"2025-10-28T16:58:08","modified_gmt":"2025-10-28T19:58:08","slug":"exitosa-expo-mayor-y-servicios-de-temuco-se-toman-isla-cautin-y-presentan-nuevo-decalogo-compromiso-mayor","status":"publish","type":"post","link":"https:\/\/temucotelevision.cl\/web\/2025\/10\/28\/exitosa-expo-mayor-y-servicios-de-temuco-se-toman-isla-cautin-y-presentan-nuevo-decalogo-compromiso-mayor\/","title":{"rendered":"Exitosa \u201cExpo Mayor\u201d y servicios de Temuco se toman Isla Caut\u00edn y presentan nuevo dec\u00e1logo \u201cCompromiso Mayor\u201d"},"content":{"rendered":"<div class=\"pvc_clear\"><\/div><p id=\"pvc_stats_58814\" class=\"pvc_stats total_only  \" data-element-id=\"58814\" style=\"\"><i class=\"pvc-stats-icon large\" aria-hidden=\"true\"><svg aria-hidden=\"true\" focusable=\"false\" data-prefix=\"far\" data-icon=\"chart-bar\" role=\"img\" xmlns=\"http:\/\/www.w3.org\/2000\/svg\" viewBox=\"0 0 512 512\" class=\"svg-inline--fa fa-chart-bar fa-w-16 fa-2x\"><path fill=\"currentColor\" d=\"M396.8 352h22.4c6.4 0 12.8-6.4 12.8-12.8V108.8c0-6.4-6.4-12.8-12.8-12.8h-22.4c-6.4 0-12.8 6.4-12.8 12.8v230.4c0 6.4 6.4 12.8 12.8 12.8zm-192 0h22.4c6.4 0 12.8-6.4 12.8-12.8V140.8c0-6.4-6.4-12.8-12.8-12.8h-22.4c-6.4 0-12.8 6.4-12.8 12.8v198.4c0 6.4 6.4 12.8 12.8 12.8zm96 0h22.4c6.4 0 12.8-6.4 12.8-12.8V204.8c0-6.4-6.4-12.8-12.8-12.8h-22.4c-6.4 0-12.8 6.4-12.8 12.8v134.4c0 6.4 6.4 12.8 12.8 12.8zM496 400H48V80c0-8.84-7.16-16-16-16H16C7.16 64 0 71.16 0 80v336c0 17.67 14.33 32 32 32h464c8.84 0 16-7.16 16-16v-16c0-8.84-7.16-16-16-16zm-387.2-48h22.4c6.4 0 12.8-6.4 12.8-12.8v-70.4c0-6.4-6.4-12.8-12.8-12.8h-22.4c-6.4 0-12.8 6.4-12.8 12.8v70.4c0 6.4 6.4 12.8 12.8 12.8z\" class=\"\"><\/path><\/svg><\/i> <img loading=\"lazy\" decoding=\"async\" width=\"16\" height=\"16\" alt=\"Loading\" src=\"https:\/\/temucotelevision.cl\/web\/wp-content\/plugins\/page-views-count\/ajax-loader-2x.gif\" border=0 \/><\/p><div class=\"pvc_clear\"><\/div>\n<p><em><strong>El Proyecto impulsado por la Municipalidad de Temuco, Opci\u00f3n Mayor y representantes del comercio local busca el compromiso con fortalecer el respeto, la inclusi\u00f3n y la dignidad en la atenci\u00f3n cotidiana hacia los consumidores mayores.<\/strong><\/em><\/p>\n\n\n\n<p>En el marco del Mes del Adulto Mayor se desarroll\u00f3 la tradicional feria Expo Mayor en el Parque Isla Caut\u00edn, instancia que reuni\u00f3 a la comunidad temuquense en torno a la creatividad, el emprendimiento y el reconocimiento de las personas mayores.<\/p>\n\n\n\n<p>La jornada contempl\u00f3 la exposici\u00f3n de talleres impulsados por la Direcci\u00f3n de Personas Mayores, destacando costura, pintura y manualidades, con el prop\u00f3sito de visibilizar el aporte emprendedor y las necesidades de este importante grupo etario dentro de la sociedad.&nbsp;<\/p>\n\n\n\n<p>Paralelamente, se realiz\u00f3 una gran feria informativa y de servicios, que cont\u00f3 con la participaci\u00f3n de 25 stands pertenecientes a universidades, instituciones p\u00fablicas y municipales, los cuales presentaron su oferta en salud y programas de apoyo orientados a las personas mayores.&nbsp; La buena recepci\u00f3n de la comunidad fue evidente: \u201cEs muy hermoso estar con las personas mayores; fue una tarde incre\u00edble. Gracias a la Municipalidad y a nuestro alcalde Roberto Neira\u201d, expres\u00f3 M\u00f3nica Soto, participante de la feria.<\/p>\n\n\n\n<p>Uno de los momentos m\u00e1s emotivos de la jornada fue el reconocimiento a personas mayores destacadas de la comuna; entre ellas, Elvira Mill\u00f3n Escobar, de 106 a\u00f1os, quien fue homenajeada como un verdadero s\u00edmbolo de sabidur\u00eda, trayectoria y compromiso.<\/p>\n\n\n\n<p>Para muchos asistentes, estas instancias han significado una oportunidad de encuentro y bienestar. \u201cEl municipio nos ha dado un gran apoyo para realizar estas actividades (&#8230;) son muy entretenidas y saludables para nosotros. Nuestra salud mental se aliviana con esto de ver tanta maravilla\u201d, coment\u00f3 Juana Salamanca, part\u00edcipe de las actividades.<\/p>\n\n\n\n<p><strong>La propuesta Compromiso Mayor<\/strong><\/p>\n\n\n\n<p>La instancia tambi\u00e9n estuvo marcada por la presentaci\u00f3n del dec\u00e1logo \u201cCompromiso Mayor\u201d, iniciativa que busca fomentar un trato digno, respetuoso y emp\u00e1tico hacia las personas mayores por parte del comercio local de Temuco.<\/p>\n\n\n\n<p>El proyecto ha sido elaborado por la Municipalidad de Temuco, a trav\u00e9s de la Direcci\u00f3n de Personas Mayores y el departamento de Participaci\u00f3n Ciudadana; de esta forma y junto al portal Opci\u00f3n Mayor y diversos representantes del comercio local, se busca consolidar una cultura de atenci\u00f3n m\u00e1s emp\u00e1tica, segura y accesible, donde las personas mayores sean reconocidas como consumidores activos y valiosos dentro del desarrollo econ\u00f3mico y social.<\/p>\n\n\n\n<p>El alcalde de Temuco, Roberto Neira, destac\u00f3 la importancia de la participaci\u00f3n ciudadana y valor\u00f3 el trabajo conjunto con la Direcci\u00f3n de Personas Mayores en la creaci\u00f3n de un dec\u00e1logo de buenas pr\u00e1cticas. \u201cEllas y ellos deben sentir que las distintas instituciones, ya sean empresariales, del Estado y el municipio, tengan este dec\u00e1logo y, de esa forma, una buena atenci\u00f3n, un buen ingreso, un guardia atento, respeto en la fila. Al final del d\u00eda, es hacer una ciudad m\u00e1s inclusiva y respetuosa\u201d, finaliz\u00f3.<\/p>\n\n\n\n<p>El dec\u00e1logo exhibido incluye acuerdos como promover una cultura del respeto y la dignidad en la vejez, brindar una atenci\u00f3n personalizada y emp\u00e1tica, impulsar la capacitaci\u00f3n continua del personal y asegurar la accesibilidad universal, entre otros compromisos.<\/p>\n\n\n\n<p>Con esta prometedora iniciativa, la Municipalidad de Temuco hace un llamado a que m\u00e1s locales, empresas grandes y peque\u00f1as se sumen a esta causa, contribuyendo as\u00ed a hacer de Temuco una ciudad m\u00e1s amigable, inclusiva y un referente en su compromiso con las personas mayores.<\/p>\n\n\n\n<figure class=\"wp-block-image size-large\"><img loading=\"lazy\" decoding=\"async\" width=\"1000\" height=\"667\" src=\"https:\/\/temucotelevision.cl\/web\/wp-content\/uploads\/2025\/10\/FOTO-1-1-1000x667.jpg\" alt=\"\" class=\"wp-image-58816\" srcset=\"https:\/\/temucotelevision.cl\/web\/wp-content\/uploads\/2025\/10\/FOTO-1-1-1000x667.jpg 1000w, https:\/\/temucotelevision.cl\/web\/wp-content\/uploads\/2025\/10\/FOTO-1-1-768x512.jpg 768w, https:\/\/temucotelevision.cl\/web\/wp-content\/uploads\/2025\/10\/FOTO-1-1-1536x1024.jpg 1536w, https:\/\/temucotelevision.cl\/web\/wp-content\/uploads\/2025\/10\/FOTO-1-1-2048x1365.jpg 2048w\" sizes=\"auto, (max-width: 1000px) 100vw, 1000px\" \/><\/figure>\n","protected":false},"excerpt":{"rendered":"<div class=\"pvc_clear\"><\/div>\n<p id=\"pvc_stats_58814\" class=\"pvc_stats total_only  \" data-element-id=\"58814\" style=\"\"><i class=\"pvc-stats-icon large\" aria-hidden=\"true\"><svg aria-hidden=\"true\" focusable=\"false\" data-prefix=\"far\" data-icon=\"chart-bar\" role=\"img\" xmlns=\"http:\/\/www.w3.org\/2000\/svg\" viewBox=\"0 0 512 512\" class=\"svg-inline--fa fa-chart-bar fa-w-16 fa-2x\"><path fill=\"currentColor\" d=\"M396.8 352h22.4c6.4 0 12.8-6.4 12.8-12.8V108.8c0-6.4-6.4-12.8-12.8-12.8h-22.4c-6.4 0-12.8 6.4-12.8 12.8v230.4c0 6.4 6.4 12.8 12.8 12.8zm-192 0h22.4c6.4 0 12.8-6.4 12.8-12.8V140.8c0-6.4-6.4-12.8-12.8-12.8h-22.4c-6.4 0-12.8 6.4-12.8 12.8v198.4c0 6.4 6.4 12.8 12.8 12.8zm96 0h22.4c6.4 0 12.8-6.4 12.8-12.8V204.8c0-6.4-6.4-12.8-12.8-12.8h-22.4c-6.4 0-12.8 6.4-12.8 12.8v134.4c0 6.4 6.4 12.8 12.8 12.8zM496 400H48V80c0-8.84-7.16-16-16-16H16C7.16 64 0 71.16 0 80v336c0 17.67 14.33 32 32 32h464c8.84 0 16-7.16 16-16v-16c0-8.84-7.16-16-16-16zm-387.2-48h22.4c6.4 0 12.8-6.4 12.8-12.8v-70.4c0-6.4-6.4-12.8-12.8-12.8h-22.4c-6.4 0-12.8 6.4-12.8 12.8v70.4c0 6.4 6.4 12.8 12.8 12.8z\" class=\"\"><\/path><\/svg><\/i> <img loading=\"lazy\" decoding=\"async\" width=\"16\" height=\"16\" alt=\"Loading\" src=\"https:\/\/temucotelevision.cl\/web\/wp-content\/plugins\/page-views-count\/ajax-loader-2x.gif\" border=0 \/><\/p>\n<div class=\"pvc_clear\"><\/div>\n<p>El Proyecto impulsado por la Municipalidad de Temuco, Opci\u00f3n Mayor y representantes del comercio local busca el compromiso con fortalecer<\/p>\n","protected":false},"author":1,"featured_media":58815,"comment_status":"open","ping_status":"open","sticky":false,"template":"","format":"standard","meta":{"colormag_page_container_layout":"default_layout","colormag_page_sidebar_layout":"default_layout","footnotes":""},"categories":[15],"tags":[7268],"class_list":["post-58814","post","type-post","status-publish","format-standard","has-post-thumbnail","hentry","category-la-araucania","tag-expo-mayor"],"a3_pvc":{"activated":true,"total_views":1907,"today_views":0},"_links":{"self":[{"href":"https:\/\/temucotelevision.cl\/web\/wp-json\/wp\/v2\/posts\/58814","targetHints":{"allow":["GET"]}}],"collection":[{"href":"https:\/\/temucotelevision.cl\/web\/wp-json\/wp\/v2\/posts"}],"about":[{"href":"https:\/\/temucotelevision.cl\/web\/wp-json\/wp\/v2\/types\/post"}],"author":[{"embeddable":true,"href":"https:\/\/temucotelevision.cl\/web\/wp-json\/wp\/v2\/users\/1"}],"replies":[{"embeddable":true,"href":"https:\/\/temucotelevision.cl\/web\/wp-json\/wp\/v2\/comments?post=58814"}],"version-history":[{"count":1,"href":"https:\/\/temucotelevision.cl\/web\/wp-json\/wp\/v2\/posts\/58814\/revisions"}],"predecessor-version":[{"id":58817,"href":"https:\/\/temucotelevision.cl\/web\/wp-json\/wp\/v2\/posts\/58814\/revisions\/58817"}],"wp:featuredmedia":[{"embeddable":true,"href":"https:\/\/temucotelevision.cl\/web\/wp-json\/wp\/v2\/media\/58815"}],"wp:attachment":[{"href":"https:\/\/temucotelevision.cl\/web\/wp-json\/wp\/v2\/media?parent=58814"}],"wp:term":[{"taxonomy":"category","embeddable":true,"href":"https:\/\/temucotelevision.cl\/web\/wp-json\/wp\/v2\/categories?post=58814"},{"taxonomy":"post_tag","embeddable":true,"href":"https:\/\/temucotelevision.cl\/web\/wp-json\/wp\/v2\/tags?post=58814"}],"curies":[{"name":"wp","href":"https:\/\/api.w.org\/{rel}","templated":true}]}}