{"id":58807,"date":"2025-10-28T13:59:48","date_gmt":"2025-10-28T16:59:48","guid":{"rendered":"https:\/\/temucotelevision.cl\/web\/?p=58807"},"modified":"2025-10-28T13:59:49","modified_gmt":"2025-10-28T16:59:49","slug":"experiencia-e-la-gran-fiesta-de-los-autos-electricos-e-karts-tecnologia-y-entretencion-para-toda-la-familia","status":"publish","type":"post","link":"https:\/\/temucotelevision.cl\/web\/2025\/10\/28\/experiencia-e-la-gran-fiesta-de-los-autos-electricos-e-karts-tecnologia-y-entretencion-para-toda-la-familia\/","title":{"rendered":"Experiencia E: la gran fiesta de los autos el\u00e9ctricos, E-karts, tecnolog\u00eda y entretenci\u00f3n para toda la familia"},"content":{"rendered":"<div class=\"pvc_clear\"><\/div><p id=\"pvc_stats_58807\" class=\"pvc_stats total_only  \" data-element-id=\"58807\" style=\"\"><i class=\"pvc-stats-icon large\" aria-hidden=\"true\"><svg aria-hidden=\"true\" focusable=\"false\" data-prefix=\"far\" data-icon=\"chart-bar\" role=\"img\" xmlns=\"http:\/\/www.w3.org\/2000\/svg\" viewBox=\"0 0 512 512\" class=\"svg-inline--fa fa-chart-bar fa-w-16 fa-2x\"><path fill=\"currentColor\" d=\"M396.8 352h22.4c6.4 0 12.8-6.4 12.8-12.8V108.8c0-6.4-6.4-12.8-12.8-12.8h-22.4c-6.4 0-12.8 6.4-12.8 12.8v230.4c0 6.4 6.4 12.8 12.8 12.8zm-192 0h22.4c6.4 0 12.8-6.4 12.8-12.8V140.8c0-6.4-6.4-12.8-12.8-12.8h-22.4c-6.4 0-12.8 6.4-12.8 12.8v198.4c0 6.4 6.4 12.8 12.8 12.8zm96 0h22.4c6.4 0 12.8-6.4 12.8-12.8V204.8c0-6.4-6.4-12.8-12.8-12.8h-22.4c-6.4 0-12.8 6.4-12.8 12.8v134.4c0 6.4 6.4 12.8 12.8 12.8zM496 400H48V80c0-8.84-7.16-16-16-16H16C7.16 64 0 71.16 0 80v336c0 17.67 14.33 32 32 32h464c8.84 0 16-7.16 16-16v-16c0-8.84-7.16-16-16-16zm-387.2-48h22.4c6.4 0 12.8-6.4 12.8-12.8v-70.4c0-6.4-6.4-12.8-12.8-12.8h-22.4c-6.4 0-12.8 6.4-12.8 12.8v70.4c0 6.4 6.4 12.8 12.8 12.8z\" class=\"\"><\/path><\/svg><\/i> <img loading=\"lazy\" decoding=\"async\" width=\"16\" height=\"16\" alt=\"Loading\" src=\"https:\/\/temucotelevision.cl\/web\/wp-content\/plugins\/page-views-count\/ajax-loader-2x.gif\" border=0 \/><\/p><div class=\"pvc_clear\"><\/div>\n<ul class=\"wp-block-list\">\n<li><em>La principal feria de la electromovilidad se llevar\u00e1 a cabo entre el 6 y 9 de noviembre pr\u00f3ximo en Espacio Riesco.<\/em><\/li>\n\n\n\n<li><em>Uno de los hitos m\u00e1s esperados ser\u00e1 el Tesla Light Show, donde m\u00e1s de 150 veh\u00edculos buscar\u00e1n romper el r\u00e9cord latinoamericano de sincronizaci\u00f3n de luces, movimiento y m\u00fasica en vivo.<\/em><\/li>\n<\/ul>\n\n\n\n<p>La movilidad el\u00e9ctrica y las nuevas tecnolog\u00edas se tomar\u00e1n la escena con la cuarta edici\u00f3n de Experiencia E, el encuentro m\u00e1s importante de electromovilidad, innovaci\u00f3n y energ\u00eda sostenible de Chile y Latinoam\u00e9rica.<br>Del 6 al 9 de noviembre, Espacio Riesco ser\u00e1 el punto de encuentro para m\u00e1s de 15 mil visitantes, en una exhibici\u00f3n de 22.500 metros cuadrados que contar\u00e1 con actividades para profesionales del sector, amantes de la tecnolog\u00eda y familias que buscan un panorama diferente.<\/p>\n\n\n\n<p>Organizada por FISA, del grupo GL events, junto a Eliseo Salazar, la feria ofrecer\u00e1 cuatro pistas de prueba, un foro profesional de alto nivel, espect\u00e1culos en vivo de motos el\u00e9ctricas y la esperada presentaci\u00f3n del Tesla Light Show, donde m\u00e1s de 150 veh\u00edculos Tesla sincronizar\u00e1n sus luces, ventanas y maleteros al ritmo de un DJ en vivo, con el objetivo de batir el r\u00e9cord latinoamericano.<\/p>\n\n\n\n<p>Seg\u00fan Carola Fuentes, gerenta general de FISA, \u201cesta cuarta edici\u00f3n consolida a Experiencia E como la feria m\u00e1s importante de electromovilidad y energ\u00edas sostenibles del pa\u00eds. Es un espacio que re\u00fane a todo el ecosistema de la movilidad el\u00e9ctrica para impulsar tecnolog\u00edas limpias y proyectar ciudades m\u00e1s amigables, sostenibles y conectadas con el futuro\u201d.<\/p>\n\n\n\n<p>La exhibici\u00f3n reunir\u00e1 a empresas de electromovilidad liviana, infraestructura de carga, energ\u00edas renovables, desarrolladores de bater\u00edas, instituciones p\u00fablicas, startups tecnol\u00f3gicas y organizaciones ambientales, consolid\u00e1ndose como el principal espacio de di\u00e1logo y colaboraci\u00f3n para impulsar la movilidad el\u00e9ctrica en Chile y Am\u00e9rica Latina.<\/p>\n\n\n\n<p>Para Eliseo Salazar, presidente ejecutivo de Experiencia E, el evento \u201cviene recargado de buenas noticias y novedades. Ser\u00e1n cuatro d\u00edas de lanzamientos, pruebas de manejo, experiencias interactivas y capacitaciones que acercar\u00e1n la electromovilidad a todos los p\u00fablicos\u201d.<\/p>\n\n\n\n<p><strong>Entretenci\u00f3n garantizada<\/strong><\/p>\n\n\n\n<p>Experiencia E re\u00fane a\u00f1o a a\u00f1o a una diversidad de p\u00fablicos, desde profesionales relacionados con la electromovilidad e innovaci\u00f3n tecnol\u00f3gica hasta l\u00edderes sectoriales, as\u00ed como estudiantes y familias que quieren pasar un d\u00eda lleno de entretenciones.<\/p>\n\n\n\n<p>Entre las actividades destacan:<\/p>\n\n\n\n<ul class=\"wp-block-list\">\n<li><strong>PISTA DE ELECTROMOVILIDAD LIVIANA<\/strong>: a cargo de E-Mobility, donde los asistentes, ni\u00f1os y adultos, podr\u00e1n probar de manera gratuita scooters, motos el\u00e9ctricas y toda la seguridad de sus implementos.<\/li>\n\n\n\n<li><strong>PISTA DE E-KARTS \u201cCIUDAD EDUCATIVA\u201d<\/strong>: pensada para los ni\u00f1os, quienes podr\u00e1n aprender normas de tr\u00e1nsito y seguridad vial a la par de la entretenci\u00f3n. Tambi\u00e9n es un espacio sin costo adicional.<\/li>\n\n\n\n<li><strong>PISTA PRINCIPAL DE TEST DRIVE DE AUTOS EL\u00c9CTRICOS<\/strong>: es una de las principales experiencias que podr\u00e1n vivir los m\u00e1s grandes. Por orden de llegada y de manera gratuita tendr\u00e1n acceso a elegir y conducir m\u00e1s de 10 veh\u00edculos el\u00e9ctricos de prueba. El \u00fanico requisito es contar con licencia de conducir.<\/li>\n\n\n\n<li><strong>PISTA HOT LAPS<\/strong>: Eliseo Salazar junto a otros destacados pilotos nacionales permitir\u00e1n que los asistentes puedan experimentar la velocidad, maniobrabilidad y torque de los modelos que se podr\u00e1n probar durante los 4 d\u00edas que dura la feria.<\/li>\n\n\n\n<li><strong>PISTA DE E-KARTS RACING<\/strong>: un circuito para adultos con ganas de experimentar el karting el\u00e9ctrico y disfrutar de su intensidad total.<\/li>\n<\/ul>\n\n\n\n<p>Sin duda, lo m\u00e1s esperado ser\u00e1 el&nbsp;<strong>Show de Luces Tesla<\/strong>, un encuentro que se llevar\u00e1 a cabo el viernes 7 de noviembre, a las 21:00 hrs. instancia en la que cientos de autos Tesla sincronizar\u00e1n sus luces, ventanas y puertas, con el objetivo de romper el r\u00e9cord latinoamericano, logrado por \u00faltima vez en M\u00e9xico.<\/p>\n\n\n\n<p>Entre las principales atracciones de la feria destacan la exhibici\u00f3n por primera vez en Chile de la Tesla Cybertruck, una Victoria El\u00e9ctrica, espect\u00e1culos de saltos de motos y la zona \u201cKids Experience\u201d, un espacio de 400 metros cuadrados especialmente dise\u00f1ado para ni\u00f1os, con juegos, simuladores y actividades interactivas.<br>Tambi\u00e9n habr\u00e1 una Zona VIP Lounge, concebida como un punto de encuentro para el networking, el descanso y la m\u00fasica en vivo, con DJs invitados y m\u00faltiples sorpresas.<\/p>\n\n\n\n<p><strong>Foro Profesional y Conversatorios<\/strong><\/p>\n\n\n\n<p>Como parte de su compromiso con el desarrollo del sector, Experiencia E realizar\u00e1 un Foro Profesional que reunir\u00e1 a expertos p\u00fablicos y privados para debatir sobre los principales desaf\u00edos de la electromovilidad, entre ellos el rol del Estado en la descarbonizaci\u00f3n, la infraestructura de carga y la econom\u00eda circular.<\/p>\n\n\n\n<p>Las charlas est\u00e1n lideradas por la Agencia Chilena de Sostenibilidad Energ\u00e9tica, CONASET y el Centro de Movilidad Sostenible, donde participar\u00e1n autoridades de energ\u00eda y transporte, y gerentes de las empresas m\u00e1s relevantes en esta materia.<\/p>\n\n\n\n<p>En el marco del foro se presentar\u00e1n los resultados y proyecciones del Acuerdo por la Electromovilidad 2023-2024, a cargo del Ministerio de Energ\u00eda y la Agencia de Sostenibilidad Energ\u00e9tica.<\/p>\n\n\n\n<p><strong>Horarios y Entradas<\/strong><\/p>\n\n\n\n<p>La feria se abrir\u00e1 el jueves 6 de noviembre de 10:00 a 18:00 horas. El viernes 7 de noviembre habr\u00e1 una jornada doble, ya que la feria ser\u00e1 de 10:00 a 19:00 horas. Y de las 19:00 a 21:00 horas, habr\u00e1 una fiesta familiar con un DJ para luego dar paso al Show de Luces Tesla.<\/p>\n\n\n\n<p>El s\u00e1bado 8 de noviembre Experiencia E ser\u00e1 de 11:00 a 20:00 horas y el domingo 9 de noviembre de 11:00 a 19:00 horas.<\/p>\n\n\n\n<p>Las entradas generales tendr\u00e1n un valor de los $5.850 + cargo por servicio. Mientras que las entradas con el VIP Lounge tendr\u00e1n un valor de $92.800 (Acceso al VIP con gastronom\u00eda todo el d\u00eda\/fast Line en el circuito de pistas de auto el\u00e9ctricos \/ Kit de regalo).<\/p>\n\n\n\n<p>Para quienes quieran vivir la Experiencia Hot Laps, el valor ser\u00e1 de $59.000, que incluye entrada, vivir la experiencia de la conducci\u00f3n de un auto el\u00e9ctrico junto a un piloto profesional y un kit de regalo.<\/p>\n\n\n\n<p>Ni\u00f1os menores de 18 a\u00f1os ingresan gratis y los adultos mayores podr\u00e1n ingresar con tickets de $4.850 + cargo por servicio.<\/p>\n\n\n\n<p>El estacionamiento ser\u00e1 gratuito.<\/p>\n\n\n\n<p>Compra de entrada y m\u00e1s informaci\u00f3n visite&nbsp;<a href=\"http:\/\/www.experienciae.cl\/\" target=\"_blank\" rel=\"noreferrer noopener\">www.experienciae.cl<\/a>.<\/p>\n\n\n\n<figure class=\"wp-block-image size-large\"><img loading=\"lazy\" decoding=\"async\" width=\"1000\" height=\"563\" src=\"https:\/\/temucotelevision.cl\/web\/wp-content\/uploads\/2025\/10\/EE1-1000x563.jpeg\" alt=\"\" class=\"wp-image-58809\" srcset=\"https:\/\/temucotelevision.cl\/web\/wp-content\/uploads\/2025\/10\/EE1-1000x563.jpeg 1000w, https:\/\/temucotelevision.cl\/web\/wp-content\/uploads\/2025\/10\/EE1-768x432.jpeg 768w, https:\/\/temucotelevision.cl\/web\/wp-content\/uploads\/2025\/10\/EE1-1536x864.jpeg 1536w, https:\/\/temucotelevision.cl\/web\/wp-content\/uploads\/2025\/10\/EE1.jpeg 1600w\" sizes=\"auto, (max-width: 1000px) 100vw, 1000px\" \/><\/figure>\n","protected":false},"excerpt":{"rendered":"<div class=\"pvc_clear\"><\/div>\n<p id=\"pvc_stats_58807\" class=\"pvc_stats total_only  \" data-element-id=\"58807\" style=\"\"><i class=\"pvc-stats-icon large\" aria-hidden=\"true\"><svg aria-hidden=\"true\" focusable=\"false\" data-prefix=\"far\" data-icon=\"chart-bar\" role=\"img\" xmlns=\"http:\/\/www.w3.org\/2000\/svg\" viewBox=\"0 0 512 512\" class=\"svg-inline--fa fa-chart-bar fa-w-16 fa-2x\"><path fill=\"currentColor\" d=\"M396.8 352h22.4c6.4 0 12.8-6.4 12.8-12.8V108.8c0-6.4-6.4-12.8-12.8-12.8h-22.4c-6.4 0-12.8 6.4-12.8 12.8v230.4c0 6.4 6.4 12.8 12.8 12.8zm-192 0h22.4c6.4 0 12.8-6.4 12.8-12.8V140.8c0-6.4-6.4-12.8-12.8-12.8h-22.4c-6.4 0-12.8 6.4-12.8 12.8v198.4c0 6.4 6.4 12.8 12.8 12.8zm96 0h22.4c6.4 0 12.8-6.4 12.8-12.8V204.8c0-6.4-6.4-12.8-12.8-12.8h-22.4c-6.4 0-12.8 6.4-12.8 12.8v134.4c0 6.4 6.4 12.8 12.8 12.8zM496 400H48V80c0-8.84-7.16-16-16-16H16C7.16 64 0 71.16 0 80v336c0 17.67 14.33 32 32 32h464c8.84 0 16-7.16 16-16v-16c0-8.84-7.16-16-16-16zm-387.2-48h22.4c6.4 0 12.8-6.4 12.8-12.8v-70.4c0-6.4-6.4-12.8-12.8-12.8h-22.4c-6.4 0-12.8 6.4-12.8 12.8v70.4c0 6.4 6.4 12.8 12.8 12.8z\" class=\"\"><\/path><\/svg><\/i> <img loading=\"lazy\" decoding=\"async\" width=\"16\" height=\"16\" alt=\"Loading\" src=\"https:\/\/temucotelevision.cl\/web\/wp-content\/plugins\/page-views-count\/ajax-loader-2x.gif\" border=0 \/><\/p>\n<div class=\"pvc_clear\"><\/div>\n<p>La movilidad el\u00e9ctrica y las nuevas tecnolog\u00edas se tomar\u00e1n la escena con la cuarta edici\u00f3n de Experiencia E, el encuentro<\/p>\n","protected":false},"author":1,"featured_media":58808,"comment_status":"open","ping_status":"open","sticky":false,"template":"","format":"standard","meta":{"colormag_page_container_layout":"default_layout","colormag_page_sidebar_layout":"default_layout","footnotes":""},"categories":[86,6973],"tags":[1712],"class_list":["post-58807","post","type-post","status-publish","format-standard","has-post-thumbnail","hentry","category-panoramas","category-tecnologia","tag-autos"],"a3_pvc":{"activated":true,"total_views":2801,"today_views":0},"_links":{"self":[{"href":"https:\/\/temucotelevision.cl\/web\/wp-json\/wp\/v2\/posts\/58807","targetHints":{"allow":["GET"]}}],"collection":[{"href":"https:\/\/temucotelevision.cl\/web\/wp-json\/wp\/v2\/posts"}],"about":[{"href":"https:\/\/temucotelevision.cl\/web\/wp-json\/wp\/v2\/types\/post"}],"author":[{"embeddable":true,"href":"https:\/\/temucotelevision.cl\/web\/wp-json\/wp\/v2\/users\/1"}],"replies":[{"embeddable":true,"href":"https:\/\/temucotelevision.cl\/web\/wp-json\/wp\/v2\/comments?post=58807"}],"version-history":[{"count":1,"href":"https:\/\/temucotelevision.cl\/web\/wp-json\/wp\/v2\/posts\/58807\/revisions"}],"predecessor-version":[{"id":58810,"href":"https:\/\/temucotelevision.cl\/web\/wp-json\/wp\/v2\/posts\/58807\/revisions\/58810"}],"wp:featuredmedia":[{"embeddable":true,"href":"https:\/\/temucotelevision.cl\/web\/wp-json\/wp\/v2\/media\/58808"}],"wp:attachment":[{"href":"https:\/\/temucotelevision.cl\/web\/wp-json\/wp\/v2\/media?parent=58807"}],"wp:term":[{"taxonomy":"category","embeddable":true,"href":"https:\/\/temucotelevision.cl\/web\/wp-json\/wp\/v2\/categories?post=58807"},{"taxonomy":"post_tag","embeddable":true,"href":"https:\/\/temucotelevision.cl\/web\/wp-json\/wp\/v2\/tags?post=58807"}],"curies":[{"name":"wp","href":"https:\/\/api.w.org\/{rel}","templated":true}]}}