{"id":58743,"date":"2025-10-26T10:09:38","date_gmt":"2025-10-26T13:09:38","guid":{"rendered":"https:\/\/temucotelevision.cl\/web\/?p=58743"},"modified":"2025-10-26T10:09:39","modified_gmt":"2025-10-26T13:09:39","slug":"joe-vasconcellos-celebra-los-30-anos-de-toque-con-una-edicion-inmersiva-en-dolby-atmos","status":"publish","type":"post","link":"https:\/\/temucotelevision.cl\/web\/2025\/10\/26\/joe-vasconcellos-celebra-los-30-anos-de-toque-con-una-edicion-inmersiva-en-dolby-atmos\/","title":{"rendered":"Joe Vasconcellos celebra los 30 a\u00f1os de TOQUE con una edici\u00f3n inmersiva en Dolby Atmos"},"content":{"rendered":"<div class=\"pvc_clear\"><\/div><p id=\"pvc_stats_58743\" class=\"pvc_stats total_only  \" data-element-id=\"58743\" style=\"\"><i class=\"pvc-stats-icon large\" aria-hidden=\"true\"><svg aria-hidden=\"true\" focusable=\"false\" data-prefix=\"far\" data-icon=\"chart-bar\" role=\"img\" xmlns=\"http:\/\/www.w3.org\/2000\/svg\" viewBox=\"0 0 512 512\" class=\"svg-inline--fa fa-chart-bar fa-w-16 fa-2x\"><path fill=\"currentColor\" d=\"M396.8 352h22.4c6.4 0 12.8-6.4 12.8-12.8V108.8c0-6.4-6.4-12.8-12.8-12.8h-22.4c-6.4 0-12.8 6.4-12.8 12.8v230.4c0 6.4 6.4 12.8 12.8 12.8zm-192 0h22.4c6.4 0 12.8-6.4 12.8-12.8V140.8c0-6.4-6.4-12.8-12.8-12.8h-22.4c-6.4 0-12.8 6.4-12.8 12.8v198.4c0 6.4 6.4 12.8 12.8 12.8zm96 0h22.4c6.4 0 12.8-6.4 12.8-12.8V204.8c0-6.4-6.4-12.8-12.8-12.8h-22.4c-6.4 0-12.8 6.4-12.8 12.8v134.4c0 6.4 6.4 12.8 12.8 12.8zM496 400H48V80c0-8.84-7.16-16-16-16H16C7.16 64 0 71.16 0 80v336c0 17.67 14.33 32 32 32h464c8.84 0 16-7.16 16-16v-16c0-8.84-7.16-16-16-16zm-387.2-48h22.4c6.4 0 12.8-6.4 12.8-12.8v-70.4c0-6.4-6.4-12.8-12.8-12.8h-22.4c-6.4 0-12.8 6.4-12.8 12.8v70.4c0 6.4 6.4 12.8 12.8 12.8z\" class=\"\"><\/path><\/svg><\/i> <img loading=\"lazy\" decoding=\"async\" width=\"16\" height=\"16\" alt=\"Loading\" src=\"https:\/\/temucotelevision.cl\/web\/wp-content\/plugins\/page-views-count\/ajax-loader-2x.gif\" border=0 \/><\/p><div class=\"pvc_clear\"><\/div>\n<p><strong><em>El emblem\u00e1tico disco de Joe Vasconcellos regresa renovado con su edici\u00f3n 30 aniversario, completamente remezclada en Dolby Atmos por Christopher Manhey en los estudios Omni Soundlab de Santiago. El lanzamiento se realiza hoy en plataformas digitales, seguido de una exclusiva sesi\u00f3n de escucha junto al propio Joe el 1 de noviembre, y culminar\u00e1 con un gran concierto en el Movistar Arena el 9 de noviembre.<\/em><\/strong><\/p>\n\n\n\n<p>En 1995, TOQUE irrumpi\u00f3 con fuerza en la escena musical chilena, consolidando el estilo mestizo, r\u00edtmico y espiritual que caracteriza a Joe Vasconcellos. Treinta a\u00f1os despu\u00e9s, este cl\u00e1sico regresa con una nueva vida sonora: la <em>Edici\u00f3n 30 aniversario de TOQUE<\/em>, presentada por primera vez en formato inmersivo Dolby Atmos, invita al p\u00fablico a redescubrir cada instrumento, cada atm\u00f3sfera y cada emoci\u00f3n desde una perspectiva envolvente, tridimensional y profundamente emotiva.<\/p>\n\n\n\n<p>Esta nueva mezcla fue realizada por Christopher Manhey en Omni Soundlab, uno de los estudios m\u00e1s avanzados de Chile, equipado con un sistema de sonido 7.1.4 de parlantes Genelec SAM y certificada por Dolby Labs que permite ubicar cada sonido con precisi\u00f3n en el espacio. El resultado es una experiencia que transporta al oyente al coraz\u00f3n del estudio, como si estuviera dentro de la grabaci\u00f3n misma.<\/p>\n\n\n\n<p>El lanzamiento oficial de la edici\u00f3n 30 aniversario de TOQUE llegar\u00e1 hoy a las plataformas digitales Apple Music, Amazon Music y Tidal, marcando el inicio de las celebraciones por las tres d\u00e9cadas de este disco fundamental. El p\u00fablico podr\u00e1 disfrutar del \u00e1lbum en una calidad sonora nunca antes disponible \u2014Dolby Atmos para equipos compatibles y mezcla binaural para aud\u00edfonos convencionales\u2014, recuperando la energ\u00eda original de temas ic\u00f3nicos como <em>\u201cM\u00e1gico\u201d, \u201cLas Seis\u201d, \u201dS\u00f3lo por esta Noche\u201d<\/em> y<em> \u201cHuellas\u201d.<\/em><\/p>\n\n\n\n<p>Como parte de esta conmemoraci\u00f3n, el s\u00e1bado 1 de noviembre se realizar\u00e1 un evento \u00fanico&nbsp; en Omni Soundlab (Av. Condell 1307, Providencia): un Meet &amp; Greet con Joe Vasconcellos + una Listening Session dirigida por \u00e9l. Posterior al Meet &amp; Greet, se realizar\u00e1n dos sesiones de escucha del \u00e1lbum. Las entradas est\u00e1n disponibles a trav\u00e9s de <a href=\"https:\/\/cl.umusic-online.com\/c\/AQjSkg4Q3csyGPW__eQBIM-ivQwGMYGueond99qTgClRWRXGFh7sUTe6jRKMnGnhoznuUw\" target=\"_blank\" rel=\"noreferrer noopener\">Eventrid<\/a>. Las sesiones se desarrollar\u00e1n con los asistentes sentados en el suelo con cojines -m\u00e1ximo 20 personas por escucha-, en un ambiente relajado que invita a la conexi\u00f3n con la m\u00fasica y su dimensi\u00f3n emocional.<\/p>\n\n\n\n<p>La celebraci\u00f3n culminar\u00e1 el 9 de noviembre con un gran show en el Movistar Arena, donde Joe Vasconcellos interpretar\u00e1 en vivo los temas de TOQUE, acompa\u00f1ado por invitados especiales y una puesta en escena que realzar\u00e1 las nuevas texturas sonoras de esta edici\u00f3n de aniversario. Las entradas est\u00e1n disponibles a trav\u00e9s de <a href=\"https:\/\/cl.umusic-online.com\/c\/AQjSkg4Q3csyGPW__eQBINCivQw5TcOErVyrkLvtTa3Qtc7CmV0IIuTmnQ52N_ljmZvm0w\" target=\"_blank\" rel=\"noreferrer noopener\">PuntoTicket<\/a>.<\/p>\n\n\n\n<p>Joe Vasconcellos reflexiona sobre este trabajo: <em>\u201cCuando escuch\u00e9 TOQUE en su versi\u00f3n inmersiva sent\u00ed una emoci\u00f3n enorme, como si estuviera dentro de la m\u00fasica. Es una experiencia \u00fanica: los sonidos te envuelven, te tocan, hacen vibrar partes de ti que el est\u00e9reo no alcanza. Esta tecnolog\u00eda lleva la m\u00fasica a otra dimensi\u00f3n, la eleva a su m\u00e1xima potencia. Despu\u00e9s de vivir algo as\u00ed, uno ya no quiere escucharla de otra manera.\u201d<\/em><\/p>\n\n\n\n<p>Por su parte, el productor Christopher Manhey agrega: <em>\u201cMezclar Toque en Dolby Atmos fue un proceso interesante entre conservar la integridad de la obra original y una renovaci\u00f3n a trav\u00e9s de nuevos procesos tecnol\u00f3gicos. Es un \u00e1lbum cl\u00e1sico que forma parte del imaginario sonoro de Chile, y nuestra tarea fue preservar su esencia original mientras lo abr\u00edamos a una nueva dimensi\u00f3n sonora.\u201d<\/em><\/p>\n\n\n\n<p>La edici\u00f3n 30 aniversario de TOQUE no solo celebra el pasado: reimagina su legado con las herramientas del presente. Desde la mezcla inmersiva hasta la experiencia en vivo, cada hito \u2014el lanzamiento digital, la sesi\u00f3n guiada y el concierto final\u2014 conforma un recorrido que honra la historia y proyecta a TOQUE hacia el futuro.<\/p>\n\n\n\n<p>Fechas y entradas:<\/p>\n\n\n\n<ul class=\"wp-block-list\">\n<li>Lanzamiento digital: 26 de octubre (Apple Music, Amazon Music y Tidal)<\/li>\n\n\n\n<li>Listening Session + Meet &amp; Greet: 01 de noviembre \u2013 Estudio Omni Soundlab (entradas en <a href=\"https:\/\/cl.umusic-online.com\/c\/AQjSkg4Q3csyGPW__eQBIM-ivQwGMYGueond99qTgClRWRXGFh7sUTe6jRKMnGnhoznuUw\" target=\"_blank\" rel=\"noreferrer noopener\">Eventrid<\/a>)<\/li>\n\n\n\n<li>Show 30 Aniversario: 9 de noviembre \u2013 Movistar Arena (entradas en <a href=\"https:\/\/cl.umusic-online.com\/c\/AQjSkg4Q3csyGPW__eQBINCivQw5TcOErVyrkLvtTa3Qtc7CmV0IIuTmnQ52N_ljmZvm0w\" target=\"_blank\" rel=\"noreferrer noopener\">PuntoTicket<\/a>)<\/li>\n<\/ul>\n","protected":false},"excerpt":{"rendered":"<div class=\"pvc_clear\"><\/div>\n<p id=\"pvc_stats_58743\" class=\"pvc_stats total_only  \" data-element-id=\"58743\" style=\"\"><i class=\"pvc-stats-icon large\" aria-hidden=\"true\"><svg aria-hidden=\"true\" focusable=\"false\" data-prefix=\"far\" data-icon=\"chart-bar\" role=\"img\" xmlns=\"http:\/\/www.w3.org\/2000\/svg\" viewBox=\"0 0 512 512\" class=\"svg-inline--fa fa-chart-bar fa-w-16 fa-2x\"><path fill=\"currentColor\" d=\"M396.8 352h22.4c6.4 0 12.8-6.4 12.8-12.8V108.8c0-6.4-6.4-12.8-12.8-12.8h-22.4c-6.4 0-12.8 6.4-12.8 12.8v230.4c0 6.4 6.4 12.8 12.8 12.8zm-192 0h22.4c6.4 0 12.8-6.4 12.8-12.8V140.8c0-6.4-6.4-12.8-12.8-12.8h-22.4c-6.4 0-12.8 6.4-12.8 12.8v198.4c0 6.4 6.4 12.8 12.8 12.8zm96 0h22.4c6.4 0 12.8-6.4 12.8-12.8V204.8c0-6.4-6.4-12.8-12.8-12.8h-22.4c-6.4 0-12.8 6.4-12.8 12.8v134.4c0 6.4 6.4 12.8 12.8 12.8zM496 400H48V80c0-8.84-7.16-16-16-16H16C7.16 64 0 71.16 0 80v336c0 17.67 14.33 32 32 32h464c8.84 0 16-7.16 16-16v-16c0-8.84-7.16-16-16-16zm-387.2-48h22.4c6.4 0 12.8-6.4 12.8-12.8v-70.4c0-6.4-6.4-12.8-12.8-12.8h-22.4c-6.4 0-12.8 6.4-12.8 12.8v70.4c0 6.4 6.4 12.8 12.8 12.8z\" class=\"\"><\/path><\/svg><\/i> <img loading=\"lazy\" decoding=\"async\" width=\"16\" height=\"16\" alt=\"Loading\" src=\"https:\/\/temucotelevision.cl\/web\/wp-content\/plugins\/page-views-count\/ajax-loader-2x.gif\" border=0 \/><\/p>\n<div class=\"pvc_clear\"><\/div>\n<p>El emblem\u00e1tico disco de Joe Vasconcellos regresa renovado con su edici\u00f3n 30 aniversario, completamente remezclada en Dolby Atmos por Christopher<\/p>\n","protected":false},"author":1,"featured_media":58744,"comment_status":"open","ping_status":"open","sticky":false,"template":"","format":"standard","meta":{"colormag_page_container_layout":"default_layout","colormag_page_sidebar_layout":"default_layout","footnotes":""},"categories":[369],"tags":[801],"class_list":["post-58743","post","type-post","status-publish","format-standard","has-post-thumbnail","hentry","category-musica","tag-cantante"],"a3_pvc":{"activated":true,"total_views":1043,"today_views":0},"_links":{"self":[{"href":"https:\/\/temucotelevision.cl\/web\/wp-json\/wp\/v2\/posts\/58743","targetHints":{"allow":["GET"]}}],"collection":[{"href":"https:\/\/temucotelevision.cl\/web\/wp-json\/wp\/v2\/posts"}],"about":[{"href":"https:\/\/temucotelevision.cl\/web\/wp-json\/wp\/v2\/types\/post"}],"author":[{"embeddable":true,"href":"https:\/\/temucotelevision.cl\/web\/wp-json\/wp\/v2\/users\/1"}],"replies":[{"embeddable":true,"href":"https:\/\/temucotelevision.cl\/web\/wp-json\/wp\/v2\/comments?post=58743"}],"version-history":[{"count":1,"href":"https:\/\/temucotelevision.cl\/web\/wp-json\/wp\/v2\/posts\/58743\/revisions"}],"predecessor-version":[{"id":58745,"href":"https:\/\/temucotelevision.cl\/web\/wp-json\/wp\/v2\/posts\/58743\/revisions\/58745"}],"wp:featuredmedia":[{"embeddable":true,"href":"https:\/\/temucotelevision.cl\/web\/wp-json\/wp\/v2\/media\/58744"}],"wp:attachment":[{"href":"https:\/\/temucotelevision.cl\/web\/wp-json\/wp\/v2\/media?parent=58743"}],"wp:term":[{"taxonomy":"category","embeddable":true,"href":"https:\/\/temucotelevision.cl\/web\/wp-json\/wp\/v2\/categories?post=58743"},{"taxonomy":"post_tag","embeddable":true,"href":"https:\/\/temucotelevision.cl\/web\/wp-json\/wp\/v2\/tags?post=58743"}],"curies":[{"name":"wp","href":"https:\/\/api.w.org\/{rel}","templated":true}]}}