{"id":58739,"date":"2025-10-26T00:11:16","date_gmt":"2025-10-26T03:11:16","guid":{"rendered":"https:\/\/temucotelevision.cl\/web\/?p=58739"},"modified":"2025-10-26T00:11:17","modified_gmt":"2025-10-26T03:11:17","slug":"paloma-soto-se-suma-a-la-gira-teleton-en-temuco-revisa-los-artistas-confirmados-para-el-show","status":"publish","type":"post","link":"https:\/\/temucotelevision.cl\/web\/2025\/10\/26\/paloma-soto-se-suma-a-la-gira-teleton-en-temuco-revisa-los-artistas-confirmados-para-el-show\/","title":{"rendered":"Paloma Soto se suma a la Gira Telet\u00f3n en Temuco: revisa los artistas confirmados para el show\u00a0"},"content":{"rendered":"<div class=\"pvc_clear\"><\/div><p id=\"pvc_stats_58739\" class=\"pvc_stats total_only  \" data-element-id=\"58739\" style=\"\"><i class=\"pvc-stats-icon large\" aria-hidden=\"true\"><svg aria-hidden=\"true\" focusable=\"false\" data-prefix=\"far\" data-icon=\"chart-bar\" role=\"img\" xmlns=\"http:\/\/www.w3.org\/2000\/svg\" viewBox=\"0 0 512 512\" class=\"svg-inline--fa fa-chart-bar fa-w-16 fa-2x\"><path fill=\"currentColor\" d=\"M396.8 352h22.4c6.4 0 12.8-6.4 12.8-12.8V108.8c0-6.4-6.4-12.8-12.8-12.8h-22.4c-6.4 0-12.8 6.4-12.8 12.8v230.4c0 6.4 6.4 12.8 12.8 12.8zm-192 0h22.4c6.4 0 12.8-6.4 12.8-12.8V140.8c0-6.4-6.4-12.8-12.8-12.8h-22.4c-6.4 0-12.8 6.4-12.8 12.8v198.4c0 6.4 6.4 12.8 12.8 12.8zm96 0h22.4c6.4 0 12.8-6.4 12.8-12.8V204.8c0-6.4-6.4-12.8-12.8-12.8h-22.4c-6.4 0-12.8 6.4-12.8 12.8v134.4c0 6.4 6.4 12.8 12.8 12.8zM496 400H48V80c0-8.84-7.16-16-16-16H16C7.16 64 0 71.16 0 80v336c0 17.67 14.33 32 32 32h464c8.84 0 16-7.16 16-16v-16c0-8.84-7.16-16-16-16zm-387.2-48h22.4c6.4 0 12.8-6.4 12.8-12.8v-70.4c0-6.4-6.4-12.8-12.8-12.8h-22.4c-6.4 0-12.8 6.4-12.8 12.8v70.4c0 6.4 6.4 12.8 12.8 12.8z\" class=\"\"><\/path><\/svg><\/i> <img loading=\"lazy\" decoding=\"async\" width=\"16\" height=\"16\" alt=\"Loading\" src=\"https:\/\/temucotelevision.cl\/web\/wp-content\/plugins\/page-views-count\/ajax-loader-2x.gif\" border=0 \/><\/p><div class=\"pvc_clear\"><\/div>\n<p>La cantante nacional ser\u00e1 parte de la parrilla de artistas que se presentar\u00e1 el jueves 20 de noviembre en la explanada interior del Parque Urbano Isla Caut\u00edn, junto a Sigrid Alegr\u00eda y Los Claveles, Franco El Gorila, Paula Rivas, Sinergia Kids y la T\u00eda Pucherito, y la Combo Tortuga. El evento contar\u00e1 con la animaci\u00f3n de Francisco Saavedra y Juan Pablo Queralt\u00f3.&nbsp;<\/p>\n\n\n\n<p>Se acerca la campa\u00f1a Telet\u00f3n y con ello uno de sus grandes hitos: la Gira que recorrer\u00e1 el pa\u00eds entre el 4 y el 22 de noviembre, y que busca calentar motores para la cruzada solidaria del&nbsp;<strong>28 y 29 de noviembre<\/strong>.<\/p>\n\n\n\n<p>El tercer anuncio de artistas incluye a figuras emergentes de la m\u00fasica nacional como&nbsp;<strong>Fran Maira&nbsp;<\/strong>(Ovalle),&nbsp;&nbsp;<strong>Emilia Dides&nbsp;<\/strong>(Concepci\u00f3n), adem\u00e1s de la baladista&nbsp;<strong>Paloma Soto&nbsp;<\/strong>(Temuco), la agrupaci\u00f3n chilena de new wave\/rock&nbsp;<strong>UPA+&nbsp;<\/strong>(Curic\u00f3, Concepci\u00f3n), el grupo tropical&nbsp;<strong>La Noche&nbsp;<\/strong>(Valdivia, Castro)<strong>&nbsp;<\/strong>y la banda<strong>Saiko<\/strong>, que celebra 25 a\u00f1os de carrera<strong>&nbsp;<\/strong>(Valdivia, Castro).&nbsp;<\/p>\n\n\n\n<p><strong>Y en el caso de Temuco,<\/strong>&nbsp;la cantautora&nbsp;<strong>Paloma Soto&nbsp;<\/strong>se sumar\u00e1 a la parrilla de artistas que se presentar\u00e1 el jueves 20 de noviembre en la explanada interior del Parque Urbano Isla Caut\u00edn, junto a&nbsp;<strong>Franco El Gorila, La Combo Tortuga, Sinerg\u00eda Kids y la T\u00eda Pucherito, Paula Rivas, adem\u00e1s de Sigrid Alegr\u00eda y Los Claveles.<\/strong><\/p>\n\n\n\n<p>Iniciada en el mundo del espect\u00e1culo como actriz y bailarina,&nbsp;<strong>Paloma Soto<\/strong>&nbsp;encontr\u00f3 en la m\u00fasica un espacio personal de expresi\u00f3n. Su disco debut \u201cHistoria de un amor\u201d (2016) marc\u00f3 su entrada formal al \u00e1mbito musical con singles como \u201cMientes\u201d y \u201cTodo por ti\u201d que le permitieron dar a conocer su faceta de baladista. Tras un per\u00edodo de pausa, Paloma regres\u00f3 renovada con el sencillo \u201cFuiste\u202ft\u00fa\u201d (2022), compuesto por Mario\u202fGuerrero, donde declara: \u201cLe quiero cantar al amor\u2026 desde otra vereda, una mujer m\u00e1s madura que toma las riendas de su vida\u201d.&nbsp;<\/p>\n\n\n\n<p>El evento de la Gira Telet\u00f3n en Temuco contar\u00e1 con la animaci\u00f3n de&nbsp;<strong>Francisco Saavedra y Juan Pablo Queralt\u00f3,<\/strong>&nbsp;adem\u00e1s de la participaci\u00f3n especial de los influencers&nbsp;<strong>Tati Fern\u00e1ndez y Carlos Meneses<\/strong>&nbsp;y el animador de Efecto N, de NTV,&nbsp;<strong>Julio Robert.<\/strong><\/p>\n\n\n\n<p>La directora general de Fundaci\u00f3n Telet\u00f3n,&nbsp;<strong>Mar\u00eda Jos\u00e9 Zald\u00edvar<\/strong>, destac\u00f3 que \u201cestamos s\u00faper contentos por la recepci\u00f3n que ha tenido la gira Telet\u00f3n. Lo que buscamos es convocar a muchas personas y darle mucha visibilidad a la Telet\u00f3n 2025, que va a ser el 28 y 29 de noviembre, y para que de esta forma nos podamos sentir todos parte de esta gran cruzada, que es la Gran Cruzada de Chile\u201d.<\/p>\n\n\n\n<p>La Gira Telet\u00f3n se desarrollar\u00e1 en dos tramos: d<strong>el 4 al 8 de noviembre en la zona norte<\/strong>, y del&nbsp;<strong>18 al 22 de noviembre en el sur<\/strong>, luego del receso por las elecciones presidenciales y parlamentarias. Este a\u00f1o, adem\u00e1s, se incorporan escenarios en ciudades que no sol\u00edan ser parte del recorrido principal, como Ovalle, Curic\u00f3 y Castro, en un gesto de descentralizaci\u00f3n y cercan\u00eda con las comunidades regionales.<\/p>\n\n\n\n<p><strong>Regreso del tren de la Telet\u00f3n<\/strong><\/p>\n\n\n\n<p>Uno de los hitos de este a\u00f1o ser\u00e1 el regreso del tren de la Gira Telet\u00f3n gracias a un servicio especial de la Empresa de Ferrocarriles del Estado (EFE). De esta manera, la comitiva de artistas, animadores e influencers viajar\u00e1 en tren desde Estaci\u00f3n Central hasta Los Lagos, para luego continuar el recorrido en bus y en transbordador hacia Castro, en Chilo\u00e9, donde por primera vez se realizar\u00e1 el cierre de la gira.<\/p>\n\n\n\n<p><strong>Jos\u00e9 Solorza,<\/strong>&nbsp;gerente general de EFE, destac\u00f3 que \u201c<strong>es un orgullo ser parte de este hito solidario que une a Chile desde hace m\u00e1s de cuatro d\u00e9cadas.&nbsp;<\/strong>Despu\u00e9s de siete a\u00f1os, la Gira Sur vuelve a realizarse en tren y, por primera vez en 30 a\u00f1os, la comitiva llegar\u00e1 hasta la Regi\u00f3n de Los Lagos. Nuestro compromiso es aportar con la experiencia y seguridad de nuestros trenes para que esta gira tenga un recorrido eficiente, seguro y lleno de emoci\u00f3n\u201d.<\/p>\n\n\n\n<p>El convoy contar\u00e1 con tres coches de pasajeros con capacidad para 135 personas, adem\u00e1s de vagones de comedor, bodega y generador.<\/p>\n\n\n\n<p><strong>Calendario de la Gira Telet\u00f3n 2025<\/strong><\/p>\n\n\n\n<p><strong>Zona Norte<\/strong><\/p>\n\n\n\n<ul class=\"wp-block-list\">\n<li><strong>Arica:\u00a0<\/strong>Martes 4 de noviembre\/18:00 hrs\/ Lugar por confirmar<\/li>\n<\/ul>\n\n\n\n<ul class=\"wp-block-list\">\n<li><strong>Artistas:\u00a0<\/strong>Pulentos, Q_ARE, Jordan, Polim\u00e1 Westcoast, Gino Mella, Z\u00fambale Primo.<\/li>\n\n\n\n<li><strong>Animador:\u00a0<\/strong>Mart\u00edn C\u00e1rcamo.<\/li>\n\n\n\n<li><strong>Influencers:<\/strong>\u00a0Julitrox y Eskarcita.<\/li>\n<\/ul>\n\n\n\n<ul class=\"wp-block-list\">\n<li><strong>Iquique:<\/strong>\u00a0Mi\u00e9rcoles 5 de noviembre\/18:00 hrs\/<a href=\"http:\/\/google.com\/maps\/place\/Plaza+21+De+Mayo\/@-20.2225599,-70.1702246,2978m\/data=!3m2!1e3!4b1!4m6!3m5!1s0x915213fbde26316d:0x66cbaf041d463393!8m2!3d-20.222581!4d-70.1517706!16s%2Fg%2F11bw4vxydj?entry=ttu&amp;g_ep=EgoyMDI1MDkyOS4wIKXMDSoASAFQAw%3D%3D\"><u><strong>Plaza 21 de Mayo<\/strong><\/u><\/a><\/li>\n<\/ul>\n\n\n\n<ul class=\"wp-block-list\">\n<li><strong>Artistas:<\/strong>\u00a0Pulentos, Q_ARE, Jordan, Polim\u00e1 Westcoast, Gino Mella, Z\u00fambale Primo.<\/li>\n\n\n\n<li><strong>Animador:<\/strong>\u00a0Millaray Viera.<\/li>\n\n\n\n<li><strong>Influencers:<\/strong>\u00a0Julitrox y Eskarcita.<\/li>\n<\/ul>\n\n\n\n<ul class=\"wp-block-list\">\n<li><strong>Antofagasta:<\/strong>\u00a0Jueves 6 de noviembre\/18:00 hrs\/<a href=\"https:\/\/www.google.com\/maps\/place\/Plaza+Col%C3%B3n,+Antofagasta\/@-23.6464066,-70.4005541,727m\/data=!3m2!1e3!4b1!4m6!3m5!1s0x96afd517d04859eb:0x634d9b57975f3446!8m2!3d-23.646375!4d-70.3979677!16s%2Fg%2F11bw43zgky?entry=ttu&amp;g_ep=EgoyMDI1MDkyOS4wIKXMDSoASAFQAw%3D%3D\"><u><strong>Plaza Col\u00f3n<\/strong><\/u><\/a><\/li>\n<\/ul>\n\n\n\n<ul class=\"wp-block-list\">\n<li><strong>Artistas:<\/strong>\u00a0Pulentos, Nico Ruiz, Inti-Illimani, Polim\u00e1 Westcoast, Gino Mella, Z\u00fambale Primo.<\/li>\n\n\n\n<li><strong>Animador:<\/strong>\u00a0Juan Pablo Queralt\u00f3 y Jos\u00e9 Miguel Vi\u00f1uela.<\/li>\n\n\n\n<li><strong>Influencers:<\/strong>\u00a0Mike Milfort.<\/li>\n<\/ul>\n\n\n\n<ul class=\"wp-block-list\">\n<li><strong>Copiap\u00f3:<\/strong>\u00a0Viernes 7 de noviembre\/18:00 hrs\/<a href=\"https:\/\/www.google.com\/maps\/place\/Ilustre+Municipalidad+de+Copiapo\/@-27.3616425,-70.328893,105m\/data=!3m1!1e3!4m14!1m7!3m6!1s0x9698047a70cafb35:0xa1c8ab1b38afeba5!2sMunicipalidad+de+Copiapo!8m2!3d-27.3614158!4d-70.329007!16s%2Fg%2F1tf_jmpg!3m5!1s0x9698047373937e99:0x51f752b3f1be8cbf!8m2!3d-27.3614641!4d-70.3289859!16s%2Fg%2F11b7hp0_b9?entry=ttu&amp;g_ep=EgoyMDI1MDkyOS4wIKXMDSoASAFQAw%3D%3D\"><u><strong>Exterior Municipalidad, por calle Los Concejales.<\/strong><\/u><\/a><\/li>\n<\/ul>\n\n\n\n<ul class=\"wp-block-list\">\n<li><strong>Artistas:<\/strong>\u00a0Pulentos, Nico Ruiz, Martinwhite, Katteyes, Z\u00fambale Primo.<\/li>\n\n\n\n<li><strong>Animador:\u00a0<\/strong>Por confirmar.<\/li>\n\n\n\n<li><strong>Influencers:<\/strong>\u00a0Mike Milfort.<\/li>\n<\/ul>\n\n\n\n<ul class=\"wp-block-list\">\n<li><strong>Ovalle:\u00a0<\/strong>S\u00e1bado 8 de noviembre\/18:00 hrs\/<a href=\"https:\/\/www.google.com\/maps\/place\/Plaza+de+Armas+de+Ovalle\/@-30.6031433,-71.2055542,683m\/data=!3m2!1e3!4b1!4m6!3m5!1s0x968e4aa89678bc4b:0x4ecdc7276d95e3ad!8m2!3d-30.6031479!4d-71.2029793!16s%2Fg%2F12323z3c5?entry=ttu&amp;g_ep=EgoyMDI1MDkyOS4wIKXMDSoASAFQAw%3D%3D\"><u><strong>Plaza de Armas<\/strong><\/u><\/a><\/li>\n<\/ul>\n\n\n\n<ul class=\"wp-block-list\">\n<li><strong>Artistas:<\/strong>\u00a0Pulentos, Nico Ruiz, Fran Maira, Katteyes, Z\u00fambale Primo<\/li>\n\n\n\n<li><strong>Animador:<\/strong>\u00a0Daniel Fuenzalida y Rodrigo Sep\u00falveda.\u00a0<\/li>\n\n\n\n<li><strong>Influencers:<\/strong>\u00a0Mike Milfort<\/li>\n<\/ul>\n\n\n\n<p><strong>Zona Sur<\/strong><\/p>\n\n\n\n<ul class=\"wp-block-list\">\n<li><strong>Curic\u00f3: Martes 18 de noviembre\/18:00\/<\/strong><a href=\"https:\/\/www.google.com\/maps\/place\/Medialuna+de+Curic%C3%B3\/@-34.9737628,-71.2288731,273m\/data=!3m1!1e3!4m6!3m5!1s0x9664572a4c070b1b:0x70badb4a9cee09a8!8m2!3d-34.9738261!4d-71.228182!16s%2Fg%2F11gv0ndpwv?entry=ttu&amp;g_ep=EgoyMDI1MDkyOS4wIKXMDSoASAFQAw%3D%3D\"><u><strong>Medialuna de Curic\u00f3.<\/strong><\/u><\/a><\/li>\n<\/ul>\n\n\n\n<ul class=\"wp-block-list\">\n<li><strong>Artistas:<\/strong>\u00a0Sinergia Kids y la T\u00eda Pucherito, Loyaltty, Paula Rivas, UPA+, La Combo Tortuga + artista por confirmar.\u00a0<\/li>\n\n\n\n<li><strong>Animador:\u00a0<\/strong>Rafael Araneda.<\/li>\n\n\n\n<li><strong>Influencers:<\/strong>\u00a0Oliver Borner y Benjam\u00edn \u201cPollo\u201d Castillo.<\/li>\n<\/ul>\n\n\n\n<ul class=\"wp-block-list\">\n<li><strong>Concepci\u00f3n:\u00a0<\/strong>Mi\u00e9rcoles 19 de noviembre\/18:00\/<a href=\"https:\/\/www.google.com\/maps\/place\/Parque+y+Mirador+Laguna+Grande\/@-36.8474658,-73.104398,16z\/data=!4m15!1m8!3m7!1s0x9669c9a76f656b9d:0xac179a68565992fe!2sParque+y+Mirador+Laguna+Grande!8m2!3d-36.8474658!4d-73.104398!10e5!16s%2Fg%2F11fd8gk5jp!3m5!1s0x9669c9a76f656b9d:0xac179a68565992fe!8m2!3d-36.8474658!4d-73.104398!16s%2Fg%2F11fd8gk5jp?entry=ttu&amp;g_ep=EgoyMDI1MDkyOS4wIKXMDSoASAFQAw%3D%3D\"><u><strong>Parque y Mirador Laguna Grande<\/strong><\/u><\/a><strong>,<\/strong>\u00a0San Pedro de La Paz.<\/li>\n<\/ul>\n\n\n\n<ul class=\"wp-block-list\">\n<li><strong>Artistas:\u00a0<\/strong>Sinergia Kids y la T\u00eda Pucherito, Emilia Dides, Paula Rivas, UPA+, La Combo Tortuga + artista por confirmar.\u00a0<\/li>\n\n\n\n<li><strong>Animador:\u00a0<\/strong>Ang\u00e9lica Castro.<\/li>\n\n\n\n<li><strong>Influencers:<\/strong>\u00a0Oliver Borner y Benjam\u00edn \u201cPollo\u201d Castillo.<\/li>\n<\/ul>\n\n\n\n<ul class=\"wp-block-list\">\n<li><strong>Temuco:\u00a0<\/strong>Jueves 20 de noviembre\/18:00\/<a href=\"https:\/\/www.google.com\/maps\/place\/Parque+Urbano+Isla+Caut%C3%ADn\/@-38.7503377,-72.6051584,1237m\/data=!3m1!1e3!4m14!1m7!3m6!1s0x9614d15f251ff09b:0x9529f3a3a7e7bf4a!2sParque+Urbano+Isla+Caut%C3%ADn!8m2!3d-38.7476513!4d-72.5985372!16s%2Fg%2F12mkx_8j_!3m5!1s0x9614d15f251ff09b:0x9529f3a3a7e7bf4a!8m2!3d-38.7476513!4d-72.5985372!16s%2Fg%2F12mkx_8j_?entry=ttu&amp;g_ep=EgoyMDI1MDkyOS4wIKXMDSoASAFQAw%3D%3D\"><u><strong>Explanada interior Parque Urbano Isla Caut\u00edn<\/strong><\/u><\/a><strong>.<\/strong><\/li>\n<\/ul>\n\n\n\n<ul class=\"wp-block-list\">\n<li><strong>Artistas:<\/strong>\u00a0Sinergia Kids y la T\u00eda Pucherito, Sigrid Alegr\u00eda y Los Claveles, Paula Rivas, Paloma Soto, Franco El Gorila y La Combo Tortuga.\u00a0<\/li>\n\n\n\n<li><strong>Animador:\u00a0<\/strong>Francisco Saavedra y Juan Pablo Queralt\u00f3.<\/li>\n\n\n\n<li><strong>Influencers:<\/strong>\u00a0Tati Fern\u00e1ndez y Carlos Meneses.\u00a0<\/li>\n<\/ul>\n\n\n\n<ul class=\"wp-block-list\">\n<li><strong>Valdivia:<\/strong>\u00a0Viernes 21 de noviembre\/18:00\/<a href=\"https:\/\/www.google.com\/maps\/place\/Helipuerto+Valdivia+-+Vista+al+R%C3%ADo\/@-39.8100065,-73.2467572,152m\/data=!3m1!1e3!4m10!1m2!2m1!1sex+helipuerto+valdivia!3m6!1s0x9615edd928f4b51d:0xefd1d08d1e16155c!8m2!3d-39.8100589!4d-73.246404!15sChZleCBoZWxpcHVlcnRvIHZhbGRpdmlhWhgiFmV4IGhlbGlwdWVydG8gdmFsZGl2aWGSAQhoZWxpcG9ydJoBJENoZERTVWhOTUc5blMwVkpRMEZuVFVSdloySjJRamhCUlJBQqoBUhABKhEiDWV4IGhlbGlwdWVydG8oDjIfEAEiGzH9Go1EBlnUOxZKHEc475jork9i95r355kfFDIaEAIiFmV4IGhlbGlwdWVydG8gdmFsZGl2aWHgAQD6AQQIABBC!16s%2Fg%2F11f1kctscf?entry=ttu&amp;g_ep=EgoyMDI1MDkyOS4wIKXMDSoASAFQAw%3D%3D\"><u><strong>Paseo Costanera (Ex Helipuerto)<\/strong><\/u><\/a><strong>.<\/strong><\/li>\n<\/ul>\n\n\n\n<ul class=\"wp-block-list\">\n<li><strong>Artistas:<\/strong>\u00a0El mundo de Christell, Sigrid Alegr\u00eda y Los Claveles, Saiko, Tomo como Rey, King Savagge, La Noche.\u00a0<\/li>\n\n\n\n<li><strong>Animador:\u00a0<\/strong>Daniel Fuenzalida, Eduardo Fuentes y Priscilla Vargas.\u00a0<\/li>\n\n\n\n<li><strong>Influencers:<\/strong>\u00a0Tati Fern\u00e1ndez y Carlos Meneses.\u00a0<\/li>\n<\/ul>\n\n\n\n<ul class=\"wp-block-list\">\n<li><strong>Castro:<\/strong>\u00a0S\u00e1bado 22 de noviembre\/18:00\/<a href=\"https:\/\/www.google.com\/maps\/place\/Plaza+de+Armas+de+Castro,+Castro,+Los+Lagos\/@-42.482344,-73.7668838,585m\/data=!3m2!1e3!4b1!4m6!3m5!1s0x962219e5c757a3ad:0xf7862cf8a64216b6!8m2!3d-42.4823593!4d-73.7643284!16s%2Fg%2F11b8v80qm_?entry=ttu&amp;g_ep=EgoyMDI1MDkyOS4wIKXMDSoASAFQAw%3D%3D\"><u><strong>Plaza de Armas.\u00a0<\/strong><\/u><\/a><\/li>\n<\/ul>\n\n\n\n<ul class=\"wp-block-list\">\n<li><strong>Artistas:\u00a0<\/strong>El mundo de Christell, Sigrid Alegr\u00eda y Los Claveles, Saiko, Tomo como Rey, King Savagge, La Noche.\u00a0<\/li>\n\n\n\n<li><strong>Animador:<\/strong>\u00a0Eduardo Fuentes y Mart\u00edn C\u00e1rcamo.\u00a0<\/li>\n\n\n\n<li><strong>Influencers:<\/strong>\u00a0Tati Fern\u00e1ndez y Carlos Meneses.\u00a0<\/li>\n<\/ul>\n\n\n\n<p><br>La gira tambi\u00e9n incluir\u00e1 activaciones art\u00edsticas en comunas que cada a\u00f1o desarrollan actividades solidarias locales:<\/p>\n\n\n\n<ul class=\"wp-block-list\">\n<li>Rengo (18 de noviembre)<\/li>\n\n\n\n<li>Chill\u00e1n (19 de noviembre)<\/li>\n\n\n\n<li>Lautaro (20 de noviembre)<\/li>\n\n\n\n<li>M\u00e1fil (21 de noviembre)<\/li>\n<\/ul>\n\n\n\n<p>A esto se sumar\u00e1 una parada intermedia que se anunciar\u00e1 m\u00e1s adelante.<\/p>\n\n\n\n<p><strong>Los nuevos artistas que se suman a la Gira Telet\u00f3n en Temuco<\/strong><\/p>\n\n\n\n<p><strong>Paloma\u202fSoto<\/strong><\/p>\n\n\n\n<p>Paloma Soto es una cantante, actriz y artista chilena cuya voz ha tomado impulso en a\u00f1os recientes con una propuesta centrada en la balada rom\u00e1ntica, la madurez emocional y la reivindicaci\u00f3n de su propia identidad art\u00edstica.&nbsp;<\/p>\n\n\n\n<p>Iniciada en el mundo del espect\u00e1culo como actriz y bailarina, Paloma encontr\u00f3 en la m\u00fasica un espacio personal de expresi\u00f3n. Su disco debut \u201cHistoria de un amor\u201d (2016) marc\u00f3 su entrada formal al \u00e1mbito musical con singles como \u201cMientes\u201d y \u201cTodo por ti\u201d que le permitieron dar a conocer su faceta de baladista.&nbsp;<\/p>\n\n\n\n<p>Tras un per\u00edodo de pausa, Paloma regres\u00f3 renovada con el sencillo \u201cFuiste\u202ft\u00fa\u201d (2022), compuesto por Mario\u202fGuerrero, donde declara: \u201cLe quiero cantar al amor\u2026 desde otra vereda, una mujer m\u00e1s madura que toma las riendas de su vida\u201d.&nbsp;<\/p>\n\n\n\n<p>Se presentar\u00e1 en Temuco.<\/p>\n","protected":false},"excerpt":{"rendered":"<div class=\"pvc_clear\"><\/div>\n<p id=\"pvc_stats_58739\" class=\"pvc_stats total_only  \" data-element-id=\"58739\" style=\"\"><i class=\"pvc-stats-icon large\" aria-hidden=\"true\"><svg aria-hidden=\"true\" focusable=\"false\" data-prefix=\"far\" data-icon=\"chart-bar\" role=\"img\" xmlns=\"http:\/\/www.w3.org\/2000\/svg\" viewBox=\"0 0 512 512\" class=\"svg-inline--fa fa-chart-bar fa-w-16 fa-2x\"><path fill=\"currentColor\" d=\"M396.8 352h22.4c6.4 0 12.8-6.4 12.8-12.8V108.8c0-6.4-6.4-12.8-12.8-12.8h-22.4c-6.4 0-12.8 6.4-12.8 12.8v230.4c0 6.4 6.4 12.8 12.8 12.8zm-192 0h22.4c6.4 0 12.8-6.4 12.8-12.8V140.8c0-6.4-6.4-12.8-12.8-12.8h-22.4c-6.4 0-12.8 6.4-12.8 12.8v198.4c0 6.4 6.4 12.8 12.8 12.8zm96 0h22.4c6.4 0 12.8-6.4 12.8-12.8V204.8c0-6.4-6.4-12.8-12.8-12.8h-22.4c-6.4 0-12.8 6.4-12.8 12.8v134.4c0 6.4 6.4 12.8 12.8 12.8zM496 400H48V80c0-8.84-7.16-16-16-16H16C7.16 64 0 71.16 0 80v336c0 17.67 14.33 32 32 32h464c8.84 0 16-7.16 16-16v-16c0-8.84-7.16-16-16-16zm-387.2-48h22.4c6.4 0 12.8-6.4 12.8-12.8v-70.4c0-6.4-6.4-12.8-12.8-12.8h-22.4c-6.4 0-12.8 6.4-12.8 12.8v70.4c0 6.4 6.4 12.8 12.8 12.8z\" class=\"\"><\/path><\/svg><\/i> <img loading=\"lazy\" decoding=\"async\" width=\"16\" height=\"16\" alt=\"Loading\" src=\"https:\/\/temucotelevision.cl\/web\/wp-content\/plugins\/page-views-count\/ajax-loader-2x.gif\" border=0 \/><\/p>\n<div class=\"pvc_clear\"><\/div>\n<p>La cantante nacional ser\u00e1 parte de la parrilla de artistas que se presentar\u00e1 el jueves 20 de noviembre en la<\/p>\n","protected":false},"author":1,"featured_media":58740,"comment_status":"open","ping_status":"open","sticky":false,"template":"","format":"standard","meta":{"colormag_page_container_layout":"default_layout","colormag_page_sidebar_layout":"default_layout","footnotes":""},"categories":[86,14],"tags":[581],"class_list":["post-58739","post","type-post","status-publish","format-standard","has-post-thumbnail","hentry","category-panoramas","category-temuco","tag-gira"],"a3_pvc":{"activated":true,"total_views":3030,"today_views":0},"_links":{"self":[{"href":"https:\/\/temucotelevision.cl\/web\/wp-json\/wp\/v2\/posts\/58739","targetHints":{"allow":["GET"]}}],"collection":[{"href":"https:\/\/temucotelevision.cl\/web\/wp-json\/wp\/v2\/posts"}],"about":[{"href":"https:\/\/temucotelevision.cl\/web\/wp-json\/wp\/v2\/types\/post"}],"author":[{"embeddable":true,"href":"https:\/\/temucotelevision.cl\/web\/wp-json\/wp\/v2\/users\/1"}],"replies":[{"embeddable":true,"href":"https:\/\/temucotelevision.cl\/web\/wp-json\/wp\/v2\/comments?post=58739"}],"version-history":[{"count":1,"href":"https:\/\/temucotelevision.cl\/web\/wp-json\/wp\/v2\/posts\/58739\/revisions"}],"predecessor-version":[{"id":58741,"href":"https:\/\/temucotelevision.cl\/web\/wp-json\/wp\/v2\/posts\/58739\/revisions\/58741"}],"wp:featuredmedia":[{"embeddable":true,"href":"https:\/\/temucotelevision.cl\/web\/wp-json\/wp\/v2\/media\/58740"}],"wp:attachment":[{"href":"https:\/\/temucotelevision.cl\/web\/wp-json\/wp\/v2\/media?parent=58739"}],"wp:term":[{"taxonomy":"category","embeddable":true,"href":"https:\/\/temucotelevision.cl\/web\/wp-json\/wp\/v2\/categories?post=58739"},{"taxonomy":"post_tag","embeddable":true,"href":"https:\/\/temucotelevision.cl\/web\/wp-json\/wp\/v2\/tags?post=58739"}],"curies":[{"name":"wp","href":"https:\/\/api.w.org\/{rel}","templated":true}]}}