{"id":58735,"date":"2025-10-26T00:08:27","date_gmt":"2025-10-26T03:08:27","guid":{"rendered":"https:\/\/temucotelevision.cl\/web\/?p=58735"},"modified":"2025-10-26T00:11:43","modified_gmt":"2025-10-26T03:11:43","slug":"en-la-provincia-de-malleco-339-docentes-recibiran-la-primera-cuota-de-la-deuda-historica","status":"publish","type":"post","link":"https:\/\/temucotelevision.cl\/web\/2025\/10\/26\/en-la-provincia-de-malleco-339-docentes-recibiran-la-primera-cuota-de-la-deuda-historica\/","title":{"rendered":"En la provincia de Malleco, 339 docentes recibir\u00e1n la primera cuota de la Deuda Hist\u00f3rica"},"content":{"rendered":"<div class=\"pvc_clear\"><\/div><p id=\"pvc_stats_58735\" class=\"pvc_stats total_only  \" data-element-id=\"58735\" style=\"\"><i class=\"pvc-stats-icon large\" aria-hidden=\"true\"><svg aria-hidden=\"true\" focusable=\"false\" data-prefix=\"far\" data-icon=\"chart-bar\" role=\"img\" xmlns=\"http:\/\/www.w3.org\/2000\/svg\" viewBox=\"0 0 512 512\" class=\"svg-inline--fa fa-chart-bar fa-w-16 fa-2x\"><path fill=\"currentColor\" d=\"M396.8 352h22.4c6.4 0 12.8-6.4 12.8-12.8V108.8c0-6.4-6.4-12.8-12.8-12.8h-22.4c-6.4 0-12.8 6.4-12.8 12.8v230.4c0 6.4 6.4 12.8 12.8 12.8zm-192 0h22.4c6.4 0 12.8-6.4 12.8-12.8V140.8c0-6.4-6.4-12.8-12.8-12.8h-22.4c-6.4 0-12.8 6.4-12.8 12.8v198.4c0 6.4 6.4 12.8 12.8 12.8zm96 0h22.4c6.4 0 12.8-6.4 12.8-12.8V204.8c0-6.4-6.4-12.8-12.8-12.8h-22.4c-6.4 0-12.8 6.4-12.8 12.8v134.4c0 6.4 6.4 12.8 12.8 12.8zM496 400H48V80c0-8.84-7.16-16-16-16H16C7.16 64 0 71.16 0 80v336c0 17.67 14.33 32 32 32h464c8.84 0 16-7.16 16-16v-16c0-8.84-7.16-16-16-16zm-387.2-48h22.4c6.4 0 12.8-6.4 12.8-12.8v-70.4c0-6.4-6.4-12.8-12.8-12.8h-22.4c-6.4 0-12.8 6.4-12.8 12.8v70.4c0 6.4 6.4 12.8 12.8 12.8z\" class=\"\"><\/path><\/svg><\/i> <img loading=\"lazy\" decoding=\"async\" width=\"16\" height=\"16\" alt=\"Loading\" src=\"https:\/\/temucotelevision.cl\/web\/wp-content\/plugins\/page-views-count\/ajax-loader-2x.gif\" border=0 \/><\/p><div class=\"pvc_clear\"><\/div>\n<p><strong><em>En total, en la regi\u00f3n de La Araucan\u00eda ser\u00e1n 1.696 las y los docentes que acceder\u00e1n al pago durante este primer tramo.<\/em><\/strong><\/p>\n\n\n\n<p>Con profunda emoci\u00f3n docentes de la provincia de Malleco, que forman parte del primer grupo beneficiado por la Ley 21.728, soluci\u00f3n a la deuda hist\u00f3rica, participaron en un encuentro con la seremi de educaci\u00f3n, Marcela Castro Armijo y el jefe provincial de educaci\u00f3n de la jurisdicci\u00f3n, C\u00e9sar Chamblas, realizado en dependencias del departamento provincial.<\/p>\n\n\n\n<p>En esta etapa inicial, 339 profesoras y profesores provenientes de las 11 comunas de Malleco recibir\u00e1n la primera cuota del pago de la Deuda Hist\u00f3rica, acumulada desde los a\u00f1os 80.<\/p>\n\n\n\n<p>Entre las y los participantes hubo docentes, entre ellos Guillermo Espinosa Vargas de 88 a\u00f1os, Miguel Torres Zapata de 76 a\u00f1os, Herminda Mart\u00ednez Salgado de 84 a\u00f1os y Obdulio Valdebenito Burgos de 81 a\u00f1os, quienes compartieron testimonios cargados de vocaci\u00f3n, memoria y gratitud.<\/p>\n\n\n\n<p>La seremi de Educaci\u00f3n, Marcela Castro, subray\u00f3 la relevancia del impacto a nivel territorial. \u201cNuestra regi\u00f3n es la tercera con m\u00e1s docentes beneficiados del pa\u00eds, y solo en Malleco son 339 los profesores y profesoras incluidos en este primer tramo, lo que refleja la hist\u00f3rica demanda que esta provincia ha sostenido por la reparaci\u00f3n.\u201d<\/p>\n\n\n\n<p>Agreg\u00f3 adem\u00e1s que la soluci\u00f3n de la deuda hist\u00f3rica es un compromiso del Gobierno del Presidente Gabriel Boric que hoy se cumple, ya que se desde el &nbsp;17 y hasta el 22 de octubre, se concretara su cancelaci\u00f3n.<\/p>\n\n\n\n<p>Por su parte, el profesor Miguel Torres, ex dirigente gremial de la Provincial, expres\u00f3 su satisfacci\u00f3n por el proceso. \u201cEstamos s\u00faper contentos porque,&nbsp; primero se cumpli\u00f3 con una palabra, con un compromiso de un Presidente de la Rep\u00fablica y,&nbsp; segundo,&nbsp; el colegio profesores a nivel nacional,&nbsp; a nivel provincial y a nivel comunal,&nbsp; jam\u00e1s ha bajado los brazos por luchar por los derechos sociales que necesitan los profesores hoy d\u00eda\u201d, se\u00f1al\u00f3.<\/p>\n\n\n\n<p>En tanto, la ex docente rural Herminia Espinoza, \u201cHa sido una sorpresa porque se hizo una conmemoraci\u00f3n a esa lucha de m\u00e1s de 40 a\u00f1os que hemos tenido los profesores. Yo afortunadamente la recib\u00ed ahora. Fui una profesora que tengo muy lindos recuerdos de la escuela en la que trabaj\u00e9.\u201d, expres\u00f3 empocionada.<\/p>\n\n\n\n<p>A nivel nacional, este primer proceso beneficiar\u00e1 a 15.560 docentes priorizados por edad, con una inversi\u00f3n de $35.010 millones en 2024.<\/p>\n\n\n\n<p>El Ministerio de Educaci\u00f3n mantiene disponible la plataforma&nbsp;<a href=\"http:\/\/soluciondeudahistorica.mineduc.cl\/\" target=\"_blank\" rel=\"noreferrer noopener\">soluciondeudahistorica.mineduc.cl<\/a>&nbsp;para consultar el estado de postulaci\u00f3n y subir antecedentes hasta el 31 de diciembre de 2026. Asimismo, la Tesorer\u00eda General de la Rep\u00fablica habilit\u00f3 en&nbsp;<a href=\"http:\/\/www.tgr.cl\/pago-deuda-historica-profesores\/\" target=\"_blank\" rel=\"noreferrer noopener\">www.tgr.cl\/pago-deuda-historica-profesores\/<\/a>&nbsp;la opci\u00f3n para corregir datos bancarios en caso de pagos rechazados.<\/p>\n\n\n\n<figure class=\"wp-block-image size-large\"><img loading=\"lazy\" decoding=\"async\" width=\"1000\" height=\"750\" src=\"https:\/\/temucotelevision.cl\/web\/wp-content\/uploads\/2025\/10\/WhatsApp-Image-2025-10-21-at-4.28.52-PM-1000x750.jpeg\" alt=\"\" class=\"wp-image-58737\" srcset=\"https:\/\/temucotelevision.cl\/web\/wp-content\/uploads\/2025\/10\/WhatsApp-Image-2025-10-21-at-4.28.52-PM-1000x750.jpeg 1000w, https:\/\/temucotelevision.cl\/web\/wp-content\/uploads\/2025\/10\/WhatsApp-Image-2025-10-21-at-4.28.52-PM-768x576.jpeg 768w, https:\/\/temucotelevision.cl\/web\/wp-content\/uploads\/2025\/10\/WhatsApp-Image-2025-10-21-at-4.28.52-PM.jpeg 1280w\" sizes=\"auto, (max-width: 1000px) 100vw, 1000px\" \/><\/figure>\n","protected":false},"excerpt":{"rendered":"<div class=\"pvc_clear\"><\/div>\n<p id=\"pvc_stats_58735\" class=\"pvc_stats total_only  \" data-element-id=\"58735\" style=\"\"><i class=\"pvc-stats-icon large\" aria-hidden=\"true\"><svg aria-hidden=\"true\" focusable=\"false\" data-prefix=\"far\" data-icon=\"chart-bar\" role=\"img\" xmlns=\"http:\/\/www.w3.org\/2000\/svg\" viewBox=\"0 0 512 512\" class=\"svg-inline--fa fa-chart-bar fa-w-16 fa-2x\"><path fill=\"currentColor\" d=\"M396.8 352h22.4c6.4 0 12.8-6.4 12.8-12.8V108.8c0-6.4-6.4-12.8-12.8-12.8h-22.4c-6.4 0-12.8 6.4-12.8 12.8v230.4c0 6.4 6.4 12.8 12.8 12.8zm-192 0h22.4c6.4 0 12.8-6.4 12.8-12.8V140.8c0-6.4-6.4-12.8-12.8-12.8h-22.4c-6.4 0-12.8 6.4-12.8 12.8v198.4c0 6.4 6.4 12.8 12.8 12.8zm96 0h22.4c6.4 0 12.8-6.4 12.8-12.8V204.8c0-6.4-6.4-12.8-12.8-12.8h-22.4c-6.4 0-12.8 6.4-12.8 12.8v134.4c0 6.4 6.4 12.8 12.8 12.8zM496 400H48V80c0-8.84-7.16-16-16-16H16C7.16 64 0 71.16 0 80v336c0 17.67 14.33 32 32 32h464c8.84 0 16-7.16 16-16v-16c0-8.84-7.16-16-16-16zm-387.2-48h22.4c6.4 0 12.8-6.4 12.8-12.8v-70.4c0-6.4-6.4-12.8-12.8-12.8h-22.4c-6.4 0-12.8 6.4-12.8 12.8v70.4c0 6.4 6.4 12.8 12.8 12.8z\" class=\"\"><\/path><\/svg><\/i> <img loading=\"lazy\" decoding=\"async\" width=\"16\" height=\"16\" alt=\"Loading\" src=\"https:\/\/temucotelevision.cl\/web\/wp-content\/plugins\/page-views-count\/ajax-loader-2x.gif\" border=0 \/><\/p>\n<div class=\"pvc_clear\"><\/div>\n<p>En total, en la regi\u00f3n de La Araucan\u00eda ser\u00e1n 1.696 las y los docentes que acceder\u00e1n al pago durante este<\/p>\n","protected":false},"author":1,"featured_media":58736,"comment_status":"open","ping_status":"open","sticky":false,"template":"","format":"standard","meta":{"colormag_page_container_layout":"default_layout","colormag_page_sidebar_layout":"default_layout","footnotes":""},"categories":[14],"tags":[5277],"class_list":["post-58735","post","type-post","status-publish","format-standard","has-post-thumbnail","hentry","category-temuco","tag-docentes"],"a3_pvc":{"activated":true,"total_views":2756,"today_views":0},"_links":{"self":[{"href":"https:\/\/temucotelevision.cl\/web\/wp-json\/wp\/v2\/posts\/58735","targetHints":{"allow":["GET"]}}],"collection":[{"href":"https:\/\/temucotelevision.cl\/web\/wp-json\/wp\/v2\/posts"}],"about":[{"href":"https:\/\/temucotelevision.cl\/web\/wp-json\/wp\/v2\/types\/post"}],"author":[{"embeddable":true,"href":"https:\/\/temucotelevision.cl\/web\/wp-json\/wp\/v2\/users\/1"}],"replies":[{"embeddable":true,"href":"https:\/\/temucotelevision.cl\/web\/wp-json\/wp\/v2\/comments?post=58735"}],"version-history":[{"count":2,"href":"https:\/\/temucotelevision.cl\/web\/wp-json\/wp\/v2\/posts\/58735\/revisions"}],"predecessor-version":[{"id":58742,"href":"https:\/\/temucotelevision.cl\/web\/wp-json\/wp\/v2\/posts\/58735\/revisions\/58742"}],"wp:featuredmedia":[{"embeddable":true,"href":"https:\/\/temucotelevision.cl\/web\/wp-json\/wp\/v2\/media\/58736"}],"wp:attachment":[{"href":"https:\/\/temucotelevision.cl\/web\/wp-json\/wp\/v2\/media?parent=58735"}],"wp:term":[{"taxonomy":"category","embeddable":true,"href":"https:\/\/temucotelevision.cl\/web\/wp-json\/wp\/v2\/categories?post=58735"},{"taxonomy":"post_tag","embeddable":true,"href":"https:\/\/temucotelevision.cl\/web\/wp-json\/wp\/v2\/tags?post=58735"}],"curies":[{"name":"wp","href":"https:\/\/api.w.org\/{rel}","templated":true}]}}