{"id":58728,"date":"2025-10-25T20:27:08","date_gmt":"2025-10-25T23:27:08","guid":{"rendered":"https:\/\/temucotelevision.cl\/web\/?p=58728"},"modified":"2025-10-25T20:27:09","modified_gmt":"2025-10-25T23:27:09","slug":"concejal-de-temuco-esteban-barriga-solicita-demoler-el-mirador-isla-cautin-propiedad-de-bienes-nacionales","status":"publish","type":"post","link":"https:\/\/temucotelevision.cl\/web\/2025\/10\/25\/concejal-de-temuco-esteban-barriga-solicita-demoler-el-mirador-isla-cautin-propiedad-de-bienes-nacionales\/","title":{"rendered":"Concejal de Temuco Esteban Barriga solicita demoler el Mirador Isla Caut\u00edn, propiedad de Bienes Nacionales"},"content":{"rendered":"<div class=\"pvc_clear\"><\/div><p id=\"pvc_stats_58728\" class=\"pvc_stats total_only  \" data-element-id=\"58728\" style=\"\"><i class=\"pvc-stats-icon large\" aria-hidden=\"true\"><svg aria-hidden=\"true\" focusable=\"false\" data-prefix=\"far\" data-icon=\"chart-bar\" role=\"img\" xmlns=\"http:\/\/www.w3.org\/2000\/svg\" viewBox=\"0 0 512 512\" class=\"svg-inline--fa fa-chart-bar fa-w-16 fa-2x\"><path fill=\"currentColor\" d=\"M396.8 352h22.4c6.4 0 12.8-6.4 12.8-12.8V108.8c0-6.4-6.4-12.8-12.8-12.8h-22.4c-6.4 0-12.8 6.4-12.8 12.8v230.4c0 6.4 6.4 12.8 12.8 12.8zm-192 0h22.4c6.4 0 12.8-6.4 12.8-12.8V140.8c0-6.4-6.4-12.8-12.8-12.8h-22.4c-6.4 0-12.8 6.4-12.8 12.8v198.4c0 6.4 6.4 12.8 12.8 12.8zm96 0h22.4c6.4 0 12.8-6.4 12.8-12.8V204.8c0-6.4-6.4-12.8-12.8-12.8h-22.4c-6.4 0-12.8 6.4-12.8 12.8v134.4c0 6.4 6.4 12.8 12.8 12.8zM496 400H48V80c0-8.84-7.16-16-16-16H16C7.16 64 0 71.16 0 80v336c0 17.67 14.33 32 32 32h464c8.84 0 16-7.16 16-16v-16c0-8.84-7.16-16-16-16zm-387.2-48h22.4c6.4 0 12.8-6.4 12.8-12.8v-70.4c0-6.4-6.4-12.8-12.8-12.8h-22.4c-6.4 0-12.8 6.4-12.8 12.8v70.4c0 6.4 6.4 12.8 12.8 12.8z\" class=\"\"><\/path><\/svg><\/i> <img loading=\"lazy\" decoding=\"async\" width=\"16\" height=\"16\" alt=\"Loading\" src=\"https:\/\/temucotelevision.cl\/web\/wp-content\/plugins\/page-views-count\/ajax-loader-2x.gif\" border=0 \/><\/p><div class=\"pvc_clear\"><\/div>\n<p>Lo que alguna vez fue proyectado como un espacio de recreaci\u00f3n y encuentro ciudadano, hoy se ha transformado en un foco de preocupaci\u00f3n para los habitantes de Temuco. El&nbsp;Mirador de Isla Caut\u00edn, terreno bajo administraci\u00f3n de&nbsp;Bienes Nacionales, enfrenta serios problemas de seguridad, convirti\u00e9ndose en un punto cr\u00edtico de consumo de drogas y alcohol, y escenario de diversos hechos lamentables que han costado la vida de j\u00f3venes de la comuna.<\/p>\n\n\n\n<p>Vecinos de distintos sectores colindantes han manifestado reiteradamente su inquietud ante el&nbsp;abandono y la falta de control&nbsp;en el lugar. \u201cDe d\u00eda parece tranquilo, pero en las noches es tierra de nadie. Hay personas consumiendo, autos estacionados hasta altas horas y cero fiscalizaciones\u201d, comenta una residente del sector Amanecer, quien ha debido restringir el tr\u00e1nsito familiar por la zona.<\/p>\n\n\n\n<p>El sitio, que ofrece una de las vistas m\u00e1s privilegiadas de Temuco y el r\u00edo Caut\u00edn,&nbsp;carece completamente de medidas de seguridad, iluminaci\u00f3n adecuada, cierres perimetrales o vigilancia, lo que facilita su uso indebido. Organizaciones sociales y dirigentes vecinales han solicitado en m\u00faltiples ocasiones a las autoridades locales y regionales que se adopten medidas concretas para resguardar este espacio p\u00fablico.<\/p>\n\n\n\n<p>El concejal&nbsp;Esteban Barriga, quien ha recorrido el sector en diversas ocasiones, se\u00f1al\u00f3 que \u201cno puede ser que un lugar con tanto potencial tur\u00edstico y natural est\u00e9 abandonado. Bienes Nacionales debe asumir su responsabilidad sobre el terreno y trabajar junto al municipio en un plan de recuperaci\u00f3n integral. No podemos seguir lamentando tragedias evitables\u201d.<\/p>\n\n\n\n<p><a><\/a>La comunidad exige&nbsp;una intervenci\u00f3n urgente&nbsp;que contemple un proyecto de recuperaci\u00f3n que devuelva este espacio a la ciudadan\u00eda de manera segura y digna, iluminaci\u00f3n, cierre perimetral, por esta raz\u00f3n, solicito urgente la demolici\u00f3n del mirador y una mesa de trabajo para elaborar un proyecto en conjunto con la sociedad civil.<\/p>\n\n\n\n<p>Mientras tanto, el&nbsp;Mirador Isla Caut\u00edn&nbsp;contin\u00faa siendo un s\u00edmbolo del&nbsp;abandono institucional y la falta de coordinaci\u00f3n entre organismos p\u00fablicos, que hoy afecta directamente la seguridad y la vida de los temuquenses.<\/p>\n\n\n\n<p><\/p>\n","protected":false},"excerpt":{"rendered":"<div class=\"pvc_clear\"><\/div>\n<p id=\"pvc_stats_58728\" class=\"pvc_stats total_only  \" data-element-id=\"58728\" style=\"\"><i class=\"pvc-stats-icon large\" aria-hidden=\"true\"><svg aria-hidden=\"true\" focusable=\"false\" data-prefix=\"far\" data-icon=\"chart-bar\" role=\"img\" xmlns=\"http:\/\/www.w3.org\/2000\/svg\" viewBox=\"0 0 512 512\" class=\"svg-inline--fa fa-chart-bar fa-w-16 fa-2x\"><path fill=\"currentColor\" d=\"M396.8 352h22.4c6.4 0 12.8-6.4 12.8-12.8V108.8c0-6.4-6.4-12.8-12.8-12.8h-22.4c-6.4 0-12.8 6.4-12.8 12.8v230.4c0 6.4 6.4 12.8 12.8 12.8zm-192 0h22.4c6.4 0 12.8-6.4 12.8-12.8V140.8c0-6.4-6.4-12.8-12.8-12.8h-22.4c-6.4 0-12.8 6.4-12.8 12.8v198.4c0 6.4 6.4 12.8 12.8 12.8zm96 0h22.4c6.4 0 12.8-6.4 12.8-12.8V204.8c0-6.4-6.4-12.8-12.8-12.8h-22.4c-6.4 0-12.8 6.4-12.8 12.8v134.4c0 6.4 6.4 12.8 12.8 12.8zM496 400H48V80c0-8.84-7.16-16-16-16H16C7.16 64 0 71.16 0 80v336c0 17.67 14.33 32 32 32h464c8.84 0 16-7.16 16-16v-16c0-8.84-7.16-16-16-16zm-387.2-48h22.4c6.4 0 12.8-6.4 12.8-12.8v-70.4c0-6.4-6.4-12.8-12.8-12.8h-22.4c-6.4 0-12.8 6.4-12.8 12.8v70.4c0 6.4 6.4 12.8 12.8 12.8z\" class=\"\"><\/path><\/svg><\/i> <img loading=\"lazy\" decoding=\"async\" width=\"16\" height=\"16\" alt=\"Loading\" src=\"https:\/\/temucotelevision.cl\/web\/wp-content\/plugins\/page-views-count\/ajax-loader-2x.gif\" border=0 \/><\/p>\n<div class=\"pvc_clear\"><\/div>\n<p>Lo que alguna vez fue proyectado como un espacio de recreaci\u00f3n y encuentro ciudadano, hoy se ha transformado en un<\/p>\n","protected":false},"author":1,"featured_media":58729,"comment_status":"open","ping_status":"open","sticky":false,"template":"","format":"standard","meta":{"colormag_page_container_layout":"default_layout","colormag_page_sidebar_layout":"default_layout","footnotes":""},"categories":[14],"tags":[3367],"class_list":["post-58728","post","type-post","status-publish","format-standard","has-post-thumbnail","hentry","category-temuco","tag-mirador"],"a3_pvc":{"activated":true,"total_views":6196,"today_views":0},"_links":{"self":[{"href":"https:\/\/temucotelevision.cl\/web\/wp-json\/wp\/v2\/posts\/58728","targetHints":{"allow":["GET"]}}],"collection":[{"href":"https:\/\/temucotelevision.cl\/web\/wp-json\/wp\/v2\/posts"}],"about":[{"href":"https:\/\/temucotelevision.cl\/web\/wp-json\/wp\/v2\/types\/post"}],"author":[{"embeddable":true,"href":"https:\/\/temucotelevision.cl\/web\/wp-json\/wp\/v2\/users\/1"}],"replies":[{"embeddable":true,"href":"https:\/\/temucotelevision.cl\/web\/wp-json\/wp\/v2\/comments?post=58728"}],"version-history":[{"count":1,"href":"https:\/\/temucotelevision.cl\/web\/wp-json\/wp\/v2\/posts\/58728\/revisions"}],"predecessor-version":[{"id":58730,"href":"https:\/\/temucotelevision.cl\/web\/wp-json\/wp\/v2\/posts\/58728\/revisions\/58730"}],"wp:featuredmedia":[{"embeddable":true,"href":"https:\/\/temucotelevision.cl\/web\/wp-json\/wp\/v2\/media\/58729"}],"wp:attachment":[{"href":"https:\/\/temucotelevision.cl\/web\/wp-json\/wp\/v2\/media?parent=58728"}],"wp:term":[{"taxonomy":"category","embeddable":true,"href":"https:\/\/temucotelevision.cl\/web\/wp-json\/wp\/v2\/categories?post=58728"},{"taxonomy":"post_tag","embeddable":true,"href":"https:\/\/temucotelevision.cl\/web\/wp-json\/wp\/v2\/tags?post=58728"}],"curies":[{"name":"wp","href":"https:\/\/api.w.org\/{rel}","templated":true}]}}