{"id":58702,"date":"2025-10-25T18:57:54","date_gmt":"2025-10-25T21:57:54","guid":{"rendered":"https:\/\/temucotelevision.cl\/web\/?p=58702"},"modified":"2025-10-25T19:11:09","modified_gmt":"2025-10-25T22:11:09","slug":"cmpc-frontera-trail-2025-luis-valle-y-macarena-cayuqueo-se-llevaron-la-corona-de-los-30k-en-una-fiesta-deportiva-y-familiar","status":"publish","type":"post","link":"https:\/\/temucotelevision.cl\/web\/2025\/10\/25\/cmpc-frontera-trail-2025-luis-valle-y-macarena-cayuqueo-se-llevaron-la-corona-de-los-30k-en-una-fiesta-deportiva-y-familiar\/","title":{"rendered":"CMPC Frontera Trail 2025: Luis Valle y Macarena Cayuqueo se llevaron la corona de los 30k en una fiesta deportiva y familiar"},"content":{"rendered":"<div class=\"pvc_clear\"><\/div><p id=\"pvc_stats_58702\" class=\"pvc_stats total_only  \" data-element-id=\"58702\" style=\"\"><i class=\"pvc-stats-icon large\" aria-hidden=\"true\"><svg aria-hidden=\"true\" focusable=\"false\" data-prefix=\"far\" data-icon=\"chart-bar\" role=\"img\" xmlns=\"http:\/\/www.w3.org\/2000\/svg\" viewBox=\"0 0 512 512\" class=\"svg-inline--fa fa-chart-bar fa-w-16 fa-2x\"><path fill=\"currentColor\" d=\"M396.8 352h22.4c6.4 0 12.8-6.4 12.8-12.8V108.8c0-6.4-6.4-12.8-12.8-12.8h-22.4c-6.4 0-12.8 6.4-12.8 12.8v230.4c0 6.4 6.4 12.8 12.8 12.8zm-192 0h22.4c6.4 0 12.8-6.4 12.8-12.8V140.8c0-6.4-6.4-12.8-12.8-12.8h-22.4c-6.4 0-12.8 6.4-12.8 12.8v198.4c0 6.4 6.4 12.8 12.8 12.8zm96 0h22.4c6.4 0 12.8-6.4 12.8-12.8V204.8c0-6.4-6.4-12.8-12.8-12.8h-22.4c-6.4 0-12.8 6.4-12.8 12.8v134.4c0 6.4 6.4 12.8 12.8 12.8zM496 400H48V80c0-8.84-7.16-16-16-16H16C7.16 64 0 71.16 0 80v336c0 17.67 14.33 32 32 32h464c8.84 0 16-7.16 16-16v-16c0-8.84-7.16-16-16-16zm-387.2-48h22.4c6.4 0 12.8-6.4 12.8-12.8v-70.4c0-6.4-6.4-12.8-12.8-12.8h-22.4c-6.4 0-12.8 6.4-12.8 12.8v70.4c0 6.4 6.4 12.8 12.8 12.8z\" class=\"\"><\/path><\/svg><\/i> <img loading=\"lazy\" decoding=\"async\" width=\"16\" height=\"16\" alt=\"Loading\" src=\"https:\/\/temucotelevision.cl\/web\/wp-content\/plugins\/page-views-count\/ajax-loader-2x.gif\" border=0 \/><\/p><div class=\"pvc_clear\"><\/div>\n<ul class=\"wp-block-list\">\n<li><em>Realizada en el Parque CMPC Pumalal de Temuco, la competencia reuni\u00f3 a cientos de familias y a cerca de 800 corredores de Chile y de otros pa\u00edses, quienes participaron en los circuitos de 30, 15 y 7,5 kil\u00f3metros, adem\u00e1s de categor\u00edas infantiles. Cayuqueo revalid\u00f3 su t\u00edtulo de 2024.<\/em><\/li>\n<\/ul>\n\n\n\n<p>Temprano en la ma\u00f1ana, el Parque&nbsp;<strong>CMPC Pumalal<\/strong>, ubicado a pocos minutos del centro de&nbsp;<strong>Temuco<\/strong>, comenz\u00f3 a recibir a cientos de corredores y familias que llegaron desde distintos puntos del pa\u00eds para vivir una nueva edici\u00f3n del&nbsp;<strong>CMPC Frontera Trail 2025<\/strong>. Con un cielo despejado y una temperatura ideal para correr, el ambiente se llen\u00f3 de entusiasmo, m\u00fasica y colores.<\/p>\n\n\n\n<p>El evento, organizado por&nbsp;<strong>Puelche Producciones<\/strong>&nbsp;y&nbsp;<strong>CMPC<\/strong>, convoc\u00f3 a m\u00e1s de&nbsp;<strong>800 participantes<\/strong>&nbsp;distribuidos en las categor\u00edas&nbsp;<strong>30K, 15K, 7,5K y 3K familiar<\/strong>, consolid\u00e1ndose como una de las competencias m\u00e1s esperadas del sur de Chile, en su novena edici\u00f3n. Los senderos del parque \u2014entre bosques nativos, miradores y caminos con desniveles t\u00e9cnicos\u2014 fueron el escenario perfecto para una jornada que se destac\u00f3 por el ambiente familiar y deportivo.<\/p>\n\n\n\n<p>Los deportistas coincidieron en que la jornada ofreci\u00f3 un&nbsp;<strong>recorrido exigente pero espectacular<\/strong>, con tramos t\u00e9cnicos, zonas de barro y sectores donde la vegetaci\u00f3n nativa acompa\u00f1\u00f3 cada kil\u00f3metro. En la categor\u00eda&nbsp;<strong>30k varones, el triunfo fue para Luis Valle<\/strong>, quien super\u00f3 a otro peso pesado como Nicol\u00e1s Benavides.<\/p>\n\n\n\n<div class=\"wp-block-media-text is-stacked-on-mobile\" style=\"grid-template-columns:34% auto\"><figure class=\"wp-block-media-text__media\"><img loading=\"lazy\" decoding=\"async\" width=\"668\" height=\"1000\" src=\"https:\/\/temucotelevision.cl\/web\/wp-content\/uploads\/2025\/10\/CMPC-LUIS-VALLE-668x1000.jpg\" alt=\"\" class=\"wp-image-58710 size-full\" srcset=\"https:\/\/temucotelevision.cl\/web\/wp-content\/uploads\/2025\/10\/CMPC-LUIS-VALLE-668x1000.jpg 668w, https:\/\/temucotelevision.cl\/web\/wp-content\/uploads\/2025\/10\/CMPC-LUIS-VALLE-2003x3000.jpg 2003w, https:\/\/temucotelevision.cl\/web\/wp-content\/uploads\/2025\/10\/CMPC-LUIS-VALLE-768x1150.jpg 768w, https:\/\/temucotelevision.cl\/web\/wp-content\/uploads\/2025\/10\/CMPC-LUIS-VALLE-1025x1536.jpg 1025w, https:\/\/temucotelevision.cl\/web\/wp-content\/uploads\/2025\/10\/CMPC-LUIS-VALLE-1367x2048.jpg 1367w, https:\/\/temucotelevision.cl\/web\/wp-content\/uploads\/2025\/10\/CMPC-LUIS-VALLE-scaled.jpg 1709w\" sizes=\"auto, (max-width: 668px) 100vw, 668px\" \/><\/figure><div class=\"wp-block-media-text__content\">\n<p><strong>El hijo ilustre de Til Til dijo que su preparaci\u00f3n fue muy importante:\u00a0<\/strong>\u201cafortunadamente estuve todo el mes de agosto en Europa, pude aprender much\u00edsimo\u201d. Sobre c\u00f3mo se dio la carrera para \u00e9l, sostuvo que \u201cque tengamos en esta carrera a corredores tan destacados, claro que es bien motivante, uno se exige al 200%. Todo el rato \u00edbamos muy cerca, hasta en los \u00faltimos metros de bajada dije \u2018ya tengo que apretar nom\u00e1s, llegar a la meta como sea\u2019. Todo un siete, todo muy bien organizado. La ruta est\u00e1 impecable, se las mandaron, el marcaje impecable, uno puede correr con seguridad\u201d.<\/p>\n<\/div><\/div>\n\n\n\n<div class=\"wp-block-media-text is-stacked-on-mobile\" style=\"grid-template-columns:34% auto\"><figure class=\"wp-block-media-text__media\"><img loading=\"lazy\" decoding=\"async\" width=\"668\" height=\"1000\" src=\"https:\/\/temucotelevision.cl\/web\/wp-content\/uploads\/2025\/10\/CMPC-MACARENA-CAYUQUEO-668x1000.jpg\" alt=\"\" class=\"wp-image-58707 size-full\" srcset=\"https:\/\/temucotelevision.cl\/web\/wp-content\/uploads\/2025\/10\/CMPC-MACARENA-CAYUQUEO-668x1000.jpg 668w, https:\/\/temucotelevision.cl\/web\/wp-content\/uploads\/2025\/10\/CMPC-MACARENA-CAYUQUEO-2003x3000.jpg 2003w, https:\/\/temucotelevision.cl\/web\/wp-content\/uploads\/2025\/10\/CMPC-MACARENA-CAYUQUEO-768x1150.jpg 768w, https:\/\/temucotelevision.cl\/web\/wp-content\/uploads\/2025\/10\/CMPC-MACARENA-CAYUQUEO-1025x1536.jpg 1025w, https:\/\/temucotelevision.cl\/web\/wp-content\/uploads\/2025\/10\/CMPC-MACARENA-CAYUQUEO-1367x2048.jpg 1367w, https:\/\/temucotelevision.cl\/web\/wp-content\/uploads\/2025\/10\/CMPC-MACARENA-CAYUQUEO-scaled.jpg 1709w\" sizes=\"auto, (max-width: 668px) 100vw, 668px\" \/><\/figure><div class=\"wp-block-media-text__content\">\n<p>En\u00a0<strong>damas 30k, en tanto, la seleccionada nacional y oriunda de Lonquimay, Macarena Cayuqueo, super\u00f3 adversidades de salud para revalidar su t\u00edtulo de 2024:<\/strong>\u00a0\u201cEsta ha sido una carrera dif\u00edcil, porque vengo con una amigdalitis, no me sent\u00eda en condiciones de correr la verdad, lo decid\u00ed al final en el \u00faltimo minuto. Esta es una de las carreras que se viene preparando todo el a\u00f1o. Ha sido acumulaci\u00f3n de entrenamiento m\u00e1s que nada. La ruta bonita, entretenida, r\u00e1pida. Solo doy gracias a Dios cada vez que cruzo una meta, y a toda la gente que me apoya de una u otra forma\u201d, apunt\u00f3 tras cruzar la meta.<\/p>\n<\/div><\/div>\n\n\n\n<p><strong>Una fiesta del trail running en el coraz\u00f3n de La Araucan\u00eda<\/strong><\/p>\n\n\n\n<p>Desde las primeras horas, la largada fue acompa\u00f1ada por aplausos y m\u00fasica en vivo, mientras los corredores se internaban en los circuitos que ofrec\u00edan una vista privilegiada de los volcanes&nbsp;<strong>Llaima, Lonquimay y Villarrica<\/strong>. La carrera familiar de 3K reuni\u00f3 a decenas de ni\u00f1os y padres, reforzando el esp\u00edritu comunitario que caracteriza al Frontera Trail.<\/p>\n\n\n\n<p>En el sector de la meta, los asistentes disfrutaron de&nbsp;<strong>foodtrucks, stands de emprendimientos locales, un sector de juegos y pinta caritas para ni\u00f1os<\/strong>, y la animaci\u00f3n de la DJ local que acompa\u00f1\u00f3 la jornada. El ambiente fue una verdadera fiesta, donde el deporte se uni\u00f3 al encuentro familiar y al respeto por el entorno natural.<\/p>\n\n\n\n<p>\u201cFue una carrera bastante \u00e9pica, atractiva, con m\u00e1s de 1500 personas. Estamos felices, generando una vinculaci\u00f3n con la naturaleza, con la comunidad. Eso es lo que en CMPC nos pone contentos, abrir los bosques para que las nuevas generaciones y todos los deportistas vengan a conocer y disfrutar de las bondades que tiene el Parque CMPC Pumalal\u201d,<strong>&nbsp;dijo Juan Pablo Fuentes, subgerente de Relacionamiento Territorial de CMPC.<\/strong><\/p>\n\n\n\n<p><strong>Una alianza por el deporte y la naturaleza<\/strong><\/p>\n\n\n\n<p>Detr\u00e1s de la log\u00edstica, la producci\u00f3n y el cuidado de cada detalle estuvo el equipo de&nbsp;<strong>Puelche Producciones<\/strong>, que junto a CMPC ha logrado consolidar al CMPC Frontera Trail como una de las pruebas m\u00e1s relevantes del calendario nacional de trail running.<\/p>\n\n\n\n<p><strong>C\u00e9sar Montoya, productor de Puelche, destac\u00f3 que&nbsp;<\/strong>\u201ceste es un parque maravilloso, incre\u00edble. En esta carrera pasamos por algunos miradores que son incre\u00edbles, como el Mirador del Valle, el Mirador Torre. No es casualidad que una empresa est\u00e9 tan involucrada con la sociedad, como CMPC, y nos est\u00e9 permitiendo hacer este tipo de actividades, donde los mejores corredores de Chile pueden llevarse un premio importante en dinero. Hemos crecido en n\u00famero, en servicio, tenemos un costo de inscripci\u00f3n muy accesible. Vamos por buen camino, tenemos muchos vecinos del Parque Pumalal que tambi\u00e9n corren. Estamos muy felices con esta edici\u00f3n\u201d.<\/p>\n\n\n\n<p>Esta alianza forma parte del compromiso de&nbsp;<strong>CMPC<\/strong>&nbsp;con su iniciativa&nbsp;<strong>Red de Parques Bosque Vivo<\/strong>, que promueve el deporte al aire libre, la educaci\u00f3n ambiental y la conservaci\u00f3n de los ecosistemas en sus parques&nbsp;<strong>Junquillar (Angol), Pumalal (Temuco), Lastarria (Loncoche)<\/strong>&nbsp;y&nbsp;<strong>El C\u00f3ndor (Coyhaique)<\/strong>.<\/p>\n\n\n\n<p><strong>Resultados por categor\u00eda<\/strong><\/p>\n\n\n\n<p><strong>30k mujeres_<\/strong><\/p>\n\n\n\n<ul class=\"wp-block-list\">\n<li>1\u00ba JEANETTE MACARENA CAYUQUEO DOMIHUAL (03:15:26)<\/li>\n\n\n\n<li>2\u00ba ELIZABETH ELIANA FUENTES FUENTES (03:17:26)<\/li>\n\n\n\n<li>3\u00ba ALISON MELLA CUEVAS (03:37:00)<\/li>\n<\/ul>\n\n\n\n<p><strong>30k hombres:<\/strong><\/p>\n\n\n\n<ul class=\"wp-block-list\">\n<li>1\u00ba LUIS VALLE (02:18:37)<\/li>\n\n\n\n<li>2\u00ba NICOLAS IGNACIO BENAVIDES BOHLE (02:19:49)<\/li>\n\n\n\n<li>3\u00ba MATIAS BARROS (02:29:03)<\/li>\n<\/ul>\n\n\n\n<p><strong>15K mujeres:<\/strong><\/p>\n\n\n\n<ul class=\"wp-block-list\">\n<li>1\u00ba FLORENCIA VASQUEZ (01:28:49)<\/li>\n\n\n\n<li>2\u00ba ANTONIA S\u00c1NCHEZ (01:30:12)<\/li>\n\n\n\n<li>3\u00ba IGNACIA VERGARA (01:33:37)<\/li>\n<\/ul>\n\n\n\n<p><strong>15K hombres:<\/strong><\/p>\n\n\n\n<ul class=\"wp-block-list\">\n<li>1\u00ba DIEGO DIAZ (01:22:13)<\/li>\n\n\n\n<li>2\u00ba GABRIEL MU\u00d1OZ (01:22:53)<\/li>\n\n\n\n<li>3\u00ba SEBASTI\u00c1N ROBLE (01:23:35)<\/li>\n<\/ul>\n\n\n\n<p><strong>7,5 K \u2013 Rookie \u2013Mujeres<\/strong><\/p>\n\n\n\n<ul class=\"wp-block-list\">\n<li>1\u00b0 CAMILA GONZ\u00c1LEZ<\/li>\n\n\n\n<li>2\u00b0 NICOLE MADRID<\/li>\n\n\n\n<li>3\u00b0 MACARENA DEL REAL<\/li>\n<\/ul>\n\n\n\n<p><strong>7,5 K \u2013 Rookie \u2013 Hombres<\/strong><\/p>\n\n\n\n<ul class=\"wp-block-list\">\n<li>1\u00b0 CARLOS MU\u00d1OZ<\/li>\n\n\n\n<li>2\u00b0 ANDR\u00c9S NAHUELPAN<\/li>\n\n\n\n<li>3\u00b0 JOS\u00c9 MIGUEL VALLEJOS<\/li>\n<\/ul>\n\n\n\n<figure class=\"wp-block-image size-large\"><img loading=\"lazy\" decoding=\"async\" width=\"1000\" height=\"667\" src=\"https:\/\/temucotelevision.cl\/web\/wp-content\/uploads\/2025\/10\/CMPC-1-1000x667.jpg\" alt=\"\" class=\"wp-image-58704\" srcset=\"https:\/\/temucotelevision.cl\/web\/wp-content\/uploads\/2025\/10\/CMPC-1-1000x667.jpg 1000w, https:\/\/temucotelevision.cl\/web\/wp-content\/uploads\/2025\/10\/CMPC-1-768x513.jpg 768w, https:\/\/temucotelevision.cl\/web\/wp-content\/uploads\/2025\/10\/CMPC-1-1536x1025.jpg 1536w, https:\/\/temucotelevision.cl\/web\/wp-content\/uploads\/2025\/10\/CMPC-1-2048x1367.jpg 2048w\" sizes=\"auto, (max-width: 1000px) 100vw, 1000px\" \/><\/figure>\n","protected":false},"excerpt":{"rendered":"<div class=\"pvc_clear\"><\/div>\n<p id=\"pvc_stats_58702\" class=\"pvc_stats total_only  \" data-element-id=\"58702\" style=\"\"><i class=\"pvc-stats-icon large\" aria-hidden=\"true\"><svg aria-hidden=\"true\" focusable=\"false\" data-prefix=\"far\" data-icon=\"chart-bar\" role=\"img\" xmlns=\"http:\/\/www.w3.org\/2000\/svg\" viewBox=\"0 0 512 512\" class=\"svg-inline--fa fa-chart-bar fa-w-16 fa-2x\"><path fill=\"currentColor\" d=\"M396.8 352h22.4c6.4 0 12.8-6.4 12.8-12.8V108.8c0-6.4-6.4-12.8-12.8-12.8h-22.4c-6.4 0-12.8 6.4-12.8 12.8v230.4c0 6.4 6.4 12.8 12.8 12.8zm-192 0h22.4c6.4 0 12.8-6.4 12.8-12.8V140.8c0-6.4-6.4-12.8-12.8-12.8h-22.4c-6.4 0-12.8 6.4-12.8 12.8v198.4c0 6.4 6.4 12.8 12.8 12.8zm96 0h22.4c6.4 0 12.8-6.4 12.8-12.8V204.8c0-6.4-6.4-12.8-12.8-12.8h-22.4c-6.4 0-12.8 6.4-12.8 12.8v134.4c0 6.4 6.4 12.8 12.8 12.8zM496 400H48V80c0-8.84-7.16-16-16-16H16C7.16 64 0 71.16 0 80v336c0 17.67 14.33 32 32 32h464c8.84 0 16-7.16 16-16v-16c0-8.84-7.16-16-16-16zm-387.2-48h22.4c6.4 0 12.8-6.4 12.8-12.8v-70.4c0-6.4-6.4-12.8-12.8-12.8h-22.4c-6.4 0-12.8 6.4-12.8 12.8v70.4c0 6.4 6.4 12.8 12.8 12.8z\" class=\"\"><\/path><\/svg><\/i> <img loading=\"lazy\" decoding=\"async\" width=\"16\" height=\"16\" alt=\"Loading\" src=\"https:\/\/temucotelevision.cl\/web\/wp-content\/plugins\/page-views-count\/ajax-loader-2x.gif\" border=0 \/><\/p>\n<div class=\"pvc_clear\"><\/div>\n<p>Temprano en la ma\u00f1ana, el Parque&nbsp;CMPC Pumalal, ubicado a pocos minutos del centro de&nbsp;Temuco, comenz\u00f3 a recibir a cientos de<\/p>\n","protected":false},"author":1,"featured_media":58703,"comment_status":"open","ping_status":"open","sticky":false,"template":"","format":"standard","meta":{"colormag_page_container_layout":"default_layout","colormag_page_sidebar_layout":"default_layout","footnotes":""},"categories":[15,86],"tags":[2365],"class_list":["post-58702","post","type-post","status-publish","format-standard","has-post-thumbnail","hentry","category-la-araucania","category-panoramas","tag-cmpc"],"a3_pvc":{"activated":true,"total_views":1128,"today_views":0},"_links":{"self":[{"href":"https:\/\/temucotelevision.cl\/web\/wp-json\/wp\/v2\/posts\/58702","targetHints":{"allow":["GET"]}}],"collection":[{"href":"https:\/\/temucotelevision.cl\/web\/wp-json\/wp\/v2\/posts"}],"about":[{"href":"https:\/\/temucotelevision.cl\/web\/wp-json\/wp\/v2\/types\/post"}],"author":[{"embeddable":true,"href":"https:\/\/temucotelevision.cl\/web\/wp-json\/wp\/v2\/users\/1"}],"replies":[{"embeddable":true,"href":"https:\/\/temucotelevision.cl\/web\/wp-json\/wp\/v2\/comments?post=58702"}],"version-history":[{"count":3,"href":"https:\/\/temucotelevision.cl\/web\/wp-json\/wp\/v2\/posts\/58702\/revisions"}],"predecessor-version":[{"id":58711,"href":"https:\/\/temucotelevision.cl\/web\/wp-json\/wp\/v2\/posts\/58702\/revisions\/58711"}],"wp:featuredmedia":[{"embeddable":true,"href":"https:\/\/temucotelevision.cl\/web\/wp-json\/wp\/v2\/media\/58703"}],"wp:attachment":[{"href":"https:\/\/temucotelevision.cl\/web\/wp-json\/wp\/v2\/media?parent=58702"}],"wp:term":[{"taxonomy":"category","embeddable":true,"href":"https:\/\/temucotelevision.cl\/web\/wp-json\/wp\/v2\/categories?post=58702"},{"taxonomy":"post_tag","embeddable":true,"href":"https:\/\/temucotelevision.cl\/web\/wp-json\/wp\/v2\/tags?post=58702"}],"curies":[{"name":"wp","href":"https:\/\/api.w.org\/{rel}","templated":true}]}}