{"id":58699,"date":"2025-10-25T12:46:48","date_gmt":"2025-10-25T15:46:48","guid":{"rendered":"https:\/\/temucotelevision.cl\/web\/?p=58699"},"modified":"2025-10-25T12:46:49","modified_gmt":"2025-10-25T15:46:49","slug":"cuatro-emprendimientos-de-turismo-indigena-representan-a-chile-en-la-adventure-travel-world-summit-2025","status":"publish","type":"post","link":"https:\/\/temucotelevision.cl\/web\/2025\/10\/25\/cuatro-emprendimientos-de-turismo-indigena-representan-a-chile-en-la-adventure-travel-world-summit-2025\/","title":{"rendered":"Cuatro emprendimientos de turismo Ind\u00edgena representan a Chile en la Adventure Travel World Summit 2025"},"content":{"rendered":"<div class=\"pvc_clear\"><\/div><p id=\"pvc_stats_58699\" class=\"pvc_stats total_only  \" data-element-id=\"58699\" style=\"\"><i class=\"pvc-stats-icon large\" aria-hidden=\"true\"><svg aria-hidden=\"true\" focusable=\"false\" data-prefix=\"far\" data-icon=\"chart-bar\" role=\"img\" xmlns=\"http:\/\/www.w3.org\/2000\/svg\" viewBox=\"0 0 512 512\" class=\"svg-inline--fa fa-chart-bar fa-w-16 fa-2x\"><path fill=\"currentColor\" d=\"M396.8 352h22.4c6.4 0 12.8-6.4 12.8-12.8V108.8c0-6.4-6.4-12.8-12.8-12.8h-22.4c-6.4 0-12.8 6.4-12.8 12.8v230.4c0 6.4 6.4 12.8 12.8 12.8zm-192 0h22.4c6.4 0 12.8-6.4 12.8-12.8V140.8c0-6.4-6.4-12.8-12.8-12.8h-22.4c-6.4 0-12.8 6.4-12.8 12.8v198.4c0 6.4 6.4 12.8 12.8 12.8zm96 0h22.4c6.4 0 12.8-6.4 12.8-12.8V204.8c0-6.4-6.4-12.8-12.8-12.8h-22.4c-6.4 0-12.8 6.4-12.8 12.8v134.4c0 6.4 6.4 12.8 12.8 12.8zM496 400H48V80c0-8.84-7.16-16-16-16H16C7.16 64 0 71.16 0 80v336c0 17.67 14.33 32 32 32h464c8.84 0 16-7.16 16-16v-16c0-8.84-7.16-16-16-16zm-387.2-48h22.4c6.4 0 12.8-6.4 12.8-12.8v-70.4c0-6.4-6.4-12.8-12.8-12.8h-22.4c-6.4 0-12.8 6.4-12.8 12.8v70.4c0 6.4 6.4 12.8 12.8 12.8z\" class=\"\"><\/path><\/svg><\/i> <img loading=\"lazy\" decoding=\"async\" width=\"16\" height=\"16\" alt=\"Loading\" src=\"https:\/\/temucotelevision.cl\/web\/wp-content\/plugins\/page-views-count\/ajax-loader-2x.gif\" border=0 \/><\/p><div class=\"pvc_clear\"><\/div>\n<p><strong>La delegaci\u00f3n, integrada por iniciativas de Arica, Tarapac\u00e1, Rapa Nui y La Araucan\u00eda, participa en la cumbre internacional de turismo aventura en Puerto Natales, fortaleciendo la proyecci\u00f3n cultural y sostenible de las experiencias territoriales.&nbsp;<\/strong><\/p>\n\n\n\n<p>Puerto Natales, 14 de octubre de 2025.\u2013 Cuatro emprendimientos de turismo ind\u00edgena de distintas zonas del pa\u00eds representan a Chile en la Adventure Travel World Summit (ATWS) 2025, uno de los encuentros m\u00e1s importantes del turismo de aventura a nivel mundial, que este a\u00f1o se desarrolla en Puerto Natales, Regi\u00f3n de Magallanes.<\/p>\n\n\n\n<p>La participaci\u00f3n de las delegaciones es fruto de una alianza entre SERNATUR Araucan\u00eda y la Corporaci\u00f3n Nacional de Desarrollo Ind\u00edgena (CONADI), cuyo objetivo es fortalecer la presencia del turismo ind\u00edgena chileno en mercados nacionales e internacionales especializados.<\/p>\n\n\n\n<p>Los emprendimientos seleccionados para representar al pa\u00eds son Trekking Aymara (Regi\u00f3n de Arica y Parinacota), Ruta Huasqui\u00f1a (Regi\u00f3n de Tarapac\u00e1), Maururu Travel (Rapa Nui) y Lofpulli (Regi\u00f3n de La Araucan\u00eda). Cada uno refleja el compromiso de las comunidades con la conservaci\u00f3n cultural y medioambiental de sus territorios, y ha sido acompa\u00f1ado por Touristed Chile, organizaci\u00f3n especializada en la promoci\u00f3n de experiencias tur\u00edsticas sostenibles.<\/p>\n\n\n\n<p>Desde el evento, la subsecretaria de Turismo, Ver\u00f3nica Pardo, destac\u00f3 que esta presencia internacional representa un orgullo para el pa\u00eds y una oportunidad concreta de desarrollo. \u201cEl trabajo conjunto de Sernatur Araucan\u00eda y CONADI ha permitido que los pueblos ind\u00edgenas sean parte permanente de la experiencia tur\u00edstica que se vive en Chile\u201d, se\u00f1al\u00f3, subrayando que la delegaci\u00f3n incluye representantes mapuche, rapanui y aymara, lo que refleja la diversidad cultural y patrimonial del territorio.<\/p>\n\n\n\n<p>Agregando que esto es parte de un sello que \u201ctenemos que seguir desarrollando, que cuando se hable de turismo aventura tenga una bajada de cultura local, con nuestro turismo ind\u00edgena que es propio de la historia de nuestro pa\u00eds\u201d.<\/p>\n\n\n\n<p>Para los emprendedores participantes, este encuentro es una instancia clave para generar redes y abrir nuevas oportunidades. Aland \u00c1lvarez, representante de Ruta Huasqui\u00f1a, coment\u00f3 que asistir a la cumbre \u201ces como estar en unas olimpiadas de alto rendimiento del turismo aventura.&nbsp;Las expectativas son enormes, este evento marca la \u00e9lite del turismo aventura en la regi\u00f3n y estamos muy contentos de haber sido invitados\u201d.<\/p>\n\n\n\n<p>Asimismo, desde Sernatur Araucan\u00eda, su director Daniel D\u00edaz valor\u00f3 la instancia expresando que &#8220;Es crucial aprovechar este tipo de instancias de car\u00e1cter internacional para posicionar la cultura y tradiciones de nuestros pueblos originarios, entendiendo el enorme potencial que tienen y el inter\u00e9s que genera en el turista extranjero, que busca conocer y aprender a trav\u00e9s del turismo ind\u00edgena&#8221;.<\/p>\n\n\n\n<p>Organizada por la Adventure Travel Trade Association (ATTA), la Adventure Travel World Summit re\u00fane cada a\u00f1o a tour operadores, medios especializados, agencias de viaje y l\u00edderes del turismo de m\u00e1s de 70 pa\u00edses. En este escenario, la delegaci\u00f3n chilena busca posicionarse como un referente latinoamericano en experiencias de naturaleza y cultura, impulsando nuevas alianzas y visibilizando el valor patrimonial del turismo con identidad.<\/p>\n","protected":false},"excerpt":{"rendered":"<div class=\"pvc_clear\"><\/div>\n<p id=\"pvc_stats_58699\" class=\"pvc_stats total_only  \" data-element-id=\"58699\" style=\"\"><i class=\"pvc-stats-icon large\" aria-hidden=\"true\"><svg aria-hidden=\"true\" focusable=\"false\" data-prefix=\"far\" data-icon=\"chart-bar\" role=\"img\" xmlns=\"http:\/\/www.w3.org\/2000\/svg\" viewBox=\"0 0 512 512\" class=\"svg-inline--fa fa-chart-bar fa-w-16 fa-2x\"><path fill=\"currentColor\" d=\"M396.8 352h22.4c6.4 0 12.8-6.4 12.8-12.8V108.8c0-6.4-6.4-12.8-12.8-12.8h-22.4c-6.4 0-12.8 6.4-12.8 12.8v230.4c0 6.4 6.4 12.8 12.8 12.8zm-192 0h22.4c6.4 0 12.8-6.4 12.8-12.8V140.8c0-6.4-6.4-12.8-12.8-12.8h-22.4c-6.4 0-12.8 6.4-12.8 12.8v198.4c0 6.4 6.4 12.8 12.8 12.8zm96 0h22.4c6.4 0 12.8-6.4 12.8-12.8V204.8c0-6.4-6.4-12.8-12.8-12.8h-22.4c-6.4 0-12.8 6.4-12.8 12.8v134.4c0 6.4 6.4 12.8 12.8 12.8zM496 400H48V80c0-8.84-7.16-16-16-16H16C7.16 64 0 71.16 0 80v336c0 17.67 14.33 32 32 32h464c8.84 0 16-7.16 16-16v-16c0-8.84-7.16-16-16-16zm-387.2-48h22.4c6.4 0 12.8-6.4 12.8-12.8v-70.4c0-6.4-6.4-12.8-12.8-12.8h-22.4c-6.4 0-12.8 6.4-12.8 12.8v70.4c0 6.4 6.4 12.8 12.8 12.8z\" class=\"\"><\/path><\/svg><\/i> <img loading=\"lazy\" decoding=\"async\" width=\"16\" height=\"16\" alt=\"Loading\" src=\"https:\/\/temucotelevision.cl\/web\/wp-content\/plugins\/page-views-count\/ajax-loader-2x.gif\" border=0 \/><\/p>\n<div class=\"pvc_clear\"><\/div>\n<p>La delegaci\u00f3n, integrada por iniciativas de Arica, Tarapac\u00e1, Rapa Nui y La Araucan\u00eda, participa en la cumbre internacional de turismo<\/p>\n","protected":false},"author":1,"featured_media":58700,"comment_status":"open","ping_status":"open","sticky":false,"template":"","format":"standard","meta":{"colormag_page_container_layout":"default_layout","colormag_page_sidebar_layout":"default_layout","footnotes":""},"categories":[18,14],"tags":[3342],"class_list":["post-58699","post","type-post","status-publish","format-standard","has-post-thumbnail","hentry","category-nacional","category-temuco","tag-emprendimientos"],"a3_pvc":{"activated":true,"total_views":3096,"today_views":0},"_links":{"self":[{"href":"https:\/\/temucotelevision.cl\/web\/wp-json\/wp\/v2\/posts\/58699","targetHints":{"allow":["GET"]}}],"collection":[{"href":"https:\/\/temucotelevision.cl\/web\/wp-json\/wp\/v2\/posts"}],"about":[{"href":"https:\/\/temucotelevision.cl\/web\/wp-json\/wp\/v2\/types\/post"}],"author":[{"embeddable":true,"href":"https:\/\/temucotelevision.cl\/web\/wp-json\/wp\/v2\/users\/1"}],"replies":[{"embeddable":true,"href":"https:\/\/temucotelevision.cl\/web\/wp-json\/wp\/v2\/comments?post=58699"}],"version-history":[{"count":1,"href":"https:\/\/temucotelevision.cl\/web\/wp-json\/wp\/v2\/posts\/58699\/revisions"}],"predecessor-version":[{"id":58701,"href":"https:\/\/temucotelevision.cl\/web\/wp-json\/wp\/v2\/posts\/58699\/revisions\/58701"}],"wp:featuredmedia":[{"embeddable":true,"href":"https:\/\/temucotelevision.cl\/web\/wp-json\/wp\/v2\/media\/58700"}],"wp:attachment":[{"href":"https:\/\/temucotelevision.cl\/web\/wp-json\/wp\/v2\/media?parent=58699"}],"wp:term":[{"taxonomy":"category","embeddable":true,"href":"https:\/\/temucotelevision.cl\/web\/wp-json\/wp\/v2\/categories?post=58699"},{"taxonomy":"post_tag","embeddable":true,"href":"https:\/\/temucotelevision.cl\/web\/wp-json\/wp\/v2\/tags?post=58699"}],"curies":[{"name":"wp","href":"https:\/\/api.w.org\/{rel}","templated":true}]}}