{"id":58591,"date":"2025-10-20T18:19:00","date_gmt":"2025-10-20T21:19:00","guid":{"rendered":"https:\/\/temucotelevision.cl\/web\/?p=58591"},"modified":"2025-10-20T18:19:17","modified_gmt":"2025-10-20T21:19:17","slug":"mas-de-2-mil-personas-disfrutaron-los-conciertos-de-gala-y-comunidad-de-la-orquesta-sinfonica-juvenil-regional-del-biobio","status":"publish","type":"post","link":"https:\/\/temucotelevision.cl\/web\/2025\/10\/20\/mas-de-2-mil-personas-disfrutaron-los-conciertos-de-gala-y-comunidad-de-la-orquesta-sinfonica-juvenil-regional-del-biobio\/","title":{"rendered":"M\u00e1s de 2 mil personas disfrutaron los conciertos de gala y comunidad de la Orquesta Sinf\u00f3nica Juvenil Regional del Biob\u00edo"},"content":{"rendered":"<div class=\"pvc_clear\"><\/div><p id=\"pvc_stats_58591\" class=\"pvc_stats total_only  \" data-element-id=\"58591\" style=\"\"><i class=\"pvc-stats-icon large\" aria-hidden=\"true\"><svg aria-hidden=\"true\" focusable=\"false\" data-prefix=\"far\" data-icon=\"chart-bar\" role=\"img\" xmlns=\"http:\/\/www.w3.org\/2000\/svg\" viewBox=\"0 0 512 512\" class=\"svg-inline--fa fa-chart-bar fa-w-16 fa-2x\"><path fill=\"currentColor\" d=\"M396.8 352h22.4c6.4 0 12.8-6.4 12.8-12.8V108.8c0-6.4-6.4-12.8-12.8-12.8h-22.4c-6.4 0-12.8 6.4-12.8 12.8v230.4c0 6.4 6.4 12.8 12.8 12.8zm-192 0h22.4c6.4 0 12.8-6.4 12.8-12.8V140.8c0-6.4-6.4-12.8-12.8-12.8h-22.4c-6.4 0-12.8 6.4-12.8 12.8v198.4c0 6.4 6.4 12.8 12.8 12.8zm96 0h22.4c6.4 0 12.8-6.4 12.8-12.8V204.8c0-6.4-6.4-12.8-12.8-12.8h-22.4c-6.4 0-12.8 6.4-12.8 12.8v134.4c0 6.4 6.4 12.8 12.8 12.8zM496 400H48V80c0-8.84-7.16-16-16-16H16C7.16 64 0 71.16 0 80v336c0 17.67 14.33 32 32 32h464c8.84 0 16-7.16 16-16v-16c0-8.84-7.16-16-16-16zm-387.2-48h22.4c6.4 0 12.8-6.4 12.8-12.8v-70.4c0-6.4-6.4-12.8-12.8-12.8h-22.4c-6.4 0-12.8 6.4-12.8 12.8v70.4c0 6.4 6.4 12.8 12.8 12.8z\" class=\"\"><\/path><\/svg><\/i> <img loading=\"lazy\" decoding=\"async\" width=\"16\" height=\"16\" alt=\"Loading\" src=\"https:\/\/temucotelevision.cl\/web\/wp-content\/plugins\/page-views-count\/ajax-loader-2x.gif\" border=0 \/><\/p><div class=\"pvc_clear\"><\/div>\n<p><strong>\u00a0Las presentaciones que se desplegaron durante la semana en el Teatro Universidad de Concepci\u00f3n y el Teatro Municipal de Los \u00c1ngeles, congregaron a un n\u00famero importante de la comunidad de ambas ciudades, en torno al trabajo musical de esta agrupaci\u00f3n compuesta por 71 j\u00f3venes talentos provenientes de diferentes comunas de la Regi\u00f3n. Guiados por la directora Alejandra Rivas, el conjunto cl\u00e1sico emocion\u00f3 con obras como la Sinfon\u00eda \u201cInconclusa\u201d, de Schubert, y \u201cYin Yin, Homenaje a Gabriela Mistral\u201d, del m\u00fasico y compositor penquista Jaime Cofr\u00e9.<\/strong><\/p>\n\n\n\n<p>\u00a0Ovacionados de pie y con mucha emoci\u00f3n se desarrollaron los conciertos de gala y comunidad de la Orquesta Sinf\u00f3nica Juvenil del Biob\u00edo (OSJR Biob\u00edo) durante esta semana en Concepci\u00f3n y Los \u00c1ngeles. Fueron m\u00e1s de 2 mil personas quienes acompa\u00f1aron de forma entusiasta a los 71 j\u00f3venes que integran esta talentosa agrupaci\u00f3n docta, dependiente de la Fundaci\u00f3n de Orquestas Juveniles e Infantiles de Chile (FOJI), tanto en el Teatro de la Universidad de Concepci\u00f3n como en el Teatro Municipal de Los \u00c1ngeles. Ambas presentaciones estuvieron guiadas bajo la batuta de la maestra Alejandra Rivas.<\/p>\n\n\n\n<p>\u201cEstos conciertos son el bello t\u00e9rmino de un proceso que se viene dando desde hace varios meses atr\u00e1s, resultado de largas jornadas de ensayos de diferente \u00edndole, tanto en conjunto como orquesta como de manera m\u00e1s parcializada por familias de instrumentos. Muchas felicidades para la OSJR Biob\u00edo por las maravillosas presentaciones, a su directora e instructores y a todo su equipo. Prepararon un programa muy interesante y variado, una gran oportunidad para apreciar el enorme talento que tiene los j\u00f3venes m\u00fasicos de esta Regi\u00f3n\u201d, destac\u00f3 Pablo Aranda, compositor y director ejecutivo de FOJI.<\/p>\n\n\n\n<p>Palabras que van en la misma direcci\u00f3n de lo se\u00f1alado por Luis Perdomo, jefe de las OSJR de la zona sur de FOJI, quien afirm\u00f3 que \u201cnos sentimos muy satisfechos por el trabajo realizado por la maestra Rivas y por el equipo regional liderado por Loreto Rodr\u00edguez. Fuimos testigos de unos conciertos maravillosos, en que pudimos apreciar el gran talento de todos quienes integran esta orquesta. Destacar que esta es una de las agrupaciones pertenecientes a FOJI que tiene una gran representatividad regional, o sea, de las 33 comunas que tiene Biob\u00edo, la OSJR Biob\u00edo tiene representantes de 22 de ellas. Varios de los j\u00f3venes provienen de ciudades apartadas de la capital regional, por lo que el sacrificio y entrega por ensayar todos los meses, qued\u00f3 de manifiesto en estas brillantes y aplaudidas presentaciones\u201d.<\/p>\n\n\n\n<p>Se\u00f1alar que ambos conciertos, cuyas entradas eran liberadas y abiertas a toda la comunidad, ten\u00edan un programa que reuni\u00f3 melod\u00edas conocidas de la m\u00fasica docta internacional, as\u00ed como tambi\u00e9n composiciones provenientes de nuestro continente. En detalle, se interpret\u00f3 la Sinfon\u00eda N\u00b08 \u201cInconclusa\u201d, de Franz Schubert; \u201cConcertino para flauta y orquesta en Re Mayor, Opus 107\u201d, de C\u00e9cile Chaminade; \u201cDanza del sable\u201d, de Aram Kachaturi\u00e1n arreglo para ensamble de percusi\u00f3n de Gipson Reyes; \u201cHuapango\u201d, de Jos\u00e9 Pablo Moncayo; y \u201cYin Yin, Homenaje a Gabriela Mistral\u201d, del m\u00fasico y director penquista Jaime Cofr\u00e9.<\/p>\n\n\n\n<p>En esta \u00faltima pieza en particular, se vivi\u00f3 un momento alto de emotividad y efervescencia, ya sea al principio cuando la maestra Rivas explic\u00f3 el c\u00f3mo surgi\u00f3 la composici\u00f3n de la obra y lo que significan sus cuatro movimientos -en honor al hijo fallecido de nuestra Premio Nobel del Literatura-, as\u00ed como tambi\u00e9n al final cuando la audiencia aplaudi\u00f3 de pie, por largos minutos, la virtuosa y prolija interpretaci\u00f3n. \u201cNos vamos con el coraz\u00f3n lleno y felices de toda la labor realizada junto a todo el equipo que involucra esta orquesta, ya que no son s\u00f3lo las y los j\u00f3venes que el p\u00fablico ve y escucha sobre el escenario, sino hay un enorme respaldo detr\u00e1s que hace todo esto posible, siendo mi labor un eslab\u00f3n m\u00e1s dentro de la OSJR Biob\u00edo\u201d, sentenci\u00f3 la directora Alejandra Rivas.<\/p>\n\n\n\n<p>Los asistentes tambi\u00e9n hicieron sentir su satisfacci\u00f3n y alegr\u00eda de haber sido parte de estos conciertos finales de la temporada 2025. Roc\u00edo Arancibia fue una de ellas, quien dijo que \u201cno muchas veces uno tiene las posibilidades de poder acceder a presentaciones de este tipo, m\u00e1s all\u00e1 de que sean gratis, que sean de calidad. Y estos j\u00f3venes demostraron un gran profesionalismo y talento con el bonito repertorio que interpretaron, se not\u00f3 que se prepararon mucho para estos conciertos\u201d.<\/p>\n\n\n\n<p>Para Manuel Pedreros esta fue una experiencia \u201c\u00fanica y muy emocionante, ver a tantos j\u00f3venes juntos alrededor de obras tan variadas y diversas e interpretarlas con tanto compromiso y pasi\u00f3n, de verdad que te deja lleno de entusiasmo y alegr\u00eda, demuestra el gran talento de las nuevas generaciones en la m\u00fasica cl\u00e1sica y tambi\u00e9n en obras m\u00e1s desconocidas, que igual son muy interesantes de conocer\u201d.\u00a0<\/p>\n\n\n\n<p><strong>Nuevo proceso<\/strong><\/p>\n\n\n\n<p>En detalle, esta temporada 2025 la OSJR Biob\u00edo la integraron 71 ni\u00f1os, ni\u00f1as, adolescentes y j\u00f3venes m\u00fasicos, de entre 13 a 22 a\u00f1os de edad, provenientes de las comunas de Arauco, Ca\u00f1ete, Chiguayante, Concepci\u00f3n, Contulmo, Coronel, Curanilahue, Florida, Hualp\u00e9n, Hualqui, Lebu, Los \u00c1lamos, Los \u00c1ngeles, Lota, Nacimiento, Negrete, Penco, San Pedro de la Paz, San Rosendo, Talcahuano y Tom\u00e9. Desde su conformaci\u00f3n hasta la fecha, la OSJR Biob\u00edo se ha presentado en los m\u00e1s diversos y destacados escenarios de la Regi\u00f3n como Teatro Marina del Sol, Teatro de la Universidad de Concepci\u00f3n, Universidad del Biob\u00edo, Sal\u00f3n de Honor del Gobierno Regional del Biob\u00edo, Parroquia San Agust\u00edn de Concepci\u00f3n, Teatro Biob\u00edo, Centro Cultural de Arauco, Centro Cultural de Tome, Gimnasio Municipal de Contulmo, entre otros. Adem\u00e1s, ha participado en los diversos encuentros nacionales de orquestas juveniles e infantiles organizados por FOJI a lo largo de toda su trayectoria.<\/p>\n\n\n\n<p>Agrupaci\u00f3n que, tras concluido los conciertos de gala y comunidad, entrar\u00e1 en un nuevo proceso de admisi\u00f3n y convocatoria, ya que como es costumbre y parte de la din\u00e1mica de las orquestas juveniles de FOJI de cada a\u00f1o, se abrir\u00e1n las postulaciones para integrar la OSJR Biob\u00edo y ser becados para su temporada 2026. \u201cSi bien se termina esta etapa, estamos pr\u00f3ximos a comenzar una nueva. Pedimos que est\u00e9n atentos a las redes sociales y sitio web de FOJI, ya que pronto realizaremos la convocatoria para la conformaci\u00f3n de la orquesta 2026. Todos los a\u00f1os hacemos esto, una audici\u00f3n en que pueden postular j\u00f3venes de toda la Regi\u00f3n y as\u00ed conformar la agrupaci\u00f3n del pr\u00f3ximo a\u00f1o\u201d, manifest\u00f3 Luis Perdomo, jefe de las OSJR de la zona sur de FOJI.<\/p>\n\n\n\n<p>Destacar que la Fundaci\u00f3n de Orquestas Juveniles e Infantiles de Chile (FOJI) cuenta con el apoyo y financiamiento del Ministerio de las Culturas, las Artes y el Patrimonio.M\u00e1s informaci\u00f3n a trav\u00e9s del sitio web oficial\u00a0<a href=\"http:\/\/%20\/\" target=\"_blank\" rel=\"noreferrer noopener\">\u00a0<\/a><a href=\"http:\/\/www.foji.cl\/\" target=\"_blank\" rel=\"noreferrer noopener\">www.foji.cl<\/a>.<\/p>\n","protected":false},"excerpt":{"rendered":"<div class=\"pvc_clear\"><\/div>\n<p id=\"pvc_stats_58591\" class=\"pvc_stats total_only  \" data-element-id=\"58591\" style=\"\"><i class=\"pvc-stats-icon large\" aria-hidden=\"true\"><svg aria-hidden=\"true\" focusable=\"false\" data-prefix=\"far\" data-icon=\"chart-bar\" role=\"img\" xmlns=\"http:\/\/www.w3.org\/2000\/svg\" viewBox=\"0 0 512 512\" class=\"svg-inline--fa fa-chart-bar fa-w-16 fa-2x\"><path fill=\"currentColor\" d=\"M396.8 352h22.4c6.4 0 12.8-6.4 12.8-12.8V108.8c0-6.4-6.4-12.8-12.8-12.8h-22.4c-6.4 0-12.8 6.4-12.8 12.8v230.4c0 6.4 6.4 12.8 12.8 12.8zm-192 0h22.4c6.4 0 12.8-6.4 12.8-12.8V140.8c0-6.4-6.4-12.8-12.8-12.8h-22.4c-6.4 0-12.8 6.4-12.8 12.8v198.4c0 6.4 6.4 12.8 12.8 12.8zm96 0h22.4c6.4 0 12.8-6.4 12.8-12.8V204.8c0-6.4-6.4-12.8-12.8-12.8h-22.4c-6.4 0-12.8 6.4-12.8 12.8v134.4c0 6.4 6.4 12.8 12.8 12.8zM496 400H48V80c0-8.84-7.16-16-16-16H16C7.16 64 0 71.16 0 80v336c0 17.67 14.33 32 32 32h464c8.84 0 16-7.16 16-16v-16c0-8.84-7.16-16-16-16zm-387.2-48h22.4c6.4 0 12.8-6.4 12.8-12.8v-70.4c0-6.4-6.4-12.8-12.8-12.8h-22.4c-6.4 0-12.8 6.4-12.8 12.8v70.4c0 6.4 6.4 12.8 12.8 12.8z\" class=\"\"><\/path><\/svg><\/i> <img loading=\"lazy\" decoding=\"async\" width=\"16\" height=\"16\" alt=\"Loading\" src=\"https:\/\/temucotelevision.cl\/web\/wp-content\/plugins\/page-views-count\/ajax-loader-2x.gif\" border=0 \/><\/p>\n<div class=\"pvc_clear\"><\/div>\n<p>\u00a0Las presentaciones que se desplegaron durante la semana en el Teatro Universidad de Concepci\u00f3n y el Teatro Municipal de Los<\/p>\n","protected":false},"author":143,"featured_media":58593,"comment_status":"open","ping_status":"open","sticky":false,"template":"","format":"standard","meta":{"colormag_page_container_layout":"default_layout","colormag_page_sidebar_layout":"default_layout","footnotes":""},"categories":[369,86],"tags":[],"class_list":["post-58591","post","type-post","status-publish","format-standard","has-post-thumbnail","hentry","category-musica","category-panoramas"],"a3_pvc":{"activated":true,"total_views":38,"today_views":0},"_links":{"self":[{"href":"https:\/\/temucotelevision.cl\/web\/wp-json\/wp\/v2\/posts\/58591","targetHints":{"allow":["GET"]}}],"collection":[{"href":"https:\/\/temucotelevision.cl\/web\/wp-json\/wp\/v2\/posts"}],"about":[{"href":"https:\/\/temucotelevision.cl\/web\/wp-json\/wp\/v2\/types\/post"}],"author":[{"embeddable":true,"href":"https:\/\/temucotelevision.cl\/web\/wp-json\/wp\/v2\/users\/143"}],"replies":[{"embeddable":true,"href":"https:\/\/temucotelevision.cl\/web\/wp-json\/wp\/v2\/comments?post=58591"}],"version-history":[{"count":1,"href":"https:\/\/temucotelevision.cl\/web\/wp-json\/wp\/v2\/posts\/58591\/revisions"}],"predecessor-version":[{"id":58594,"href":"https:\/\/temucotelevision.cl\/web\/wp-json\/wp\/v2\/posts\/58591\/revisions\/58594"}],"wp:featuredmedia":[{"embeddable":true,"href":"https:\/\/temucotelevision.cl\/web\/wp-json\/wp\/v2\/media\/58593"}],"wp:attachment":[{"href":"https:\/\/temucotelevision.cl\/web\/wp-json\/wp\/v2\/media?parent=58591"}],"wp:term":[{"taxonomy":"category","embeddable":true,"href":"https:\/\/temucotelevision.cl\/web\/wp-json\/wp\/v2\/categories?post=58591"},{"taxonomy":"post_tag","embeddable":true,"href":"https:\/\/temucotelevision.cl\/web\/wp-json\/wp\/v2\/tags?post=58591"}],"curies":[{"name":"wp","href":"https:\/\/api.w.org\/{rel}","templated":true}]}}