{"id":58588,"date":"2025-10-20T18:31:02","date_gmt":"2025-10-20T21:31:02","guid":{"rendered":"https:\/\/temucotelevision.cl\/web\/?p=58588"},"modified":"2025-10-20T18:31:03","modified_gmt":"2025-10-20T21:31:03","slug":"temuquense-se-lleva-el-sahne-nuss-mas-grande-de-la-historia-45-kilos-de-puro-chocolate","status":"publish","type":"post","link":"https:\/\/temucotelevision.cl\/web\/2025\/10\/20\/temuquense-se-lleva-el-sahne-nuss-mas-grande-de-la-historia-45-kilos-de-puro-chocolate\/","title":{"rendered":"Temuquense se lleva el Sahne Nuss m\u00e1s grande de la historia: \u00a14,5 kilos de puro chocolate!"},"content":{"rendered":"<div class=\"pvc_clear\"><\/div><p id=\"pvc_stats_58588\" class=\"pvc_stats total_only  \" data-element-id=\"58588\" style=\"\"><i class=\"pvc-stats-icon large\" aria-hidden=\"true\"><svg aria-hidden=\"true\" focusable=\"false\" data-prefix=\"far\" data-icon=\"chart-bar\" role=\"img\" xmlns=\"http:\/\/www.w3.org\/2000\/svg\" viewBox=\"0 0 512 512\" class=\"svg-inline--fa fa-chart-bar fa-w-16 fa-2x\"><path fill=\"currentColor\" d=\"M396.8 352h22.4c6.4 0 12.8-6.4 12.8-12.8V108.8c0-6.4-6.4-12.8-12.8-12.8h-22.4c-6.4 0-12.8 6.4-12.8 12.8v230.4c0 6.4 6.4 12.8 12.8 12.8zm-192 0h22.4c6.4 0 12.8-6.4 12.8-12.8V140.8c0-6.4-6.4-12.8-12.8-12.8h-22.4c-6.4 0-12.8 6.4-12.8 12.8v198.4c0 6.4 6.4 12.8 12.8 12.8zm96 0h22.4c6.4 0 12.8-6.4 12.8-12.8V204.8c0-6.4-6.4-12.8-12.8-12.8h-22.4c-6.4 0-12.8 6.4-12.8 12.8v134.4c0 6.4 6.4 12.8 12.8 12.8zM496 400H48V80c0-8.84-7.16-16-16-16H16C7.16 64 0 71.16 0 80v336c0 17.67 14.33 32 32 32h464c8.84 0 16-7.16 16-16v-16c0-8.84-7.16-16-16-16zm-387.2-48h22.4c6.4 0 12.8-6.4 12.8-12.8v-70.4c0-6.4-6.4-12.8-12.8-12.8h-22.4c-6.4 0-12.8 6.4-12.8 12.8v70.4c0 6.4 6.4 12.8 12.8 12.8z\" class=\"\"><\/path><\/svg><\/i> <img loading=\"lazy\" decoding=\"async\" width=\"16\" height=\"16\" alt=\"Loading\" src=\"https:\/\/temucotelevision.cl\/web\/wp-content\/plugins\/page-views-count\/ajax-loader-2x.gif\" border=0 \/><\/p><div class=\"pvc_clear\"><\/div>\n<p>\u00b7&nbsp;&nbsp;&nbsp;&nbsp;&nbsp;&nbsp;&nbsp;<strong>M\u00e1s de tres mil personas llegaron al evento que se realiz\u00f3 el fin de semana en Parque Urbano Isla Caut\u00edn.<\/strong><\/p>\n\n\n\n<p>Este s\u00e1bado se vivi\u00f3 una gran fiesta familiar en Temuco y m\u00e1s de tres mil personas participaron de un evento organizado por Sahne Nuss donde hubo m\u00fasica, juegos, concursos. Pero el hito principal fue la entrega del chocolate Sahne-Nuss m\u00e1s grande de la historia con un peso 4,5 kilos.<\/p>\n\n\n\n<p>Y quien se llev\u00f3 el codiciado premio fue Mauricio Castillo, quien demostr\u00f3 todo su talento imitando a sus artistas favoritos en un concurso de lip sync, lo que le vali\u00f3 quedarse con el premio mayor.<\/p>\n\n\n\n<p>\u201cEstamos muy contentos con el recibimiento que tuvo esta actividad en la capital de la regi\u00f3n de La Araucan\u00eda\u201d, asegur\u00f3 Karem Mu\u00f1oz, gerenta de marketing de Chocolates Nestl\u00e9 y organizadora del evento. Agreg\u00f3 que este entusiasmo demuestra que los vecinos en las distintas regiones del pa\u00eds siempre est\u00e1n esperando que las empresas traigan actividades recreativas a sus comunas. \u201cEn ese sentido con este evento nosotros quisimos retribuir el cari\u00f1o que nos demuestran siempre y el resultado fue incluso mejor de lo esperado\u201d, se\u00f1al\u00f3.<\/p>\n\n\n\n<p>Esta fue la quinta fecha del tour que la marca tendr\u00e1 con actividades en distintas regiones del pa\u00eds. La pr\u00f3xima semana la cita ser\u00e1 en Santiago, donde otro fan\u00e1tico del chocolate tambi\u00e9n podr\u00e1 quedarse con el Sahne Nuss m\u00e1s grande de la historia.<\/p>\n\n\n\n<figure class=\"wp-block-image size-large\"><img loading=\"lazy\" decoding=\"async\" width=\"1000\" height=\"750\" src=\"https:\/\/temucotelevision.cl\/web\/wp-content\/uploads\/2025\/10\/IMG_2772-1000x750.jpg\" alt=\"\" class=\"wp-image-58590\" srcset=\"https:\/\/temucotelevision.cl\/web\/wp-content\/uploads\/2025\/10\/IMG_2772-1000x750.jpg 1000w, https:\/\/temucotelevision.cl\/web\/wp-content\/uploads\/2025\/10\/IMG_2772-768x576.jpg 768w, https:\/\/temucotelevision.cl\/web\/wp-content\/uploads\/2025\/10\/IMG_2772-1536x1152.jpg 1536w, https:\/\/temucotelevision.cl\/web\/wp-content\/uploads\/2025\/10\/IMG_2772-2048x1536.jpg 2048w\" sizes=\"auto, (max-width: 1000px) 100vw, 1000px\" \/><\/figure>\n","protected":false},"excerpt":{"rendered":"<div class=\"pvc_clear\"><\/div>\n<p id=\"pvc_stats_58588\" class=\"pvc_stats total_only  \" data-element-id=\"58588\" style=\"\"><i class=\"pvc-stats-icon large\" aria-hidden=\"true\"><svg aria-hidden=\"true\" focusable=\"false\" data-prefix=\"far\" data-icon=\"chart-bar\" role=\"img\" xmlns=\"http:\/\/www.w3.org\/2000\/svg\" viewBox=\"0 0 512 512\" class=\"svg-inline--fa fa-chart-bar fa-w-16 fa-2x\"><path fill=\"currentColor\" d=\"M396.8 352h22.4c6.4 0 12.8-6.4 12.8-12.8V108.8c0-6.4-6.4-12.8-12.8-12.8h-22.4c-6.4 0-12.8 6.4-12.8 12.8v230.4c0 6.4 6.4 12.8 12.8 12.8zm-192 0h22.4c6.4 0 12.8-6.4 12.8-12.8V140.8c0-6.4-6.4-12.8-12.8-12.8h-22.4c-6.4 0-12.8 6.4-12.8 12.8v198.4c0 6.4 6.4 12.8 12.8 12.8zm96 0h22.4c6.4 0 12.8-6.4 12.8-12.8V204.8c0-6.4-6.4-12.8-12.8-12.8h-22.4c-6.4 0-12.8 6.4-12.8 12.8v134.4c0 6.4 6.4 12.8 12.8 12.8zM496 400H48V80c0-8.84-7.16-16-16-16H16C7.16 64 0 71.16 0 80v336c0 17.67 14.33 32 32 32h464c8.84 0 16-7.16 16-16v-16c0-8.84-7.16-16-16-16zm-387.2-48h22.4c6.4 0 12.8-6.4 12.8-12.8v-70.4c0-6.4-6.4-12.8-12.8-12.8h-22.4c-6.4 0-12.8 6.4-12.8 12.8v70.4c0 6.4 6.4 12.8 12.8 12.8z\" class=\"\"><\/path><\/svg><\/i> <img loading=\"lazy\" decoding=\"async\" width=\"16\" height=\"16\" alt=\"Loading\" src=\"https:\/\/temucotelevision.cl\/web\/wp-content\/plugins\/page-views-count\/ajax-loader-2x.gif\" border=0 \/><\/p>\n<div class=\"pvc_clear\"><\/div>\n<p>\u00b7&nbsp;&nbsp;&nbsp;&nbsp;&nbsp;&nbsp;&nbsp;M\u00e1s de tres mil personas llegaron al evento que se realiz\u00f3 el fin de semana en Parque Urbano Isla Caut\u00edn.<\/p>\n","protected":false},"author":1,"featured_media":58589,"comment_status":"open","ping_status":"open","sticky":false,"template":"","format":"standard","meta":{"colormag_page_container_layout":"default_layout","colormag_page_sidebar_layout":"default_layout","footnotes":""},"categories":[86,14],"tags":[5221],"class_list":["post-58588","post","type-post","status-publish","format-standard","has-post-thumbnail","hentry","category-panoramas","category-temuco","tag-chocolate"],"a3_pvc":{"activated":true,"total_views":2144,"today_views":0},"_links":{"self":[{"href":"https:\/\/temucotelevision.cl\/web\/wp-json\/wp\/v2\/posts\/58588","targetHints":{"allow":["GET"]}}],"collection":[{"href":"https:\/\/temucotelevision.cl\/web\/wp-json\/wp\/v2\/posts"}],"about":[{"href":"https:\/\/temucotelevision.cl\/web\/wp-json\/wp\/v2\/types\/post"}],"author":[{"embeddable":true,"href":"https:\/\/temucotelevision.cl\/web\/wp-json\/wp\/v2\/users\/1"}],"replies":[{"embeddable":true,"href":"https:\/\/temucotelevision.cl\/web\/wp-json\/wp\/v2\/comments?post=58588"}],"version-history":[{"count":1,"href":"https:\/\/temucotelevision.cl\/web\/wp-json\/wp\/v2\/posts\/58588\/revisions"}],"predecessor-version":[{"id":58595,"href":"https:\/\/temucotelevision.cl\/web\/wp-json\/wp\/v2\/posts\/58588\/revisions\/58595"}],"wp:featuredmedia":[{"embeddable":true,"href":"https:\/\/temucotelevision.cl\/web\/wp-json\/wp\/v2\/media\/58589"}],"wp:attachment":[{"href":"https:\/\/temucotelevision.cl\/web\/wp-json\/wp\/v2\/media?parent=58588"}],"wp:term":[{"taxonomy":"category","embeddable":true,"href":"https:\/\/temucotelevision.cl\/web\/wp-json\/wp\/v2\/categories?post=58588"},{"taxonomy":"post_tag","embeddable":true,"href":"https:\/\/temucotelevision.cl\/web\/wp-json\/wp\/v2\/tags?post=58588"}],"curies":[{"name":"wp","href":"https:\/\/api.w.org\/{rel}","templated":true}]}}