{"id":58582,"date":"2025-10-20T11:52:21","date_gmt":"2025-10-20T14:52:21","guid":{"rendered":"https:\/\/temucotelevision.cl\/web\/?p=58582"},"modified":"2025-10-20T15:24:45","modified_gmt":"2025-10-20T18:24:45","slug":"el-mulu-presentara-su-gota-por-gota-tour-en-temuco","status":"publish","type":"post","link":"https:\/\/temucotelevision.cl\/web\/2025\/10\/20\/el-mulu-presentara-su-gota-por-gota-tour-en-temuco\/","title":{"rendered":"El Mulu\u00a0presentar\u00e1\u00a0su &#8220;Gota por Gota Tour&#8221; en Temuco"},"content":{"rendered":"<div class=\"pvc_clear\"><\/div><p id=\"pvc_stats_58582\" class=\"pvc_stats total_only  \" data-element-id=\"58582\" style=\"\"><i class=\"pvc-stats-icon large\" aria-hidden=\"true\"><svg aria-hidden=\"true\" focusable=\"false\" data-prefix=\"far\" data-icon=\"chart-bar\" role=\"img\" xmlns=\"http:\/\/www.w3.org\/2000\/svg\" viewBox=\"0 0 512 512\" class=\"svg-inline--fa fa-chart-bar fa-w-16 fa-2x\"><path fill=\"currentColor\" d=\"M396.8 352h22.4c6.4 0 12.8-6.4 12.8-12.8V108.8c0-6.4-6.4-12.8-12.8-12.8h-22.4c-6.4 0-12.8 6.4-12.8 12.8v230.4c0 6.4 6.4 12.8 12.8 12.8zm-192 0h22.4c6.4 0 12.8-6.4 12.8-12.8V140.8c0-6.4-6.4-12.8-12.8-12.8h-22.4c-6.4 0-12.8 6.4-12.8 12.8v198.4c0 6.4 6.4 12.8 12.8 12.8zm96 0h22.4c6.4 0 12.8-6.4 12.8-12.8V204.8c0-6.4-6.4-12.8-12.8-12.8h-22.4c-6.4 0-12.8 6.4-12.8 12.8v134.4c0 6.4 6.4 12.8 12.8 12.8zM496 400H48V80c0-8.84-7.16-16-16-16H16C7.16 64 0 71.16 0 80v336c0 17.67 14.33 32 32 32h464c8.84 0 16-7.16 16-16v-16c0-8.84-7.16-16-16-16zm-387.2-48h22.4c6.4 0 12.8-6.4 12.8-12.8v-70.4c0-6.4-6.4-12.8-12.8-12.8h-22.4c-6.4 0-12.8 6.4-12.8 12.8v70.4c0 6.4 6.4 12.8 12.8 12.8z\" class=\"\"><\/path><\/svg><\/i> <img loading=\"lazy\" decoding=\"async\" width=\"16\" height=\"16\" alt=\"Loading\" src=\"https:\/\/temucotelevision.cl\/web\/wp-content\/plugins\/page-views-count\/ajax-loader-2x.gif\" border=0 \/><\/p><div class=\"pvc_clear\"><\/div>\n<iframe loading=\"lazy\" width=\"560\" height=\"315\" src=\"https:\/\/www.youtube.com\/embed\/2rvov447Tg0?si=ekDuJs7k6lFpCwRD\" title=\"YouTube video player\" frameborder=\"0\" allow=\"accelerometer; autoplay; clipboard-write; encrypted-media; gyroscope; picture-in-picture; web-share\" referrerpolicy=\"strict-origin-when-cross-origin\" allowfullscreen><\/iframe>\n\n\n\n<figure class=\"wp-block-table\"><table class=\"has-fixed-layout\"><tbody><tr><td>El cantautor chileno radicado en M\u00e9xico, El Mulu vuelve al pa\u00eds con una serie de conciertos que llegar\u00e1 el pr\u00f3ximo 6 de febrero en el caf\u00e9 La Franquicia de Temuco y las entradas se\u00a0encuentran disponibles en\u00a0<a href=\"https:\/\/www.portaldisc.com\/evento\/elmuluentemuco\" target=\"_blank\" rel=\"noreferrer noopener\">Portaldisc<\/a>. El ganador de un Grammy Latino junto a Mon Laferte estar\u00e1 presentando las canciones de su primer disco.\u00a0<strong>El Mulu<\/strong>, ganador de un Grammy Latino junto a\u00a0<strong>Mon Laferte<\/strong>, estar\u00e1 en las pr\u00f3ximas semanas presentando su m\u00fasica en ciudades de Colombia (Cali,Bogot\u00e1) y M\u00e9xico (Quer\u00e9taro, Ciudad de M\u00e9xico, Puebla) en el marco de su \u201c<strong>Gota por Gota Tour<\/strong>\u201d que en enero llegar\u00e1 a Chile con shows confirmados en Santiago, Vi\u00f1a del Mar, Temuco, Concepci\u00f3n, Constituci\u00f3n y Curic\u00f3.\u00a0<br><br>El cantautor oriundo de Pe\u00f1alol\u00e9n estar\u00e1 en faceta ac\u00fastica como en formato de banda, siempre con la sensibilidad y profundidad que distinguen su propuesta art\u00edstica. \u201c<em>Cada presentaci\u00f3n ser\u00e1 distinta, porque cada ciudad tiene su propia energ\u00eda y porque quiero que el p\u00fablico viva algo \u00fanico, cercano, real<\/em>\u201d anuncia\u00a0<strong>El Mulu<\/strong>.\u00a0<br><br>La gira ser\u00e1 la antesala para lo que ser\u00e1 el lanzamiento de su primer disco de estudio, tras su \u00e1lbum colaborativo \u201cMorelia\u201d (2023) junto a\u00a0<strong>Vicente Cifuentes\u00a0<\/strong>y\u00a0<strong>Mati Santos<\/strong>. Un pr\u00f3ximo trabajo que consolida la identidad po\u00e9tica y sonora que ha venido desarrollando en los \u00faltimos a\u00f1os y anuncia que el 23 de octubre presentar\u00e1 en plataformas \u201cCometa\u201d un nuevo sencillo perteneciente a este disco debut, del que ya se conoce &#8220;<a href=\"https:\/\/www.youtube.com\/watch?v=2rvov447Tg0\" target=\"_blank\" rel=\"noreferrer noopener\">Compa\u00f1era<\/a>&#8220;.<br><br>Con una propuesta que transita entre la canci\u00f3n de autor, la experimentaci\u00f3n sonora y el folk como un lenguaje moderno y universal, El Mulu se ha posicionado como una voz sensible y singular de la nueva escena chilena que se moviliza en M\u00e9xico. Su m\u00fasica explora en la memoria, la fragilidad y\u00a0 los v\u00ednculos humanos, construyendo una est\u00e9tica profundamente humana que ahora se expande a otros territorios de Latinoam\u00e9rica.<br><br>En el 2020 gan\u00f3 un Latin Grammy como productor de \u201cBiutiful\u201d de\u00a0<strong>Mon Laferte\u00a0<\/strong>premiada como &#8220;Mejor Canci\u00f3n de Rock&#8221;. Ese mismo a\u00f1o El Mulu se instal\u00f3 en M\u00e9xico y desde entonces ha construido un camino s\u00f3lido dentro de la escena independiente mexicana llegando a compartir escenario con\u00a0<strong>Carla Morrison<\/strong>,\u00a0<strong>Kany Garc\u00eda<\/strong>,\u00a0<strong>Vicentico\u00a0<\/strong>y\u00a0<strong>Muerdo<\/strong>.<br><br>En enero pasado se present\u00f3 por primera vez en Santiago a sala llena y fue invitado por\u00a0<strong>Manuel Garc\u00eda<\/strong>\u00a0para abrir algunos de sus conciertos en regiones. Y este verano regresa al pa\u00eds, como artista de T\u00e9mpera Producciones, para una serie de conciertos con su \u201cGota por Gota Tour\u201d que estar\u00e1 el 6 de febrero en Temuco y las entradas est\u00e1n disponibles en\u00a0<a href=\"https:\/\/www.portaldisc.com\/evento\/elmuluentemuco\" target=\"_blank\" rel=\"noreferrer noopener\">Portaldisc.<\/a>\u00a0<br><br><strong>El Mulu en Chile<\/strong>&#8220;Gota por Gota Tour&#8221;08 Enero, Sala SCD Plaza Ega\u00f1a, Santiago23 Enero, El Pasaje, Vi\u00f1a del Mar06 Febrero, La Franquicia, Temuco07 Febrero, Bar Galer\u00eda Aura, Concepci\u00f3n12 Febrero, Oveja Negra, Constituci\u00f3n13 Febrero, Bar Silvestre, Curic\u00f3<\/td><\/tr><\/tbody><\/table><\/figure>\n","protected":false},"excerpt":{"rendered":"<div class=\"pvc_clear\"><\/div>\n<p id=\"pvc_stats_58582\" class=\"pvc_stats total_only  \" data-element-id=\"58582\" style=\"\"><i class=\"pvc-stats-icon large\" aria-hidden=\"true\"><svg aria-hidden=\"true\" focusable=\"false\" data-prefix=\"far\" data-icon=\"chart-bar\" role=\"img\" xmlns=\"http:\/\/www.w3.org\/2000\/svg\" viewBox=\"0 0 512 512\" class=\"svg-inline--fa fa-chart-bar fa-w-16 fa-2x\"><path fill=\"currentColor\" d=\"M396.8 352h22.4c6.4 0 12.8-6.4 12.8-12.8V108.8c0-6.4-6.4-12.8-12.8-12.8h-22.4c-6.4 0-12.8 6.4-12.8 12.8v230.4c0 6.4 6.4 12.8 12.8 12.8zm-192 0h22.4c6.4 0 12.8-6.4 12.8-12.8V140.8c0-6.4-6.4-12.8-12.8-12.8h-22.4c-6.4 0-12.8 6.4-12.8 12.8v198.4c0 6.4 6.4 12.8 12.8 12.8zm96 0h22.4c6.4 0 12.8-6.4 12.8-12.8V204.8c0-6.4-6.4-12.8-12.8-12.8h-22.4c-6.4 0-12.8 6.4-12.8 12.8v134.4c0 6.4 6.4 12.8 12.8 12.8zM496 400H48V80c0-8.84-7.16-16-16-16H16C7.16 64 0 71.16 0 80v336c0 17.67 14.33 32 32 32h464c8.84 0 16-7.16 16-16v-16c0-8.84-7.16-16-16-16zm-387.2-48h22.4c6.4 0 12.8-6.4 12.8-12.8v-70.4c0-6.4-6.4-12.8-12.8-12.8h-22.4c-6.4 0-12.8 6.4-12.8 12.8v70.4c0 6.4 6.4 12.8 12.8 12.8z\" class=\"\"><\/path><\/svg><\/i> <img loading=\"lazy\" decoding=\"async\" width=\"16\" height=\"16\" alt=\"Loading\" src=\"https:\/\/temucotelevision.cl\/web\/wp-content\/plugins\/page-views-count\/ajax-loader-2x.gif\" border=0 \/><\/p>\n<div class=\"pvc_clear\"><\/div>\n<p>El cantautor chileno radicado en M\u00e9xico, El Mulu vuelve al pa\u00eds con una serie de conciertos que llegar\u00e1 el pr\u00f3ximo<\/p>\n","protected":false},"author":1,"featured_media":58583,"comment_status":"open","ping_status":"open","sticky":false,"template":"","format":"standard","meta":{"colormag_page_container_layout":"default_layout","colormag_page_sidebar_layout":"default_layout","footnotes":""},"categories":[369],"tags":[3191],"class_list":["post-58582","post","type-post","status-publish","format-standard","has-post-thumbnail","hentry","category-musica","tag-cantautor"],"a3_pvc":{"activated":true,"total_views":1799,"today_views":0},"_links":{"self":[{"href":"https:\/\/temucotelevision.cl\/web\/wp-json\/wp\/v2\/posts\/58582","targetHints":{"allow":["GET"]}}],"collection":[{"href":"https:\/\/temucotelevision.cl\/web\/wp-json\/wp\/v2\/posts"}],"about":[{"href":"https:\/\/temucotelevision.cl\/web\/wp-json\/wp\/v2\/types\/post"}],"author":[{"embeddable":true,"href":"https:\/\/temucotelevision.cl\/web\/wp-json\/wp\/v2\/users\/1"}],"replies":[{"embeddable":true,"href":"https:\/\/temucotelevision.cl\/web\/wp-json\/wp\/v2\/comments?post=58582"}],"version-history":[{"count":1,"href":"https:\/\/temucotelevision.cl\/web\/wp-json\/wp\/v2\/posts\/58582\/revisions"}],"predecessor-version":[{"id":58584,"href":"https:\/\/temucotelevision.cl\/web\/wp-json\/wp\/v2\/posts\/58582\/revisions\/58584"}],"wp:featuredmedia":[{"embeddable":true,"href":"https:\/\/temucotelevision.cl\/web\/wp-json\/wp\/v2\/media\/58583"}],"wp:attachment":[{"href":"https:\/\/temucotelevision.cl\/web\/wp-json\/wp\/v2\/media?parent=58582"}],"wp:term":[{"taxonomy":"category","embeddable":true,"href":"https:\/\/temucotelevision.cl\/web\/wp-json\/wp\/v2\/categories?post=58582"},{"taxonomy":"post_tag","embeddable":true,"href":"https:\/\/temucotelevision.cl\/web\/wp-json\/wp\/v2\/tags?post=58582"}],"curies":[{"name":"wp","href":"https:\/\/api.w.org\/{rel}","templated":true}]}}