{"id":58578,"date":"2025-10-20T11:26:55","date_gmt":"2025-10-20T14:26:55","guid":{"rendered":"https:\/\/temucotelevision.cl\/web\/?p=58578"},"modified":"2025-10-20T11:26:55","modified_gmt":"2025-10-20T14:26:55","slug":"la-araucania-consigue-importantes-triunfos-en-el-judo-nacional","status":"publish","type":"post","link":"https:\/\/temucotelevision.cl\/web\/2025\/10\/20\/la-araucania-consigue-importantes-triunfos-en-el-judo-nacional\/","title":{"rendered":"La Araucan\u00eda consigue importantes triunfos en el judo nacional\u00a0"},"content":{"rendered":"<div class=\"pvc_clear\"><\/div><p id=\"pvc_stats_58578\" class=\"pvc_stats total_only  \" data-element-id=\"58578\" style=\"\"><i class=\"pvc-stats-icon large\" aria-hidden=\"true\"><svg aria-hidden=\"true\" focusable=\"false\" data-prefix=\"far\" data-icon=\"chart-bar\" role=\"img\" xmlns=\"http:\/\/www.w3.org\/2000\/svg\" viewBox=\"0 0 512 512\" class=\"svg-inline--fa fa-chart-bar fa-w-16 fa-2x\"><path fill=\"currentColor\" d=\"M396.8 352h22.4c6.4 0 12.8-6.4 12.8-12.8V108.8c0-6.4-6.4-12.8-12.8-12.8h-22.4c-6.4 0-12.8 6.4-12.8 12.8v230.4c0 6.4 6.4 12.8 12.8 12.8zm-192 0h22.4c6.4 0 12.8-6.4 12.8-12.8V140.8c0-6.4-6.4-12.8-12.8-12.8h-22.4c-6.4 0-12.8 6.4-12.8 12.8v198.4c0 6.4 6.4 12.8 12.8 12.8zm96 0h22.4c6.4 0 12.8-6.4 12.8-12.8V204.8c0-6.4-6.4-12.8-12.8-12.8h-22.4c-6.4 0-12.8 6.4-12.8 12.8v134.4c0 6.4 6.4 12.8 12.8 12.8zM496 400H48V80c0-8.84-7.16-16-16-16H16C7.16 64 0 71.16 0 80v336c0 17.67 14.33 32 32 32h464c8.84 0 16-7.16 16-16v-16c0-8.84-7.16-16-16-16zm-387.2-48h22.4c6.4 0 12.8-6.4 12.8-12.8v-70.4c0-6.4-6.4-12.8-12.8-12.8h-22.4c-6.4 0-12.8 6.4-12.8 12.8v70.4c0 6.4 6.4 12.8 12.8 12.8z\" class=\"\"><\/path><\/svg><\/i> <img loading=\"lazy\" decoding=\"async\" width=\"16\" height=\"16\" alt=\"Loading\" src=\"https:\/\/temucotelevision.cl\/web\/wp-content\/plugins\/page-views-count\/ajax-loader-2x.gif\" border=0 \/><\/p><div class=\"pvc_clear\"><\/div>\n<p>El\u00a0<strong>Club Sakura Newen<\/strong>\u00a0de La Araucan\u00eda demostr\u00f3 su potencial en el\u00a0<strong>Campeonato Nacional de Judo Zona Norte<\/strong>, un evento masivo que reuni\u00f3 en la ciudad de Iquique a\u00a0<strong>800 deportistas<\/strong>\u00a0de todo el pa\u00eds los d\u00edas 17 al 19 de octubre; organizado por el Club de Judo Drag\u00f3n y la Municipalidad local, y parte del calendario oficial de la Federaci\u00f3n de Judo de Chile.<\/p>\n\n\n\n<p>La figura destacada fue el joven judoca&nbsp;<strong>Adolfo Campos Paillan<\/strong>, el&nbsp;<strong>\u00fanico representante de La Araucan\u00eda<\/strong>&nbsp;en la cita deportiva, quien logr\u00f3 un merecido&nbsp;<strong>tercer lugar<\/strong>&nbsp;en la competitiva categor\u00eda&nbsp;<strong>Sub 18 -81 kg<\/strong>.<\/p>\n\n\n\n<p>El judoca de La Araucan\u00eda consolid\u00f3 su excelente momento deportivo subi\u00e9ndose al podio tras disputar&nbsp;<strong>tres intensos combates<\/strong>, un logro que subraya la calidad del trabajo de formaci\u00f3n en el semillero del Club Sakura Newen.<\/p>\n\n\n\n<p>Este importante resultado sirve de motivaci\u00f3n y preparaci\u00f3n de cara al pr\u00f3ximo desaf\u00edo internacional: los&nbsp;<strong>Juegos de La Araucan\u00eda<\/strong>, que se celebrar\u00e1n en&nbsp;<strong>La Pampa, Argentina<\/strong>, en diciembre. La actuaci\u00f3n en el norte es un claro indicio del talento que el club y la regi\u00f3n llevar\u00e1n a la Patagonia argentina.&nbsp;<\/p>\n\n\n\n<h3 class=\"wp-block-heading\">Sakura en Fenaude<\/h3>\n\n\n\n<p>La racha ganadora del club se extiende al \u00e1mbito universitario. La destacada atleta&nbsp;<strong>Mickaela Fonseca<\/strong>, formada en las filas del Sakura Newen, acaba de conquistar el&nbsp;<strong>Oro Nacional Universitario<\/strong>&nbsp;en la m\u00e1s reciente versi\u00f3n de los Juegos&nbsp;<strong>FENAUDE<\/strong>, logrando la m\u00e1xima presea como representante de la rama de judo de la Universidad Cat\u00f3lica de Temuco (UCT).&nbsp;<\/p>\n\n\n\n<p>As\u00ed, el club y la regi\u00f3n, consolidan su presencia en las competencias m\u00e1s importantes del judo nacional.<\/p>\n\n\n\n<figure class=\"wp-block-image size-large\"><img loading=\"lazy\" decoding=\"async\" width=\"1000\" height=\"563\" src=\"https:\/\/temucotelevision.cl\/web\/wp-content\/uploads\/2025\/10\/1000213038-1000x563.jpg\" alt=\"\" class=\"wp-image-58580\" srcset=\"https:\/\/temucotelevision.cl\/web\/wp-content\/uploads\/2025\/10\/1000213038-1000x563.jpg 1000w, https:\/\/temucotelevision.cl\/web\/wp-content\/uploads\/2025\/10\/1000213038-768x432.jpg 768w, https:\/\/temucotelevision.cl\/web\/wp-content\/uploads\/2025\/10\/1000213038-1536x865.jpg 1536w, https:\/\/temucotelevision.cl\/web\/wp-content\/uploads\/2025\/10\/1000213038-2048x1153.jpg 2048w\" sizes=\"auto, (max-width: 1000px) 100vw, 1000px\" \/><\/figure>\n","protected":false},"excerpt":{"rendered":"<div class=\"pvc_clear\"><\/div>\n<p id=\"pvc_stats_58578\" class=\"pvc_stats total_only  \" data-element-id=\"58578\" style=\"\"><i class=\"pvc-stats-icon large\" aria-hidden=\"true\"><svg aria-hidden=\"true\" focusable=\"false\" data-prefix=\"far\" data-icon=\"chart-bar\" role=\"img\" xmlns=\"http:\/\/www.w3.org\/2000\/svg\" viewBox=\"0 0 512 512\" class=\"svg-inline--fa fa-chart-bar fa-w-16 fa-2x\"><path fill=\"currentColor\" d=\"M396.8 352h22.4c6.4 0 12.8-6.4 12.8-12.8V108.8c0-6.4-6.4-12.8-12.8-12.8h-22.4c-6.4 0-12.8 6.4-12.8 12.8v230.4c0 6.4 6.4 12.8 12.8 12.8zm-192 0h22.4c6.4 0 12.8-6.4 12.8-12.8V140.8c0-6.4-6.4-12.8-12.8-12.8h-22.4c-6.4 0-12.8 6.4-12.8 12.8v198.4c0 6.4 6.4 12.8 12.8 12.8zm96 0h22.4c6.4 0 12.8-6.4 12.8-12.8V204.8c0-6.4-6.4-12.8-12.8-12.8h-22.4c-6.4 0-12.8 6.4-12.8 12.8v134.4c0 6.4 6.4 12.8 12.8 12.8zM496 400H48V80c0-8.84-7.16-16-16-16H16C7.16 64 0 71.16 0 80v336c0 17.67 14.33 32 32 32h464c8.84 0 16-7.16 16-16v-16c0-8.84-7.16-16-16-16zm-387.2-48h22.4c6.4 0 12.8-6.4 12.8-12.8v-70.4c0-6.4-6.4-12.8-12.8-12.8h-22.4c-6.4 0-12.8 6.4-12.8 12.8v70.4c0 6.4 6.4 12.8 12.8 12.8z\" class=\"\"><\/path><\/svg><\/i> <img loading=\"lazy\" decoding=\"async\" width=\"16\" height=\"16\" alt=\"Loading\" src=\"https:\/\/temucotelevision.cl\/web\/wp-content\/plugins\/page-views-count\/ajax-loader-2x.gif\" border=0 \/><\/p>\n<div class=\"pvc_clear\"><\/div>\n<p>El\u00a0Club Sakura Newen\u00a0de La Araucan\u00eda demostr\u00f3 su potencial en el\u00a0Campeonato Nacional de Judo Zona Norte, un evento masivo que reuni\u00f3<\/p>\n","protected":false},"author":1,"featured_media":58579,"comment_status":"open","ping_status":"open","sticky":false,"template":"","format":"standard","meta":{"colormag_page_container_layout":"default_layout","colormag_page_sidebar_layout":"default_layout","footnotes":""},"categories":[15],"tags":[5766],"class_list":["post-58578","post","type-post","status-publish","format-standard","has-post-thumbnail","hentry","category-la-araucania","tag-judo"],"a3_pvc":{"activated":true,"total_views":1141,"today_views":1},"_links":{"self":[{"href":"https:\/\/temucotelevision.cl\/web\/wp-json\/wp\/v2\/posts\/58578","targetHints":{"allow":["GET"]}}],"collection":[{"href":"https:\/\/temucotelevision.cl\/web\/wp-json\/wp\/v2\/posts"}],"about":[{"href":"https:\/\/temucotelevision.cl\/web\/wp-json\/wp\/v2\/types\/post"}],"author":[{"embeddable":true,"href":"https:\/\/temucotelevision.cl\/web\/wp-json\/wp\/v2\/users\/1"}],"replies":[{"embeddable":true,"href":"https:\/\/temucotelevision.cl\/web\/wp-json\/wp\/v2\/comments?post=58578"}],"version-history":[{"count":1,"href":"https:\/\/temucotelevision.cl\/web\/wp-json\/wp\/v2\/posts\/58578\/revisions"}],"predecessor-version":[{"id":58581,"href":"https:\/\/temucotelevision.cl\/web\/wp-json\/wp\/v2\/posts\/58578\/revisions\/58581"}],"wp:featuredmedia":[{"embeddable":true,"href":"https:\/\/temucotelevision.cl\/web\/wp-json\/wp\/v2\/media\/58579"}],"wp:attachment":[{"href":"https:\/\/temucotelevision.cl\/web\/wp-json\/wp\/v2\/media?parent=58578"}],"wp:term":[{"taxonomy":"category","embeddable":true,"href":"https:\/\/temucotelevision.cl\/web\/wp-json\/wp\/v2\/categories?post=58578"},{"taxonomy":"post_tag","embeddable":true,"href":"https:\/\/temucotelevision.cl\/web\/wp-json\/wp\/v2\/tags?post=58578"}],"curies":[{"name":"wp","href":"https:\/\/api.w.org\/{rel}","templated":true}]}}