{"id":58573,"date":"2025-10-20T11:13:22","date_gmt":"2025-10-20T14:13:22","guid":{"rendered":"https:\/\/temucotelevision.cl\/web\/?p=58573"},"modified":"2025-10-20T11:21:58","modified_gmt":"2025-10-20T14:21:58","slug":"plan-de-bienestar-socioemocional-concluye-su-segunda-cohorte-con-avances-en-convivencia-y-salud-mental-escola","status":"publish","type":"post","link":"https:\/\/temucotelevision.cl\/web\/2025\/10\/20\/plan-de-bienestar-socioemocional-concluye-su-segunda-cohorte-con-avances-en-convivencia-y-salud-mental-escola\/","title":{"rendered":"Plan de Bienestar Socioemocional concluye su segunda cohorte con avances en convivencia y salud mental escolar"},"content":{"rendered":"<div class=\"pvc_clear\"><\/div><p id=\"pvc_stats_58573\" class=\"pvc_stats total_only  \" data-element-id=\"58573\" style=\"\"><i class=\"pvc-stats-icon large\" aria-hidden=\"true\"><svg aria-hidden=\"true\" focusable=\"false\" data-prefix=\"far\" data-icon=\"chart-bar\" role=\"img\" xmlns=\"http:\/\/www.w3.org\/2000\/svg\" viewBox=\"0 0 512 512\" class=\"svg-inline--fa fa-chart-bar fa-w-16 fa-2x\"><path fill=\"currentColor\" d=\"M396.8 352h22.4c6.4 0 12.8-6.4 12.8-12.8V108.8c0-6.4-6.4-12.8-12.8-12.8h-22.4c-6.4 0-12.8 6.4-12.8 12.8v230.4c0 6.4 6.4 12.8 12.8 12.8zm-192 0h22.4c6.4 0 12.8-6.4 12.8-12.8V140.8c0-6.4-6.4-12.8-12.8-12.8h-22.4c-6.4 0-12.8 6.4-12.8 12.8v198.4c0 6.4 6.4 12.8 12.8 12.8zm96 0h22.4c6.4 0 12.8-6.4 12.8-12.8V204.8c0-6.4-6.4-12.8-12.8-12.8h-22.4c-6.4 0-12.8 6.4-12.8 12.8v134.4c0 6.4 6.4 12.8 12.8 12.8zM496 400H48V80c0-8.84-7.16-16-16-16H16C7.16 64 0 71.16 0 80v336c0 17.67 14.33 32 32 32h464c8.84 0 16-7.16 16-16v-16c0-8.84-7.16-16-16-16zm-387.2-48h22.4c6.4 0 12.8-6.4 12.8-12.8v-70.4c0-6.4-6.4-12.8-12.8-12.8h-22.4c-6.4 0-12.8 6.4-12.8 12.8v70.4c0 6.4 6.4 12.8 12.8 12.8z\" class=\"\"><\/path><\/svg><\/i> <img loading=\"lazy\" decoding=\"async\" width=\"16\" height=\"16\" alt=\"Loading\" src=\"https:\/\/temucotelevision.cl\/web\/wp-content\/plugins\/page-views-count\/ajax-loader-2x.gif\" border=0 \/><\/p><div class=\"pvc_clear\"><\/div>\n<p><em>Con una jornada realizada en la Universidad de La Frontera, comunidades educativas de La Araucan\u00eda culminaron la segunda cohorte del Plan de Bienestar Socioemocional de Equipos Educativos, presentando avances concretos en convivencia y salud mental<\/em><\/p>\n\n\n\n<p>La actividad se desarroll\u00f3 en el Auditorio Hern\u00e1n L\u00f3pez Villanueva de la Facultad de Ciencias Agropecuarias y Medioambientales de la UFRO, reuniendo a un total de 86 directivos, docentes y asistentes de la educaci\u00f3n de siete comunas de La Araucan\u00eda. El encuentro marc\u00f3 el cierre de un proceso formativo liderado por el Instituto de Inform\u00e1tica Educativa (IIE) en el marco del Eje de Convivencia y Salud Mental del Plan de Reactivaci\u00f3n Educativa del Ministerio de Educaci\u00f3n, que busc\u00f3 fortalecer el bienestar y el trabajo colaborativo en los equipos escolares.<\/p>\n\n\n\n<p>Durante la jornada se compartieron experiencias de los llamados equipos motores, que impulsaron acciones de autocuidado, liderazgo y gesti\u00f3n emocional en sus comunidades. Varias escuelas presentaron resultados significativos, como la creaci\u00f3n de espacios de calma, instancias de reflexi\u00f3n colectiva y la mejora del clima laboral, evidenciando un fortalecimiento integral de la convivencia escolar.<\/p>\n\n\n\n<p>La Seremi de Educaci\u00f3n de La Araucan\u00eda, Marcela Castro Armijo, destac\u00f3 la importancia de continuar fortaleciendo la salud mental en el sistema educativo. \u201cEstamos contentos porque estas herramientas permiten desarrollar habilidades que quedan instaladas en las comunidades educativas. Venimos a hacernos cargo no solo del aprendizaje de los estudiantes, sino tambi\u00e9n del bienestar de los adultos que componen las escuelas. Si hay buena salud mental en los establecimientos, avanzamos hacia una mejor educaci\u00f3n\u201d, se\u00f1al\u00f3.<\/p>\n\n\n\n<p>Desde la mirada de los equipos mentores, el acompa\u00f1amiento personalizado fue uno de los sellos m\u00e1s valorados del proceso. Seg\u00fan la mentora Carolina Hirmas, \u201cel cambio ocurre cuando nace desde dentro. Los equipos aprenden a diagnosticar, planificar y evaluar sus propias acciones. Cuando toda la comunidad se involucra, las transformaciones son r\u00e1pidas y sostenibles\u201d.<\/p>\n\n\n\n<p>La experiencia tambi\u00e9n fue significativa para los establecimientos participantes. Camilo Mora, docente de la Escuela Especial Hablaarte de Temuco, coment\u00f3 que la participaci\u00f3n en el plan fortaleci\u00f3 las relaciones y la motivaci\u00f3n del equipo. \u201cEl clima dentro del establecimiento se ha visto fortalecido. Hoy todos nos apoyamos, trabajamos con alegr\u00eda y eso se nota en cada actividad que realizamos\u201d.<\/p>\n\n\n\n<p>Por su parte, la especialista en salud mental del programa, Alejandra Villarroel, valor\u00f3 que este proceso haya permitido a los equipos reconocerse y sostenerse colectivamente en sus desaf\u00edos. \u201cEl bienestar socioemocional no es un extra, es aquello que nos vuelve comunidad. Cuando la vida en la escuela tiene sentido, todo lo dem\u00e1s se vuelve salud\u201d, se\u00f1al\u00f3.<\/p>\n\n\n\n<p>El encuentro finaliz\u00f3 con un reconocimiento a las comunidades participantes, con el compromiso internalizado de continuar avanzando hacia entornos educativos m\u00e1s saludables, colaborativos y emocionalmente sostenibles.<\/p>\n\n\n\n<p><strong>Proyecci\u00f3n del trabajo y continuidad<\/strong><\/p>\n\n\n\n<p>La jornada tambi\u00e9n dio paso al lanzamiento del Programa de Acompa\u00f1amiento para el Fortalecimiento del Bienestar Socioemocional en Comunidades Educativas, que se desarrollar\u00e1 entre octubre de 2025 y abril de 2026. La iniciativa, impulsada por la Universidad de La Frontera a trav\u00e9s de Vinculaci\u00f3n con el Medio, busca acompa\u00f1ar a escuelas que desean seguir fortaleciendo sus pr\u00e1cticas de bienestar socioemocional y liderazgo colaborativo.<\/p>\n\n\n\n<p>El nuevo ciclo da continuidad al trabajo iniciado en el programa de mentor\u00edas del IIE, integrando a acad\u00e9micos y profesionales de las facultades de Pedagog\u00eda y Psicolog\u00eda. Se trata de una etapa de co-construcci\u00f3n con las comunidades, que busca consolidar una cultura educativa basada en la confianza, la colaboraci\u00f3n y el cuidado colectivo.<\/p>\n","protected":false},"excerpt":{"rendered":"<div class=\"pvc_clear\"><\/div>\n<p id=\"pvc_stats_58573\" class=\"pvc_stats total_only  \" data-element-id=\"58573\" style=\"\"><i class=\"pvc-stats-icon large\" aria-hidden=\"true\"><svg aria-hidden=\"true\" focusable=\"false\" data-prefix=\"far\" data-icon=\"chart-bar\" role=\"img\" xmlns=\"http:\/\/www.w3.org\/2000\/svg\" viewBox=\"0 0 512 512\" class=\"svg-inline--fa fa-chart-bar fa-w-16 fa-2x\"><path fill=\"currentColor\" d=\"M396.8 352h22.4c6.4 0 12.8-6.4 12.8-12.8V108.8c0-6.4-6.4-12.8-12.8-12.8h-22.4c-6.4 0-12.8 6.4-12.8 12.8v230.4c0 6.4 6.4 12.8 12.8 12.8zm-192 0h22.4c6.4 0 12.8-6.4 12.8-12.8V140.8c0-6.4-6.4-12.8-12.8-12.8h-22.4c-6.4 0-12.8 6.4-12.8 12.8v198.4c0 6.4 6.4 12.8 12.8 12.8zm96 0h22.4c6.4 0 12.8-6.4 12.8-12.8V204.8c0-6.4-6.4-12.8-12.8-12.8h-22.4c-6.4 0-12.8 6.4-12.8 12.8v134.4c0 6.4 6.4 12.8 12.8 12.8zM496 400H48V80c0-8.84-7.16-16-16-16H16C7.16 64 0 71.16 0 80v336c0 17.67 14.33 32 32 32h464c8.84 0 16-7.16 16-16v-16c0-8.84-7.16-16-16-16zm-387.2-48h22.4c6.4 0 12.8-6.4 12.8-12.8v-70.4c0-6.4-6.4-12.8-12.8-12.8h-22.4c-6.4 0-12.8 6.4-12.8 12.8v70.4c0 6.4 6.4 12.8 12.8 12.8z\" class=\"\"><\/path><\/svg><\/i> <img loading=\"lazy\" decoding=\"async\" width=\"16\" height=\"16\" alt=\"Loading\" src=\"https:\/\/temucotelevision.cl\/web\/wp-content\/plugins\/page-views-count\/ajax-loader-2x.gif\" border=0 \/><\/p>\n<div class=\"pvc_clear\"><\/div>\n<p>Con una jornada realizada en la Universidad de La Frontera, comunidades educativas de La Araucan\u00eda culminaron la segunda cohorte del<\/p>\n","protected":false},"author":1,"featured_media":58574,"comment_status":"open","ping_status":"open","sticky":false,"template":"","format":"standard","meta":{"colormag_page_container_layout":"default_layout","colormag_page_sidebar_layout":"default_layout","footnotes":""},"categories":[14],"tags":[205],"class_list":["post-58573","post","type-post","status-publish","format-standard","has-post-thumbnail","hentry","category-temuco","tag-plan"],"a3_pvc":{"activated":true,"total_views":1048,"today_views":0},"_links":{"self":[{"href":"https:\/\/temucotelevision.cl\/web\/wp-json\/wp\/v2\/posts\/58573","targetHints":{"allow":["GET"]}}],"collection":[{"href":"https:\/\/temucotelevision.cl\/web\/wp-json\/wp\/v2\/posts"}],"about":[{"href":"https:\/\/temucotelevision.cl\/web\/wp-json\/wp\/v2\/types\/post"}],"author":[{"embeddable":true,"href":"https:\/\/temucotelevision.cl\/web\/wp-json\/wp\/v2\/users\/1"}],"replies":[{"embeddable":true,"href":"https:\/\/temucotelevision.cl\/web\/wp-json\/wp\/v2\/comments?post=58573"}],"version-history":[{"count":2,"href":"https:\/\/temucotelevision.cl\/web\/wp-json\/wp\/v2\/posts\/58573\/revisions"}],"predecessor-version":[{"id":58577,"href":"https:\/\/temucotelevision.cl\/web\/wp-json\/wp\/v2\/posts\/58573\/revisions\/58577"}],"wp:featuredmedia":[{"embeddable":true,"href":"https:\/\/temucotelevision.cl\/web\/wp-json\/wp\/v2\/media\/58574"}],"wp:attachment":[{"href":"https:\/\/temucotelevision.cl\/web\/wp-json\/wp\/v2\/media?parent=58573"}],"wp:term":[{"taxonomy":"category","embeddable":true,"href":"https:\/\/temucotelevision.cl\/web\/wp-json\/wp\/v2\/categories?post=58573"},{"taxonomy":"post_tag","embeddable":true,"href":"https:\/\/temucotelevision.cl\/web\/wp-json\/wp\/v2\/tags?post=58573"}],"curies":[{"name":"wp","href":"https:\/\/api.w.org\/{rel}","templated":true}]}}