{"id":58570,"date":"2025-10-20T10:50:30","date_gmt":"2025-10-20T13:50:30","guid":{"rendered":"https:\/\/temucotelevision.cl\/web\/?p=58570"},"modified":"2025-10-20T10:50:30","modified_gmt":"2025-10-20T13:50:30","slug":"familias-de-vilcun-desarrollan-proyecto-agricola-con-apoyo-de-aquachile","status":"publish","type":"post","link":"https:\/\/temucotelevision.cl\/web\/2025\/10\/20\/familias-de-vilcun-desarrollan-proyecto-agricola-con-apoyo-de-aquachile\/","title":{"rendered":"Familias de Vilc\u00fan desarrollan proyecto agr\u00edcola con apoyo de AquaChile"},"content":{"rendered":"<div class=\"pvc_clear\"><\/div><p id=\"pvc_stats_58570\" class=\"pvc_stats total_only  \" data-element-id=\"58570\" style=\"\"><i class=\"pvc-stats-icon large\" aria-hidden=\"true\"><svg aria-hidden=\"true\" focusable=\"false\" data-prefix=\"far\" data-icon=\"chart-bar\" role=\"img\" xmlns=\"http:\/\/www.w3.org\/2000\/svg\" viewBox=\"0 0 512 512\" class=\"svg-inline--fa fa-chart-bar fa-w-16 fa-2x\"><path fill=\"currentColor\" d=\"M396.8 352h22.4c6.4 0 12.8-6.4 12.8-12.8V108.8c0-6.4-6.4-12.8-12.8-12.8h-22.4c-6.4 0-12.8 6.4-12.8 12.8v230.4c0 6.4 6.4 12.8 12.8 12.8zm-192 0h22.4c6.4 0 12.8-6.4 12.8-12.8V140.8c0-6.4-6.4-12.8-12.8-12.8h-22.4c-6.4 0-12.8 6.4-12.8 12.8v198.4c0 6.4 6.4 12.8 12.8 12.8zm96 0h22.4c6.4 0 12.8-6.4 12.8-12.8V204.8c0-6.4-6.4-12.8-12.8-12.8h-22.4c-6.4 0-12.8 6.4-12.8 12.8v134.4c0 6.4 6.4 12.8 12.8 12.8zM496 400H48V80c0-8.84-7.16-16-16-16H16C7.16 64 0 71.16 0 80v336c0 17.67 14.33 32 32 32h464c8.84 0 16-7.16 16-16v-16c0-8.84-7.16-16-16-16zm-387.2-48h22.4c6.4 0 12.8-6.4 12.8-12.8v-70.4c0-6.4-6.4-12.8-12.8-12.8h-22.4c-6.4 0-12.8 6.4-12.8 12.8v70.4c0 6.4 6.4 12.8 12.8 12.8z\" class=\"\"><\/path><\/svg><\/i> <img loading=\"lazy\" decoding=\"async\" width=\"16\" height=\"16\" alt=\"Loading\" src=\"https:\/\/temucotelevision.cl\/web\/wp-content\/plugins\/page-views-count\/ajax-loader-2x.gif\" border=0 \/><\/p><div class=\"pvc_clear\"><\/div>\n<ul class=\"wp-block-list\">\n<li><em>La comunidad impulsa una iniciativa productiva que beneficiar\u00e1 a 15 familias, fortaleciendo la agricultura local y el trabajo cooperativo en el sector de Codinhue.<\/em><\/li>\n\n\n\n<li><em>Se estima que cada familia alcanzar\u00e1 una producci\u00f3n de cerca de 2.700 kilos por temporada.<\/em><\/li>\n<\/ul>\n\n\n\n<p>En el coraz\u00f3n agr\u00edcola de la comuna de Vilc\u00fan, la comunidad ind\u00edgena Antonio Calficura comenz\u00f3 a implementar un nuevo proyecto de cultivo de frutillas, que busca fortalecer la econom\u00eda familiar y potenciar el desarrollo rural en el sector de Codinhue. La iniciativa se concret\u00f3 gracias al aporte de 45 mil plantas de frutillas variedad Albi\u00f3n, entregadas por AquaChile, beneficiando directamente a 15 familias mapuche.<\/p>\n\n\n\n<p>El proyecto es fruto de un proceso de colaboraci\u00f3n que la empresa mantiene con comunidades vecinas a su piscicultura Codinhue, y que en este caso permiti\u00f3 combinar tradici\u00f3n agr\u00edcola, organizaci\u00f3n comunitaria y acompa\u00f1amiento t\u00e9cnico. Cada familia destin\u00f3 terrenos propios al cultivo y, con recursos gestionados por la comunidad, se prepar\u00f3 el suelo, se instalaron sistemas de riego y se adquirieron abonos. La mano de obra fue aportada por los propios beneficiarios, promoviendo autonom\u00eda y participaci\u00f3n activa en cada etapa.<\/p>\n\n\n\n<p>\u201cAgradezco a AquaChile a nombre de mi comunidad; agradecemos la confianza y la oportunidad. Este es el proyecto m\u00e1s grande que hemos recibido y ayudar\u00e1 enormemente a nuestras familias campesinas\u201d, destac\u00f3 Alejandra Col\u00edn, presidenta de la comunidad ind\u00edgena Antonio Calficura.<\/p>\n\n\n\n<p>Por si lado, Laura Uribe, encargada de Comunidades de AquaChile en la Regi\u00f3n de La Araucan\u00eda, subray\u00f3 el valor del trabajo conjunto. \u201cEste proyecto refleja c\u00f3mo, cuando hay di\u00e1logo y colaboraci\u00f3n, pueden surgir iniciativas con impacto real en la calidad de vida de las familias. Ver a la comunidad organizada, liderando su propio desarrollo y avanzando con una producci\u00f3n sustentable, es una se\u00f1al muy positiva de lo que podemos construir juntos\u201d.<\/p>\n\n\n\n<p>Se estima que cada familia alcanzar\u00e1 una producci\u00f3n de cerca de 2.700 kilos por temporada, los cuales ser\u00e1n comercializados a trav\u00e9s de la cooperativa de horticultores de Codinhue, fortaleciendo el trabajo asociativo. Adem\u00e1s, una segunda fase del proyecto, prevista para 2026, sumar\u00e1 a 12 nuevas familias al programa.<\/p>\n\n\n\n<p>La comuna de Vilc\u00fan, reconocida por su tradici\u00f3n agr\u00edcola, sigue siendo un territorio donde el esfuerzo local y la cooperaci\u00f3n p\u00fablico-privada abren oportunidades concretas para el desarrollo rural. El proyecto de la comunidad Antonio Calficura es hoy un ejemplo de c\u00f3mo la alianza entre el mundo campesino y la industria puede dar nuevos frutos.<\/p>\n","protected":false},"excerpt":{"rendered":"<div class=\"pvc_clear\"><\/div>\n<p id=\"pvc_stats_58570\" class=\"pvc_stats total_only  \" data-element-id=\"58570\" style=\"\"><i class=\"pvc-stats-icon large\" aria-hidden=\"true\"><svg aria-hidden=\"true\" focusable=\"false\" data-prefix=\"far\" data-icon=\"chart-bar\" role=\"img\" xmlns=\"http:\/\/www.w3.org\/2000\/svg\" viewBox=\"0 0 512 512\" class=\"svg-inline--fa fa-chart-bar fa-w-16 fa-2x\"><path fill=\"currentColor\" d=\"M396.8 352h22.4c6.4 0 12.8-6.4 12.8-12.8V108.8c0-6.4-6.4-12.8-12.8-12.8h-22.4c-6.4 0-12.8 6.4-12.8 12.8v230.4c0 6.4 6.4 12.8 12.8 12.8zm-192 0h22.4c6.4 0 12.8-6.4 12.8-12.8V140.8c0-6.4-6.4-12.8-12.8-12.8h-22.4c-6.4 0-12.8 6.4-12.8 12.8v198.4c0 6.4 6.4 12.8 12.8 12.8zm96 0h22.4c6.4 0 12.8-6.4 12.8-12.8V204.8c0-6.4-6.4-12.8-12.8-12.8h-22.4c-6.4 0-12.8 6.4-12.8 12.8v134.4c0 6.4 6.4 12.8 12.8 12.8zM496 400H48V80c0-8.84-7.16-16-16-16H16C7.16 64 0 71.16 0 80v336c0 17.67 14.33 32 32 32h464c8.84 0 16-7.16 16-16v-16c0-8.84-7.16-16-16-16zm-387.2-48h22.4c6.4 0 12.8-6.4 12.8-12.8v-70.4c0-6.4-6.4-12.8-12.8-12.8h-22.4c-6.4 0-12.8 6.4-12.8 12.8v70.4c0 6.4 6.4 12.8 12.8 12.8z\" class=\"\"><\/path><\/svg><\/i> <img loading=\"lazy\" decoding=\"async\" width=\"16\" height=\"16\" alt=\"Loading\" src=\"https:\/\/temucotelevision.cl\/web\/wp-content\/plugins\/page-views-count\/ajax-loader-2x.gif\" border=0 \/><\/p>\n<div class=\"pvc_clear\"><\/div>\n<p>En el coraz\u00f3n agr\u00edcola de la comuna de Vilc\u00fan, la comunidad ind\u00edgena Antonio Calficura comenz\u00f3 a implementar un nuevo proyecto<\/p>\n","protected":false},"author":1,"featured_media":58571,"comment_status":"open","ping_status":"open","sticky":false,"template":"","format":"standard","meta":{"colormag_page_container_layout":"default_layout","colormag_page_sidebar_layout":"default_layout","footnotes":""},"categories":[15],"tags":[155],"class_list":["post-58570","post","type-post","status-publish","format-standard","has-post-thumbnail","hentry","category-la-araucania","tag-proyecto"],"a3_pvc":{"activated":true,"total_views":1131,"today_views":0},"_links":{"self":[{"href":"https:\/\/temucotelevision.cl\/web\/wp-json\/wp\/v2\/posts\/58570","targetHints":{"allow":["GET"]}}],"collection":[{"href":"https:\/\/temucotelevision.cl\/web\/wp-json\/wp\/v2\/posts"}],"about":[{"href":"https:\/\/temucotelevision.cl\/web\/wp-json\/wp\/v2\/types\/post"}],"author":[{"embeddable":true,"href":"https:\/\/temucotelevision.cl\/web\/wp-json\/wp\/v2\/users\/1"}],"replies":[{"embeddable":true,"href":"https:\/\/temucotelevision.cl\/web\/wp-json\/wp\/v2\/comments?post=58570"}],"version-history":[{"count":1,"href":"https:\/\/temucotelevision.cl\/web\/wp-json\/wp\/v2\/posts\/58570\/revisions"}],"predecessor-version":[{"id":58572,"href":"https:\/\/temucotelevision.cl\/web\/wp-json\/wp\/v2\/posts\/58570\/revisions\/58572"}],"wp:featuredmedia":[{"embeddable":true,"href":"https:\/\/temucotelevision.cl\/web\/wp-json\/wp\/v2\/media\/58571"}],"wp:attachment":[{"href":"https:\/\/temucotelevision.cl\/web\/wp-json\/wp\/v2\/media?parent=58570"}],"wp:term":[{"taxonomy":"category","embeddable":true,"href":"https:\/\/temucotelevision.cl\/web\/wp-json\/wp\/v2\/categories?post=58570"},{"taxonomy":"post_tag","embeddable":true,"href":"https:\/\/temucotelevision.cl\/web\/wp-json\/wp\/v2\/tags?post=58570"}],"curies":[{"name":"wp","href":"https:\/\/api.w.org\/{rel}","templated":true}]}}