{"id":58559,"date":"2025-10-19T19:35:34","date_gmt":"2025-10-19T22:35:34","guid":{"rendered":"https:\/\/temucotelevision.cl\/web\/?p=58559"},"modified":"2025-10-19T19:35:38","modified_gmt":"2025-10-19T22:35:38","slug":"festival-internacional-loft-2025-anuncia-programacion-gratuita-de-18-version-remover-el-sitio","status":"publish","type":"post","link":"https:\/\/temucotelevision.cl\/web\/2025\/10\/19\/festival-internacional-loft-2025-anuncia-programacion-gratuita-de-18-version-remover-el-sitio\/","title":{"rendered":"Festival Internacional LOFT 2025 anuncia programaci\u00f3n gratuita de 18\u00b0 versi\u00f3n \u201cRemover el Sitio\u201d"},"content":{"rendered":"<div class=\"pvc_clear\"><\/div><p id=\"pvc_stats_58559\" class=\"pvc_stats total_only  \" data-element-id=\"58559\" style=\"\"><i class=\"pvc-stats-icon large\" aria-hidden=\"true\"><svg aria-hidden=\"true\" focusable=\"false\" data-prefix=\"far\" data-icon=\"chart-bar\" role=\"img\" xmlns=\"http:\/\/www.w3.org\/2000\/svg\" viewBox=\"0 0 512 512\" class=\"svg-inline--fa fa-chart-bar fa-w-16 fa-2x\"><path fill=\"currentColor\" d=\"M396.8 352h22.4c6.4 0 12.8-6.4 12.8-12.8V108.8c0-6.4-6.4-12.8-12.8-12.8h-22.4c-6.4 0-12.8 6.4-12.8 12.8v230.4c0 6.4 6.4 12.8 12.8 12.8zm-192 0h22.4c6.4 0 12.8-6.4 12.8-12.8V140.8c0-6.4-6.4-12.8-12.8-12.8h-22.4c-6.4 0-12.8 6.4-12.8 12.8v198.4c0 6.4 6.4 12.8 12.8 12.8zm96 0h22.4c6.4 0 12.8-6.4 12.8-12.8V204.8c0-6.4-6.4-12.8-12.8-12.8h-22.4c-6.4 0-12.8 6.4-12.8 12.8v134.4c0 6.4 6.4 12.8 12.8 12.8zM496 400H48V80c0-8.84-7.16-16-16-16H16C7.16 64 0 71.16 0 80v336c0 17.67 14.33 32 32 32h464c8.84 0 16-7.16 16-16v-16c0-8.84-7.16-16-16-16zm-387.2-48h22.4c6.4 0 12.8-6.4 12.8-12.8v-70.4c0-6.4-6.4-12.8-12.8-12.8h-22.4c-6.4 0-12.8 6.4-12.8 12.8v70.4c0 6.4 6.4 12.8 12.8 12.8z\" class=\"\"><\/path><\/svg><\/i> <img loading=\"lazy\" decoding=\"async\" width=\"16\" height=\"16\" alt=\"Loading\" src=\"https:\/\/temucotelevision.cl\/web\/wp-content\/plugins\/page-views-count\/ajax-loader-2x.gif\" border=0 \/><\/p><div class=\"pvc_clear\"><\/div>\n<p><strong>Del 21 de octubre al 1 de noviembre se desarrollar\u00e1 en Concepci\u00f3n, este evento de danza<\/strong><br><strong>contempor\u00e1nea m\u00e1s importante del sur del pa\u00eds. Ser\u00e1n dos intensas semanas de diversas actividades \u2013 todas con entrada liberada y en diversos puntos de la ciudad- que contar\u00e1 con la participaci\u00f3n de 11 compa\u00f1\u00edas provenientes de Chile, Per\u00fa y Espa\u00f1a. Programaci\u00f3n que en detalle abarca exhibiciones de obras, talleres, una residencia art\u00edstica y un encuentro de programadores de eventos danza.<\/strong><\/p>\n\n\n\n<p><strong>El Centro Cultural Esc\u00e9nica en Movimiento<\/strong>&nbsp;anuncia la programaci\u00f3n oficial de la decimoctava edici\u00f3n del<strong>&nbsp;Festival Internacional de Danza Contempor\u00e1nea LOFT,<\/strong>&nbsp;que este a\u00f1o se realiza bajo el nombre<strong>&nbsp;\u201cRemover el Sitio<\/strong>\u201d, invitaci\u00f3n a volver al origen de este evento, habitar el territorio y repensar las plataformas de creaci\u00f3n art\u00edstica en di\u00e1logo con los espacios p\u00fablicos y la ciudadan\u00eda.<strong>&nbsp;Entre el 21 de octubre y el 1 de noviembre, el festival reunir\u00e1 a 11 agrupaciones provenientes de Chile, Per\u00fa y Espa\u00f1a, con funciones y actividades gratuitas en Concepci\u00f3n, Curanilahue, Coronel, Hualp\u00e9n y Chiguayante, consolidando a LOFT<\/strong>&nbsp;como uno de los festivales de danza contempor\u00e1nea m\u00e1s relevantes del pa\u00eds.<\/p>\n\n\n\n<p><strong>\u201cEste a\u00f1o el Festival llega con la potencia a la que nos invita su lema 2025, porque cuando<\/strong><br><strong>hablamos de remover el sitio lo que queremos es destacar y resignificar el rol que cumple el territorio en la creaci\u00f3n art\u00edstica y c\u00f3mo, desde sus inicios, el a\u00f1o 2011, el festival conect\u00f3 la danza con distintos escenarios, convencionales y no convencionales, en la regi\u00f3n. As\u00ed comenz\u00f3 este camino, en un departamento loft de la ciudad, un primer encuentro que tiene ya 18 versiones. Esta versi\u00f3n 2025 pone en valor lo que somos, nuestra historia y nuestro presente como centro cultural dedicado a la danza\u201d,<\/strong>&nbsp;se\u00f1ala Andrea Garrido, coordinadora general del festival, destacando, adem\u00e1s, el despliegue que el festival tendr\u00e1 por distintas comunas y espacios culturales de la Provincia de Concepci\u00f3n.<\/p>\n\n\n\n<p>Tras finalizar, hace unos meses atr\u00e1s, las convocatorias para obras regionales, nacionales y el<br>llamado a integrar su proceso de residencia, el Festival integrar\u00e1 ciclos de exhibici\u00f3n con funciones en espacios tradicionales y no convencionales; instancias de formaci\u00f3n con clases magistrales y talleres dirigidos a artistas y estudiantes; la residencia \u201cFrames\u201d liderada por el creador esc\u00e9nico nacional Rodrigo Chaverini y el Encuentro de Programadores de Danza, instancia de vinculaci\u00f3n y proyecci\u00f3n con agentes culturales de diferentes puntos del pa\u00eds y la regi\u00f3n. Adem\u00e1s, este a\u00f1o, se dar\u00e1 continuidad al segmento hist\u00f3rico del encuentro, \u201cUn d\u00eda en Loft\u201d, que en esta oportunidad trasladar\u00e1 el Festival a la comuna de Curanilahue con exhibici\u00f3n de obras y una jornada con programadores de danza.<\/p>\n\n\n\n<figure class=\"wp-block-image alignleft size-large is-resized\"><img loading=\"lazy\" decoding=\"async\" width=\"800\" height=\"1000\" src=\"https:\/\/temucotelevision.cl\/web\/wp-content\/uploads\/2025\/10\/Afiche-LOFT-2025-Remover-el-Sitio-800x1000.png\" alt=\"\" class=\"wp-image-58562\" style=\"width:370px;height:auto\" srcset=\"https:\/\/temucotelevision.cl\/web\/wp-content\/uploads\/2025\/10\/Afiche-LOFT-2025-Remover-el-Sitio-800x1000.png 800w, https:\/\/temucotelevision.cl\/web\/wp-content\/uploads\/2025\/10\/Afiche-LOFT-2025-Remover-el-Sitio-768x960.png 768w, https:\/\/temucotelevision.cl\/web\/wp-content\/uploads\/2025\/10\/Afiche-LOFT-2025-Remover-el-Sitio.png 1080w\" sizes=\"auto, (max-width: 800px) 100vw, 800px\" \/><\/figure>\n\n\n\n<p>Todas las funciones y talleres, desde el&nbsp;<strong>21 de octubre al 1 de noviembre, son gratuitas y se<\/strong><br><strong>realizar\u00e1n en Teatro Biob\u00edo, Sala 100 de Artistas del Acero, Punto de Cultura Federico Ram\u00edrez,&nbsp;<\/strong>adem\u00e1s de espacios abiertos como la&nbsp;<strong>Plaza de los Tribunales, las escaleras de la Catedral de Concepci\u00f3n y el Parque Ecuador.<\/strong>&nbsp;Las agrupaciones internacionales que estar\u00e1n presentes en el festival son&nbsp;<strong>Compa\u00f1\u00eda Crudo (Per\u00fa), con la performance \u201cLuna\u201d, Sara Jim\u00e9nez con Compa\u00f1\u00eda, quienes presentaran la obra de flamenco contempor\u00e1neo \u201cAve de Plata\u201d y el Colectivo HURyCAN (Espa\u00f1a), quienes mostrar\u00e1n la pieza \u201cSalvA\u201d. Como parte de la cartelera, la comunidad podr\u00e1 visionar obras como \u201cMeritocracia\u201d<\/strong>&nbsp;del creador esc\u00e9nico&nbsp;<strong>Darwin Elso, \u201cHolobiontes\u201d de M.I.C.A y N.A.V.E (Chilo\u00e9) , \u201cAtari\u201d,<\/strong>&nbsp;de la plataforma Ap\u00f3crifo. Colecci\u00f3n de visiones alteradas, \u201c<strong>La Evidencia\u201d, del Colectivo Incorp\u00f3rea (Convocatoria regional), \u201cDesfigumorfos\u201d de la Compa\u00f1\u00eda M\u00f3dulo Park (Convocatoria Nacional, Santiago) y \u201cLavarropa\u201d de la Compa\u00f1\u00eda Manada.<\/strong><\/p>\n\n\n\n<p>En relaci\u00f3n a los talleres, se activar\u00e1n dos clases magistrales, de la Compa\u00f1\u00eda Crudo, el s\u00e1bado<br>25 de octubre, en la sala de entrenamiento del Teatro Biob\u00edo y la clase&nbsp;<strong>\u201cVectores en Movimiento\u201d de Darwin Elso, el lunes 27 de octubre<\/strong>, tambi\u00e9n en la sala de entrenamiento del Teatro Biob\u00edo. Los talleres estar\u00e1n a guiados por<strong>&nbsp;Estefan\u00eda Pereira, el s\u00e1bado 25 de octubre, en Casa Taller de Chiguayante y por Rodrigo Chaverini, \u201cSalud y Movimiento\u201d, el jueves 30 de octubre en Artistas del Acero.<\/strong>&nbsp;Charlas y talleres son con inscripci\u00f3n previa, v\u00eda formulario que ser\u00e1 compartido en las redes y p\u00e1gina web del Centro Cultural Esc\u00e9nica en Movimiento.<\/p>\n\n\n\n<p>Por primera vez en el festival se realizar\u00e1 el Encuentro de Programadores de Danza, que se<br>realizar\u00e1 en las dependencias del Instituto Nacional de la Juventud Biob\u00edo, una experiencia de<br>intercambio que busca promover la asociatividad y la reflexi\u00f3n en torno a la gesti\u00f3n cultural con foco en los festivales de danza contempor\u00e1nea. Seis plataformas y espacios culturales viajar\u00e1n a Concepci\u00f3n para dialogar sobre c\u00f3mo \u201cremueven el sitio\u201d sus festivales e iniciativas que buscan posicionar y activar circulaci\u00f3n de obras de danza en Chile.<\/p>\n\n\n\n<p>En detalle, participar\u00e1n de esta iniciativa&nbsp;<strong>Zur V\u00e9rtice<\/strong>, quienes organizan el&nbsp;<strong>Festival 53\u00ba70\u00ba<\/strong><br><strong>(Punta Arenas); Movimiento Insular Comunidad Art\u00edstica, organizadoras del Festival Cuerpos en&nbsp;<\/strong><strong>Lluvia; el Centro Mb2, gestores de Escena Movida (Arica), N\u00facleo Creativo Tierra H\u00fameda,&nbsp;<\/strong><strong>organizadores de FIIN (Puerto Montt); Plataforma Azul,<\/strong>&nbsp;quienes impulsan el&nbsp;<strong>Festival de Danza&nbsp;<\/strong><strong>Contempor\u00e1nea MAGMA (Temuco, Villarrica, Angol); el Centro Cultural Bailarines de los R\u00edos,&nbsp;<\/strong>gestores del encuentro de artes esc\u00e9nicas<strong>&nbsp;Temporada Rel\u00e1mpago y Picnic (Valdivia) y los anfitriones Esc\u00e9nica en Movimiento con el Festival Internacional de Danza Contempor\u00e1nea LOFT (Concepci\u00f3n).<\/strong><\/p>\n\n\n\n<p><strong>\u201cRemover el Sitio\u201d<\/strong>&nbsp;cuenta con el respaldo del&nbsp;<strong>Programa de Apoyo a Organizaciones<\/strong><br><strong>Culturales Colaboradoras (PAOCC) y el Fondo de Artes Esc\u00e9nicas, ambos del Ministerio de las&nbsp;<\/strong><strong>Culturas, las Artes y el Patrimonio.<\/strong><\/p>\n\n\n\n<p><strong>Para m\u00e1s detalles de la programaci\u00f3n del Festival LOFT 2025 visitar las redes sociales de&nbsp;<\/strong><strong>Esc\u00e9nica en Movimiento @escenicaenmovimiento as\u00ed como tambi\u00e9n en su sitio web<\/strong><br><strong>www.escenicaenmovimiento.cl .<\/strong><\/p>\n","protected":false},"excerpt":{"rendered":"<div class=\"pvc_clear\"><\/div>\n<p id=\"pvc_stats_58559\" class=\"pvc_stats total_only  \" data-element-id=\"58559\" style=\"\"><i class=\"pvc-stats-icon large\" aria-hidden=\"true\"><svg aria-hidden=\"true\" focusable=\"false\" data-prefix=\"far\" data-icon=\"chart-bar\" role=\"img\" xmlns=\"http:\/\/www.w3.org\/2000\/svg\" viewBox=\"0 0 512 512\" class=\"svg-inline--fa fa-chart-bar fa-w-16 fa-2x\"><path fill=\"currentColor\" d=\"M396.8 352h22.4c6.4 0 12.8-6.4 12.8-12.8V108.8c0-6.4-6.4-12.8-12.8-12.8h-22.4c-6.4 0-12.8 6.4-12.8 12.8v230.4c0 6.4 6.4 12.8 12.8 12.8zm-192 0h22.4c6.4 0 12.8-6.4 12.8-12.8V140.8c0-6.4-6.4-12.8-12.8-12.8h-22.4c-6.4 0-12.8 6.4-12.8 12.8v198.4c0 6.4 6.4 12.8 12.8 12.8zm96 0h22.4c6.4 0 12.8-6.4 12.8-12.8V204.8c0-6.4-6.4-12.8-12.8-12.8h-22.4c-6.4 0-12.8 6.4-12.8 12.8v134.4c0 6.4 6.4 12.8 12.8 12.8zM496 400H48V80c0-8.84-7.16-16-16-16H16C7.16 64 0 71.16 0 80v336c0 17.67 14.33 32 32 32h464c8.84 0 16-7.16 16-16v-16c0-8.84-7.16-16-16-16zm-387.2-48h22.4c6.4 0 12.8-6.4 12.8-12.8v-70.4c0-6.4-6.4-12.8-12.8-12.8h-22.4c-6.4 0-12.8 6.4-12.8 12.8v70.4c0 6.4 6.4 12.8 12.8 12.8z\" class=\"\"><\/path><\/svg><\/i> <img loading=\"lazy\" decoding=\"async\" width=\"16\" height=\"16\" alt=\"Loading\" src=\"https:\/\/temucotelevision.cl\/web\/wp-content\/plugins\/page-views-count\/ajax-loader-2x.gif\" border=0 \/><\/p>\n<div class=\"pvc_clear\"><\/div>\n<p>Del 21 de octubre al 1 de noviembre se desarrollar\u00e1 en Concepci\u00f3n, este evento de danzacontempor\u00e1nea m\u00e1s importante del sur<\/p>\n","protected":false},"author":143,"featured_media":58560,"comment_status":"open","ping_status":"open","sticky":false,"template":"","format":"standard","meta":{"colormag_page_container_layout":"default_layout","colormag_page_sidebar_layout":"default_layout","footnotes":""},"categories":[86],"tags":[],"class_list":["post-58559","post","type-post","status-publish","format-standard","has-post-thumbnail","hentry","category-panoramas"],"a3_pvc":{"activated":true,"total_views":29,"today_views":0},"_links":{"self":[{"href":"https:\/\/temucotelevision.cl\/web\/wp-json\/wp\/v2\/posts\/58559","targetHints":{"allow":["GET"]}}],"collection":[{"href":"https:\/\/temucotelevision.cl\/web\/wp-json\/wp\/v2\/posts"}],"about":[{"href":"https:\/\/temucotelevision.cl\/web\/wp-json\/wp\/v2\/types\/post"}],"author":[{"embeddable":true,"href":"https:\/\/temucotelevision.cl\/web\/wp-json\/wp\/v2\/users\/143"}],"replies":[{"embeddable":true,"href":"https:\/\/temucotelevision.cl\/web\/wp-json\/wp\/v2\/comments?post=58559"}],"version-history":[{"count":2,"href":"https:\/\/temucotelevision.cl\/web\/wp-json\/wp\/v2\/posts\/58559\/revisions"}],"predecessor-version":[{"id":58563,"href":"https:\/\/temucotelevision.cl\/web\/wp-json\/wp\/v2\/posts\/58559\/revisions\/58563"}],"wp:featuredmedia":[{"embeddable":true,"href":"https:\/\/temucotelevision.cl\/web\/wp-json\/wp\/v2\/media\/58560"}],"wp:attachment":[{"href":"https:\/\/temucotelevision.cl\/web\/wp-json\/wp\/v2\/media?parent=58559"}],"wp:term":[{"taxonomy":"category","embeddable":true,"href":"https:\/\/temucotelevision.cl\/web\/wp-json\/wp\/v2\/categories?post=58559"},{"taxonomy":"post_tag","embeddable":true,"href":"https:\/\/temucotelevision.cl\/web\/wp-json\/wp\/v2\/tags?post=58559"}],"curies":[{"name":"wp","href":"https:\/\/api.w.org\/{rel}","templated":true}]}}