{"id":58555,"date":"2025-10-13T20:41:32","date_gmt":"2025-10-13T23:41:32","guid":{"rendered":"https:\/\/temucotelevision.cl\/web\/?p=58555"},"modified":"2025-10-13T20:41:33","modified_gmt":"2025-10-13T23:41:33","slug":"presupuesto-2026-diputado-henry-leal-cuestiona-al-gobierno-por-recortar-fondos-destinados-a-entregar-utiles-escolares-y-computadores-a-estudiantes","status":"publish","type":"post","link":"https:\/\/temucotelevision.cl\/web\/2025\/10\/13\/presupuesto-2026-diputado-henry-leal-cuestiona-al-gobierno-por-recortar-fondos-destinados-a-entregar-utiles-escolares-y-computadores-a-estudiantes\/","title":{"rendered":"Presupuesto 2026: Diputado Henry Leal cuestiona al Gobierno por recortar fondos destinados a entregar \u00fatiles escolares y computadores a estudiantes"},"content":{"rendered":"<div class=\"pvc_clear\"><\/div><p id=\"pvc_stats_58555\" class=\"pvc_stats total_only  \" data-element-id=\"58555\" style=\"\"><i class=\"pvc-stats-icon large\" aria-hidden=\"true\"><svg aria-hidden=\"true\" focusable=\"false\" data-prefix=\"far\" data-icon=\"chart-bar\" role=\"img\" xmlns=\"http:\/\/www.w3.org\/2000\/svg\" viewBox=\"0 0 512 512\" class=\"svg-inline--fa fa-chart-bar fa-w-16 fa-2x\"><path fill=\"currentColor\" d=\"M396.8 352h22.4c6.4 0 12.8-6.4 12.8-12.8V108.8c0-6.4-6.4-12.8-12.8-12.8h-22.4c-6.4 0-12.8 6.4-12.8 12.8v230.4c0 6.4 6.4 12.8 12.8 12.8zm-192 0h22.4c6.4 0 12.8-6.4 12.8-12.8V140.8c0-6.4-6.4-12.8-12.8-12.8h-22.4c-6.4 0-12.8 6.4-12.8 12.8v198.4c0 6.4 6.4 12.8 12.8 12.8zm96 0h22.4c6.4 0 12.8-6.4 12.8-12.8V204.8c0-6.4-6.4-12.8-12.8-12.8h-22.4c-6.4 0-12.8 6.4-12.8 12.8v134.4c0 6.4 6.4 12.8 12.8 12.8zM496 400H48V80c0-8.84-7.16-16-16-16H16C7.16 64 0 71.16 0 80v336c0 17.67 14.33 32 32 32h464c8.84 0 16-7.16 16-16v-16c0-8.84-7.16-16-16-16zm-387.2-48h22.4c6.4 0 12.8-6.4 12.8-12.8v-70.4c0-6.4-6.4-12.8-12.8-12.8h-22.4c-6.4 0-12.8 6.4-12.8 12.8v70.4c0 6.4 6.4 12.8 12.8 12.8z\" class=\"\"><\/path><\/svg><\/i> <img loading=\"lazy\" decoding=\"async\" width=\"16\" height=\"16\" alt=\"Loading\" src=\"https:\/\/temucotelevision.cl\/web\/wp-content\/plugins\/page-views-count\/ajax-loader-2x.gif\" border=0 \/><\/p><div class=\"pvc_clear\"><\/div>\n<p><em>El legislador por La Araucan\u00eda llam\u00f3 al Ejecutivo a reponer los recursos de ambos programas, as\u00ed como los destinados a los Liceos Bicentenarios y los colegios particulares subvencionados.<\/em><\/p>\n\n\n\n<p>El diputado por el Distrito 23 y actual candidato a senador por la Regi\u00f3n de La Araucan\u00eda, Henry Leal (UDI), cuestion\u00f3 el Presupuesto 2026 que el Gobierno propuso para el \u00e1rea de la educaci\u00f3n, luego que se dieran a conocer una serie de recortes en programas y planes tradicionales en el pa\u00eds, como los destinados a la entrega de \u00fatiles escolares y computadores miles de estudiantes.<\/p>\n\n\n\n<p>Al respecto, el parlamentario gremialista critic\u00f3 las prioridades fijadas por el Ejecutivo en dicha \u00e1rea, al elevar los recursos para la educaci\u00f3n superior en desmedro de la etapa parvularia y escolar.<\/p>\n\n\n\n<p>En ese sentido, uno de los recortes que m\u00e1s preocup\u00f3 al legislador por La Araucan\u00eda fue el aplicado a las Becas de Acceso a las TIC&#8217;s (Tecnolog\u00eda, Informaci\u00f3n y Comunicaci\u00f3n), mediante el cual los alumnos de 7\u00b0 b\u00e1sico pueden recibir un computador con acceso a internet para as\u00ed desarrollar sus estudios, entre otros apoyos tecnol\u00f3gicos. Sin embargo, de acuerdo a la informaci\u00f3n conocida hasta ahora, dicho programa sufrir\u00e1 un recorte de un 31,5%, lo que equivale a $11.473 millones, afectando principalmente a los estudiantes de establecimientos subvencionados, que no recibir\u00e1n el beneficio.<\/p>\n\n\n\n<p>Pero adem\u00e1s, Henry Leal tambi\u00e9n advirti\u00f3 sobre la reducci\u00f3n en un 21% que podr\u00eda afectar al plan sobre entrega de \u00fatiles escolares, as\u00ed como los programas de educaci\u00f3n parvularia, que disminuir\u00e1n en m\u00e1s de $40 mil millones. Al mismo tiempo, el diputado de la UDI lament\u00f3 el recorte en un 18,5% en el presupuesto de los denominados &#8220;Liceos Bicentenarios de Excelencia&#8221;; la eliminaci\u00f3n del Plan Nacional de Tutor\u00edas, que buscaba mitigar el rezago de los alumnos entre 3\u00b0 b\u00e1sico y IV medio, y la rebaja en $73.830 millones en el aporte estatal destinado a los colegios particulares subvencionados.<\/p>\n\n\n\n<p>&#8220;Resulta absolutamente incomprensible que el Gobierno pretenda hablar de equidad y de mayores oportunidades, cuando en paralelo se dedica a subir s\u00f3lo el presupuesto de la educaci\u00f3n superior a costa de la infancia y los ni\u00f1os. Actualmente, la educaci\u00f3n inicial, parvularia y escolar est\u00e1n sufriendo una grave crisis producto de una serie de situaci\u00f3n, pero en vez de fortalecerlas, la respuesta de las actuales autoridades ha sido dejarlas en completo abandono&#8221;, critic\u00f3 el parlamentario gremialista, quien reiter\u00f3 que &#8220;no podemos hablar de una educaci\u00f3n de calidad y equitativa si los alumnos no cuentan con las herramientas b\u00e1sicas para su desarrollo, como los computadores y \u00fatiles escolares&#8221;.<\/p>\n\n\n\n<p>Sin embargo, Leal tambi\u00e9n se mostr\u00f3 contrario a la decisi\u00f3n del Gobierno de reducir, al mismo tiempo, los recursos contemplados en el Plan de Reactivaci\u00f3n Educativa, que se cre\u00f3 justamente tras la masiva deserci\u00f3n escolar que se produjo tras los efectos de la pandemia por covid-19 en el pa\u00eds.<\/p>\n\n\n\n<p>En ese sentido, dicho plan sufrir\u00e1 en la Ley de Presupuestos una disminuci\u00f3n de $5.618 millones, siendo el programa para la &#8220;Reactivaci\u00f3n Educativa&#8221; uno de los que m\u00e1s bajar\u00e1 en 2026, en un 50%.<\/p>\n\n\n\n<p>&#8220;Si realmente queremos garantizar la igualdad de oportunidades entre los estudiantes, el punto de partida siempre deber\u00eda ser la educaci\u00f3n escolar y todos los programas asociados a ella. Muchos de los alumnos que hoy asisten, por ejemplo, a los colegios particulares subvencionados dependen de este tipo de herramientas para estudiar. Por eso esperamos que el Gobierno pueda reorientar sus prioridades y entienda la importancia de este tipo de planes&#8221;, reiter\u00f3 el diputado por La Araucan\u00eda.<\/p>\n","protected":false},"excerpt":{"rendered":"<div class=\"pvc_clear\"><\/div>\n<p id=\"pvc_stats_58555\" class=\"pvc_stats total_only  \" data-element-id=\"58555\" style=\"\"><i class=\"pvc-stats-icon large\" aria-hidden=\"true\"><svg aria-hidden=\"true\" focusable=\"false\" data-prefix=\"far\" data-icon=\"chart-bar\" role=\"img\" xmlns=\"http:\/\/www.w3.org\/2000\/svg\" viewBox=\"0 0 512 512\" class=\"svg-inline--fa fa-chart-bar fa-w-16 fa-2x\"><path fill=\"currentColor\" d=\"M396.8 352h22.4c6.4 0 12.8-6.4 12.8-12.8V108.8c0-6.4-6.4-12.8-12.8-12.8h-22.4c-6.4 0-12.8 6.4-12.8 12.8v230.4c0 6.4 6.4 12.8 12.8 12.8zm-192 0h22.4c6.4 0 12.8-6.4 12.8-12.8V140.8c0-6.4-6.4-12.8-12.8-12.8h-22.4c-6.4 0-12.8 6.4-12.8 12.8v198.4c0 6.4 6.4 12.8 12.8 12.8zm96 0h22.4c6.4 0 12.8-6.4 12.8-12.8V204.8c0-6.4-6.4-12.8-12.8-12.8h-22.4c-6.4 0-12.8 6.4-12.8 12.8v134.4c0 6.4 6.4 12.8 12.8 12.8zM496 400H48V80c0-8.84-7.16-16-16-16H16C7.16 64 0 71.16 0 80v336c0 17.67 14.33 32 32 32h464c8.84 0 16-7.16 16-16v-16c0-8.84-7.16-16-16-16zm-387.2-48h22.4c6.4 0 12.8-6.4 12.8-12.8v-70.4c0-6.4-6.4-12.8-12.8-12.8h-22.4c-6.4 0-12.8 6.4-12.8 12.8v70.4c0 6.4 6.4 12.8 12.8 12.8z\" class=\"\"><\/path><\/svg><\/i> <img loading=\"lazy\" decoding=\"async\" width=\"16\" height=\"16\" alt=\"Loading\" src=\"https:\/\/temucotelevision.cl\/web\/wp-content\/plugins\/page-views-count\/ajax-loader-2x.gif\" border=0 \/><\/p>\n<div class=\"pvc_clear\"><\/div>\n<p>El legislador por La Araucan\u00eda llam\u00f3 al Ejecutivo a reponer los recursos de ambos programas, as\u00ed como los destinados a<\/p>\n","protected":false},"author":1,"featured_media":58556,"comment_status":"open","ping_status":"open","sticky":false,"template":"","format":"standard","meta":{"colormag_page_container_layout":"default_layout","colormag_page_sidebar_layout":"default_layout","footnotes":""},"categories":[84],"tags":[154],"class_list":["post-58555","post","type-post","status-publish","format-standard","has-post-thumbnail","hentry","category-politica","tag-diputado"],"a3_pvc":{"activated":true,"total_views":1600,"today_views":0},"_links":{"self":[{"href":"https:\/\/temucotelevision.cl\/web\/wp-json\/wp\/v2\/posts\/58555","targetHints":{"allow":["GET"]}}],"collection":[{"href":"https:\/\/temucotelevision.cl\/web\/wp-json\/wp\/v2\/posts"}],"about":[{"href":"https:\/\/temucotelevision.cl\/web\/wp-json\/wp\/v2\/types\/post"}],"author":[{"embeddable":true,"href":"https:\/\/temucotelevision.cl\/web\/wp-json\/wp\/v2\/users\/1"}],"replies":[{"embeddable":true,"href":"https:\/\/temucotelevision.cl\/web\/wp-json\/wp\/v2\/comments?post=58555"}],"version-history":[{"count":1,"href":"https:\/\/temucotelevision.cl\/web\/wp-json\/wp\/v2\/posts\/58555\/revisions"}],"predecessor-version":[{"id":58557,"href":"https:\/\/temucotelevision.cl\/web\/wp-json\/wp\/v2\/posts\/58555\/revisions\/58557"}],"wp:featuredmedia":[{"embeddable":true,"href":"https:\/\/temucotelevision.cl\/web\/wp-json\/wp\/v2\/media\/58556"}],"wp:attachment":[{"href":"https:\/\/temucotelevision.cl\/web\/wp-json\/wp\/v2\/media?parent=58555"}],"wp:term":[{"taxonomy":"category","embeddable":true,"href":"https:\/\/temucotelevision.cl\/web\/wp-json\/wp\/v2\/categories?post=58555"},{"taxonomy":"post_tag","embeddable":true,"href":"https:\/\/temucotelevision.cl\/web\/wp-json\/wp\/v2\/tags?post=58555"}],"curies":[{"name":"wp","href":"https:\/\/api.w.org\/{rel}","templated":true}]}}