{"id":58551,"date":"2025-10-13T20:35:33","date_gmt":"2025-10-13T23:35:33","guid":{"rendered":"https:\/\/temucotelevision.cl\/web\/?p=58551"},"modified":"2025-10-13T20:35:34","modified_gmt":"2025-10-13T23:35:34","slug":"q_are-la-banda-revelacion-del-k-pop-chileno-se-suma-a-la-gira-teleton-2025","status":"publish","type":"post","link":"https:\/\/temucotelevision.cl\/web\/2025\/10\/13\/q_are-la-banda-revelacion-del-k-pop-chileno-se-suma-a-la-gira-teleton-2025\/","title":{"rendered":"Q_ARE, la banda revelaci\u00f3n del k-pop chileno, se suma a la Gira Telet\u00f3n 2025"},"content":{"rendered":"<div class=\"pvc_clear\"><\/div><p id=\"pvc_stats_58551\" class=\"pvc_stats total_only  \" data-element-id=\"58551\" style=\"\"><i class=\"pvc-stats-icon large\" aria-hidden=\"true\"><svg aria-hidden=\"true\" focusable=\"false\" data-prefix=\"far\" data-icon=\"chart-bar\" role=\"img\" xmlns=\"http:\/\/www.w3.org\/2000\/svg\" viewBox=\"0 0 512 512\" class=\"svg-inline--fa fa-chart-bar fa-w-16 fa-2x\"><path fill=\"currentColor\" d=\"M396.8 352h22.4c6.4 0 12.8-6.4 12.8-12.8V108.8c0-6.4-6.4-12.8-12.8-12.8h-22.4c-6.4 0-12.8 6.4-12.8 12.8v230.4c0 6.4 6.4 12.8 12.8 12.8zm-192 0h22.4c6.4 0 12.8-6.4 12.8-12.8V140.8c0-6.4-6.4-12.8-12.8-12.8h-22.4c-6.4 0-12.8 6.4-12.8 12.8v198.4c0 6.4 6.4 12.8 12.8 12.8zm96 0h22.4c6.4 0 12.8-6.4 12.8-12.8V204.8c0-6.4-6.4-12.8-12.8-12.8h-22.4c-6.4 0-12.8 6.4-12.8 12.8v134.4c0 6.4 6.4 12.8 12.8 12.8zM496 400H48V80c0-8.84-7.16-16-16-16H16C7.16 64 0 71.16 0 80v336c0 17.67 14.33 32 32 32h464c8.84 0 16-7.16 16-16v-16c0-8.84-7.16-16-16-16zm-387.2-48h22.4c6.4 0 12.8-6.4 12.8-12.8v-70.4c0-6.4-6.4-12.8-12.8-12.8h-22.4c-6.4 0-12.8 6.4-12.8 12.8v70.4c0 6.4 6.4 12.8 12.8 12.8z\" class=\"\"><\/path><\/svg><\/i> <img loading=\"lazy\" decoding=\"async\" width=\"16\" height=\"16\" alt=\"Loading\" src=\"https:\/\/temucotelevision.cl\/web\/wp-content\/plugins\/page-views-count\/ajax-loader-2x.gif\" border=0 \/><\/p><div class=\"pvc_clear\"><\/div>\n<p><em>La agrupaci\u00f3n nacional se presentar\u00e1 el 4 y 5 de noviembre en Arica e Iquique, y participar\u00e1 adem\u00e1s en el programa televisivo del 29 de noviembre en el Teatro Telet\u00f3n, compartiendo escenario con destacados artistas nacionales e internacionales.<\/em><\/p>\n\n\n\n<p><strong>Q_ARE<\/strong>, una de las bandas emergentes m\u00e1s prometedoras del k-pop chileno, confirm\u00f3 su participaci\u00f3n en la&nbsp;<strong>Gira Telet\u00f3n 2025<\/strong>&nbsp;durante una visita al Instituto Telet\u00f3n de Santiago. El grupo formar\u00e1 parte del tramo norte del recorrido, con presentaciones el 4 de noviembre en Arica y el 5 de noviembre en Iquique, adem\u00e1s de sumarse al espect\u00e1culo televisivo de la Telet\u00f3n, que se realizar\u00e1 los d\u00edas 28 y 29 de noviembre en el Teatro Telet\u00f3n.<\/p>\n\n\n\n<p>Integrado por&nbsp;<strong>Jamin, J, Seba, Bin, Aiden y Fabi<\/strong>, Q_ARE ha destacado en la escena musical por su propuesta original, que fusiona la energ\u00eda del k-pop con ritmos latinos. A casi dos a\u00f1os de su debut, la banda acumula&nbsp;<strong>m\u00e1s de 130 mil oyentes mensuales en Spotify<\/strong>, consolid\u00e1ndose como una de las agrupaciones juveniles con mayor proyecci\u00f3n del momento. Su reciente&nbsp;<strong>colaboraci\u00f3n con GAP&nbsp;<\/strong>tambi\u00e9n ha impulsado su popularidad, multiplicando su base de seguidores en Chile.<\/p>\n\n\n\n<p>Durante su visita al Instituto Telet\u00f3n, los artistas recorrieron distintas \u00e1reas del centro \u2014entre ellas, las unidades de Kinesiolog\u00eda, Terapia Ocupacional, Terapias Asistivas y la Unidad de Terapias Art\u00edsticas y Creativas (UTAC)\u2014, espacio que por un momento se transform\u00f3 en un peque\u00f1o escenario musical. All\u00ed, cinco de sus integrantes interpretaron dos de sus temas m\u00e1s conocidos:&nbsp;<em>\u201cLast Moon\u201d&nbsp;<\/em>y&nbsp;<em>\u201cPala\u201d<\/em>, compartiendo un alegre encuentro con pacientes, familias y profesionales del instituto.<\/p>\n\n\n\n<p>\u201cEs la primera vez que visitamos el Instituto Telet\u00f3n y la verdad es que quedamos sorprendidos. Estamos muy honrados de haber venido, de poder conocerlos y tambi\u00e9n de presentar un poco de nuestra m\u00fasica\u201d, coment\u00f3&nbsp;<strong>Aiden<\/strong>, miembro de la agrupaci\u00f3n juvenil.<\/p>\n\n\n\n<p>La Gira Telet\u00f3n 2025 recorrer\u00e1 diversas ciudades del norte y sur del pa\u00eds. En&nbsp;<strong>Arica<\/strong>, Q_ARE se presentar\u00e1 el&nbsp;<strong>4 de noviembre<\/strong>, a las 18:00 horas, en la Explanada General San Mart\u00edn; mientras que en&nbsp;<strong>Iquique&nbsp;<\/strong>lo har\u00e1n el&nbsp;<strong>5 de noviembre<\/strong>, a la misma hora, en la Plaza 21 de Mayo. En ambos escenarios compartir\u00e1n jornada con artistas como Polim\u00e1 Westcoast, Z\u00fambale Primo, Los Pulentos, entre otros.<\/p>\n\n\n\n<p>Adem\u00e1s, la banda ser\u00e1 uno de los n\u00fameros art\u00edsticos del Teatro Telet\u00f3n durante la jornada de cierre de campa\u00f1a del&nbsp;<strong>28 y 29 de noviembre<\/strong>.<\/p>\n\n\n\n<figure class=\"wp-block-image size-large\"><img loading=\"lazy\" decoding=\"async\" width=\"1000\" height=\"750\" src=\"https:\/\/temucotelevision.cl\/web\/wp-content\/uploads\/2025\/10\/IMG_4564-1000x750.jpg\" alt=\"\" class=\"wp-image-58553\" srcset=\"https:\/\/temucotelevision.cl\/web\/wp-content\/uploads\/2025\/10\/IMG_4564-1000x750.jpg 1000w, https:\/\/temucotelevision.cl\/web\/wp-content\/uploads\/2025\/10\/IMG_4564-768x576.jpg 768w, https:\/\/temucotelevision.cl\/web\/wp-content\/uploads\/2025\/10\/IMG_4564-1536x1152.jpg 1536w, https:\/\/temucotelevision.cl\/web\/wp-content\/uploads\/2025\/10\/IMG_4564-2048x1536.jpg 2048w\" sizes=\"auto, (max-width: 1000px) 100vw, 1000px\" \/><\/figure>\n","protected":false},"excerpt":{"rendered":"<div class=\"pvc_clear\"><\/div>\n<p id=\"pvc_stats_58551\" class=\"pvc_stats total_only  \" data-element-id=\"58551\" style=\"\"><i class=\"pvc-stats-icon large\" aria-hidden=\"true\"><svg aria-hidden=\"true\" focusable=\"false\" data-prefix=\"far\" data-icon=\"chart-bar\" role=\"img\" xmlns=\"http:\/\/www.w3.org\/2000\/svg\" viewBox=\"0 0 512 512\" class=\"svg-inline--fa fa-chart-bar fa-w-16 fa-2x\"><path fill=\"currentColor\" d=\"M396.8 352h22.4c6.4 0 12.8-6.4 12.8-12.8V108.8c0-6.4-6.4-12.8-12.8-12.8h-22.4c-6.4 0-12.8 6.4-12.8 12.8v230.4c0 6.4 6.4 12.8 12.8 12.8zm-192 0h22.4c6.4 0 12.8-6.4 12.8-12.8V140.8c0-6.4-6.4-12.8-12.8-12.8h-22.4c-6.4 0-12.8 6.4-12.8 12.8v198.4c0 6.4 6.4 12.8 12.8 12.8zm96 0h22.4c6.4 0 12.8-6.4 12.8-12.8V204.8c0-6.4-6.4-12.8-12.8-12.8h-22.4c-6.4 0-12.8 6.4-12.8 12.8v134.4c0 6.4 6.4 12.8 12.8 12.8zM496 400H48V80c0-8.84-7.16-16-16-16H16C7.16 64 0 71.16 0 80v336c0 17.67 14.33 32 32 32h464c8.84 0 16-7.16 16-16v-16c0-8.84-7.16-16-16-16zm-387.2-48h22.4c6.4 0 12.8-6.4 12.8-12.8v-70.4c0-6.4-6.4-12.8-12.8-12.8h-22.4c-6.4 0-12.8 6.4-12.8 12.8v70.4c0 6.4 6.4 12.8 12.8 12.8z\" class=\"\"><\/path><\/svg><\/i> <img loading=\"lazy\" decoding=\"async\" width=\"16\" height=\"16\" alt=\"Loading\" src=\"https:\/\/temucotelevision.cl\/web\/wp-content\/plugins\/page-views-count\/ajax-loader-2x.gif\" border=0 \/><\/p>\n<div class=\"pvc_clear\"><\/div>\n<p>La agrupaci\u00f3n nacional se presentar\u00e1 el 4 y 5 de noviembre en Arica e Iquique, y participar\u00e1 adem\u00e1s en el<\/p>\n","protected":false},"author":1,"featured_media":58552,"comment_status":"open","ping_status":"open","sticky":false,"template":"","format":"standard","meta":{"colormag_page_container_layout":"default_layout","colormag_page_sidebar_layout":"default_layout","footnotes":""},"categories":[86],"tags":[1989],"class_list":["post-58551","post","type-post","status-publish","format-standard","has-post-thumbnail","hentry","category-panoramas","tag-teleton"],"a3_pvc":{"activated":true,"total_views":1818,"today_views":0},"_links":{"self":[{"href":"https:\/\/temucotelevision.cl\/web\/wp-json\/wp\/v2\/posts\/58551","targetHints":{"allow":["GET"]}}],"collection":[{"href":"https:\/\/temucotelevision.cl\/web\/wp-json\/wp\/v2\/posts"}],"about":[{"href":"https:\/\/temucotelevision.cl\/web\/wp-json\/wp\/v2\/types\/post"}],"author":[{"embeddable":true,"href":"https:\/\/temucotelevision.cl\/web\/wp-json\/wp\/v2\/users\/1"}],"replies":[{"embeddable":true,"href":"https:\/\/temucotelevision.cl\/web\/wp-json\/wp\/v2\/comments?post=58551"}],"version-history":[{"count":1,"href":"https:\/\/temucotelevision.cl\/web\/wp-json\/wp\/v2\/posts\/58551\/revisions"}],"predecessor-version":[{"id":58554,"href":"https:\/\/temucotelevision.cl\/web\/wp-json\/wp\/v2\/posts\/58551\/revisions\/58554"}],"wp:featuredmedia":[{"embeddable":true,"href":"https:\/\/temucotelevision.cl\/web\/wp-json\/wp\/v2\/media\/58552"}],"wp:attachment":[{"href":"https:\/\/temucotelevision.cl\/web\/wp-json\/wp\/v2\/media?parent=58551"}],"wp:term":[{"taxonomy":"category","embeddable":true,"href":"https:\/\/temucotelevision.cl\/web\/wp-json\/wp\/v2\/categories?post=58551"},{"taxonomy":"post_tag","embeddable":true,"href":"https:\/\/temucotelevision.cl\/web\/wp-json\/wp\/v2\/tags?post=58551"}],"curies":[{"name":"wp","href":"https:\/\/api.w.org\/{rel}","templated":true}]}}