{"id":58548,"date":"2025-10-13T17:31:35","date_gmt":"2025-10-13T20:31:35","guid":{"rendered":"https:\/\/temucotelevision.cl\/web\/?p=58548"},"modified":"2025-10-13T17:32:19","modified_gmt":"2025-10-13T20:32:19","slug":"diputado-jorge-rathgeb-por-nuevo-ataque-en-ruta-5-sur-en-pidima-el-gobierno-sigue-fallando-en-la-seguridad-para-la-araucania","status":"publish","type":"post","link":"https:\/\/temucotelevision.cl\/web\/2025\/10\/13\/diputado-jorge-rathgeb-por-nuevo-ataque-en-ruta-5-sur-en-pidima-el-gobierno-sigue-fallando-en-la-seguridad-para-la-araucania\/","title":{"rendered":"Diputado Jorge Rathgeb por nuevo ataque en Ruta 5 Sur en Pidima: &#8220;El Gobierno sigue fallando en la seguridad para La Araucan\u00eda&#8221;"},"content":{"rendered":"<div class=\"pvc_clear\"><\/div><p id=\"pvc_stats_58548\" class=\"pvc_stats total_only  \" data-element-id=\"58548\" style=\"\"><i class=\"pvc-stats-icon large\" aria-hidden=\"true\"><svg aria-hidden=\"true\" focusable=\"false\" data-prefix=\"far\" data-icon=\"chart-bar\" role=\"img\" xmlns=\"http:\/\/www.w3.org\/2000\/svg\" viewBox=\"0 0 512 512\" class=\"svg-inline--fa fa-chart-bar fa-w-16 fa-2x\"><path fill=\"currentColor\" d=\"M396.8 352h22.4c6.4 0 12.8-6.4 12.8-12.8V108.8c0-6.4-6.4-12.8-12.8-12.8h-22.4c-6.4 0-12.8 6.4-12.8 12.8v230.4c0 6.4 6.4 12.8 12.8 12.8zm-192 0h22.4c6.4 0 12.8-6.4 12.8-12.8V140.8c0-6.4-6.4-12.8-12.8-12.8h-22.4c-6.4 0-12.8 6.4-12.8 12.8v198.4c0 6.4 6.4 12.8 12.8 12.8zm96 0h22.4c6.4 0 12.8-6.4 12.8-12.8V204.8c0-6.4-6.4-12.8-12.8-12.8h-22.4c-6.4 0-12.8 6.4-12.8 12.8v134.4c0 6.4 6.4 12.8 12.8 12.8zM496 400H48V80c0-8.84-7.16-16-16-16H16C7.16 64 0 71.16 0 80v336c0 17.67 14.33 32 32 32h464c8.84 0 16-7.16 16-16v-16c0-8.84-7.16-16-16-16zm-387.2-48h22.4c6.4 0 12.8-6.4 12.8-12.8v-70.4c0-6.4-6.4-12.8-12.8-12.8h-22.4c-6.4 0-12.8 6.4-12.8 12.8v70.4c0 6.4 6.4 12.8 12.8 12.8z\" class=\"\"><\/path><\/svg><\/i> <img loading=\"lazy\" decoding=\"async\" width=\"16\" height=\"16\" alt=\"Loading\" src=\"https:\/\/temucotelevision.cl\/web\/wp-content\/plugins\/page-views-count\/ajax-loader-2x.gif\" border=0 \/><\/p><div class=\"pvc_clear\"><\/div>\n<p><strong>El parlamentario coment\u00f3 que en menos de una semana dos hechos graves han ocurrido en el sector, lo que deja de manifiesto la deuda en seguridad que tiene el Ejecutivo.<\/strong><\/p>\n\n\n\n<p>Las \u00faltimas horas se vivi\u00f3 un panorama complejo en la Ruta 5 Sur a la altura de Pidima, donde sujetos quemaron una camioneta y realizaron disparos.<\/p>\n\n\n\n<p>A ra\u00edz de los anterior dos personas resultaron lesionadas como es el caso del conductor de un cami\u00f3n y de una mujer que se desplazaba en una camioneta, quienes se encuentran fuera de peligro, sumado tambi\u00e9n al caos vial que gener\u00f3 la detenci\u00f3n del tr\u00e1fico por la principal carretera del pa\u00eds.<\/p>\n\n\n\n<p>El parlamentario y presidente regional de Renovaci\u00f3n Nacional por La Araucan\u00eda, Jorge Rathgeb Schifferli, indic\u00f3 que esto es una muestra m\u00e1s de que el Ejecutivo sigue fallando en materia de seguridad en la regi\u00f3n.<\/p>\n\n\n\n<p>Rathgeb, coment\u00f3 que ya son dos hechos que se dan en menos de una semana en Ercilla y que las autoridades siguen sin aprender la lecci\u00f3n de reforzar una zona compleja y poder otorgar m\u00e1s facultades a los efectivos que se despliegan por esos sectores.<\/p>\n\n\n\n<p>&#8220;Ya van dos hechos de violencia ocurridos en el sector de Pidima y vemos que el Gobierno no activa el trabajo que se debe hacer en terreno. Aqu\u00ed tenemos un Estado de Excepci\u00f3n que si no tiene las atribuciones que le corresponde es s\u00f3lo parche, han bajado estos hechos, pero los que han existido son de mayor gravedad, por eso el Gobierno debe activar un plan adecuado para dar mayor tranquilidad a la poblaci\u00f3n en ese sector y en toda La Araucan\u00eda&#8221;, puntualiz\u00f3 el parlamentario.<\/p>\n\n\n\n<p>Rathgeb, espera que el Gobierno que va de salida, se esmere por entregar m\u00e1s seguridad y no dejar todo a medias como est\u00e1 ocurriendo hasta el momento, como manifest\u00f3.<\/p>\n\n\n\n<p>De paso el parlamentario indic\u00f3 que ac\u00e1 debe existir un cambio en las estrategias que se est\u00e1n ocupando, por lo cual por en\u00e9sima vez hizo un llamado a la titular de Defensa, Adriana Delpiano a visitar La Araucan\u00eda, para reunirse con las autoridades y congresistas.<\/p>\n\n\n\n<p>Para finalizar Rathgeb, indic\u00f3 que nuevamente surgen dudas de c\u00f3mo los sujetos tienen alto poder de fuego y portan armamento de guerra, como se pudo comprobar tras las primeras diligencias realizadas en el sitio del suceso.<\/p>\n","protected":false},"excerpt":{"rendered":"<div class=\"pvc_clear\"><\/div>\n<p id=\"pvc_stats_58548\" class=\"pvc_stats total_only  \" data-element-id=\"58548\" style=\"\"><i class=\"pvc-stats-icon large\" aria-hidden=\"true\"><svg aria-hidden=\"true\" focusable=\"false\" data-prefix=\"far\" data-icon=\"chart-bar\" role=\"img\" xmlns=\"http:\/\/www.w3.org\/2000\/svg\" viewBox=\"0 0 512 512\" class=\"svg-inline--fa fa-chart-bar fa-w-16 fa-2x\"><path fill=\"currentColor\" d=\"M396.8 352h22.4c6.4 0 12.8-6.4 12.8-12.8V108.8c0-6.4-6.4-12.8-12.8-12.8h-22.4c-6.4 0-12.8 6.4-12.8 12.8v230.4c0 6.4 6.4 12.8 12.8 12.8zm-192 0h22.4c6.4 0 12.8-6.4 12.8-12.8V140.8c0-6.4-6.4-12.8-12.8-12.8h-22.4c-6.4 0-12.8 6.4-12.8 12.8v198.4c0 6.4 6.4 12.8 12.8 12.8zm96 0h22.4c6.4 0 12.8-6.4 12.8-12.8V204.8c0-6.4-6.4-12.8-12.8-12.8h-22.4c-6.4 0-12.8 6.4-12.8 12.8v134.4c0 6.4 6.4 12.8 12.8 12.8zM496 400H48V80c0-8.84-7.16-16-16-16H16C7.16 64 0 71.16 0 80v336c0 17.67 14.33 32 32 32h464c8.84 0 16-7.16 16-16v-16c0-8.84-7.16-16-16-16zm-387.2-48h22.4c6.4 0 12.8-6.4 12.8-12.8v-70.4c0-6.4-6.4-12.8-12.8-12.8h-22.4c-6.4 0-12.8 6.4-12.8 12.8v70.4c0 6.4 6.4 12.8 12.8 12.8z\" class=\"\"><\/path><\/svg><\/i> <img loading=\"lazy\" decoding=\"async\" width=\"16\" height=\"16\" alt=\"Loading\" src=\"https:\/\/temucotelevision.cl\/web\/wp-content\/plugins\/page-views-count\/ajax-loader-2x.gif\" border=0 \/><\/p>\n<div class=\"pvc_clear\"><\/div>\n<p>El parlamentario coment\u00f3 que en menos de una semana dos hechos graves han ocurrido en el sector, lo que deja<\/p>\n","protected":false},"author":1,"featured_media":58549,"comment_status":"open","ping_status":"open","sticky":false,"template":"","format":"standard","meta":{"colormag_page_container_layout":"default_layout","colormag_page_sidebar_layout":"default_layout","footnotes":""},"categories":[15,84],"tags":[349],"class_list":["post-58548","post","type-post","status-publish","format-standard","has-post-thumbnail","hentry","category-la-araucania","category-politica","tag-ataque"],"a3_pvc":{"activated":true,"total_views":1106,"today_views":0},"_links":{"self":[{"href":"https:\/\/temucotelevision.cl\/web\/wp-json\/wp\/v2\/posts\/58548","targetHints":{"allow":["GET"]}}],"collection":[{"href":"https:\/\/temucotelevision.cl\/web\/wp-json\/wp\/v2\/posts"}],"about":[{"href":"https:\/\/temucotelevision.cl\/web\/wp-json\/wp\/v2\/types\/post"}],"author":[{"embeddable":true,"href":"https:\/\/temucotelevision.cl\/web\/wp-json\/wp\/v2\/users\/1"}],"replies":[{"embeddable":true,"href":"https:\/\/temucotelevision.cl\/web\/wp-json\/wp\/v2\/comments?post=58548"}],"version-history":[{"count":1,"href":"https:\/\/temucotelevision.cl\/web\/wp-json\/wp\/v2\/posts\/58548\/revisions"}],"predecessor-version":[{"id":58550,"href":"https:\/\/temucotelevision.cl\/web\/wp-json\/wp\/v2\/posts\/58548\/revisions\/58550"}],"wp:featuredmedia":[{"embeddable":true,"href":"https:\/\/temucotelevision.cl\/web\/wp-json\/wp\/v2\/media\/58549"}],"wp:attachment":[{"href":"https:\/\/temucotelevision.cl\/web\/wp-json\/wp\/v2\/media?parent=58548"}],"wp:term":[{"taxonomy":"category","embeddable":true,"href":"https:\/\/temucotelevision.cl\/web\/wp-json\/wp\/v2\/categories?post=58548"},{"taxonomy":"post_tag","embeddable":true,"href":"https:\/\/temucotelevision.cl\/web\/wp-json\/wp\/v2\/tags?post=58548"}],"curies":[{"name":"wp","href":"https:\/\/api.w.org\/{rel}","templated":true}]}}