{"id":58545,"date":"2025-10-13T17:09:44","date_gmt":"2025-10-13T20:09:44","guid":{"rendered":"https:\/\/temucotelevision.cl\/web\/?p=58545"},"modified":"2025-10-13T17:09:48","modified_gmt":"2025-10-13T20:09:48","slug":"claudia-salas-melinao-hermana-de-marcelo-salas-lanza-su-candidatura-a-diputada-por-el-distrito-23","status":"publish","type":"post","link":"https:\/\/temucotelevision.cl\/web\/2025\/10\/13\/claudia-salas-melinao-hermana-de-marcelo-salas-lanza-su-candidatura-a-diputada-por-el-distrito-23\/","title":{"rendered":"Claudia Salas Melinao, hermana de Marcelo Salas, lanza su candidatura a diputada por el Distrito 23"},"content":{"rendered":"<div class=\"pvc_clear\"><\/div><p id=\"pvc_stats_58545\" class=\"pvc_stats total_only  \" data-element-id=\"58545\" style=\"\"><i class=\"pvc-stats-icon large\" aria-hidden=\"true\"><svg aria-hidden=\"true\" focusable=\"false\" data-prefix=\"far\" data-icon=\"chart-bar\" role=\"img\" xmlns=\"http:\/\/www.w3.org\/2000\/svg\" viewBox=\"0 0 512 512\" class=\"svg-inline--fa fa-chart-bar fa-w-16 fa-2x\"><path fill=\"currentColor\" d=\"M396.8 352h22.4c6.4 0 12.8-6.4 12.8-12.8V108.8c0-6.4-6.4-12.8-12.8-12.8h-22.4c-6.4 0-12.8 6.4-12.8 12.8v230.4c0 6.4 6.4 12.8 12.8 12.8zm-192 0h22.4c6.4 0 12.8-6.4 12.8-12.8V140.8c0-6.4-6.4-12.8-12.8-12.8h-22.4c-6.4 0-12.8 6.4-12.8 12.8v198.4c0 6.4 6.4 12.8 12.8 12.8zm96 0h22.4c6.4 0 12.8-6.4 12.8-12.8V204.8c0-6.4-6.4-12.8-12.8-12.8h-22.4c-6.4 0-12.8 6.4-12.8 12.8v134.4c0 6.4 6.4 12.8 12.8 12.8zM496 400H48V80c0-8.84-7.16-16-16-16H16C7.16 64 0 71.16 0 80v336c0 17.67 14.33 32 32 32h464c8.84 0 16-7.16 16-16v-16c0-8.84-7.16-16-16-16zm-387.2-48h22.4c6.4 0 12.8-6.4 12.8-12.8v-70.4c0-6.4-6.4-12.8-12.8-12.8h-22.4c-6.4 0-12.8 6.4-12.8 12.8v70.4c0 6.4 6.4 12.8 12.8 12.8z\" class=\"\"><\/path><\/svg><\/i> <img loading=\"lazy\" decoding=\"async\" width=\"16\" height=\"16\" alt=\"Loading\" src=\"https:\/\/temucotelevision.cl\/web\/wp-content\/plugins\/page-views-count\/ajax-loader-2x.gif\" border=0 \/><\/p><div class=\"pvc_clear\"><\/div>\n<p><br>La Araucan\u00eda tendr\u00e1 una nueva voz femenina en la carrera parlamentaria. Claudia Salas Melinao, oriunda de la regi\u00f3n y hermana del exgoleador hist\u00f3rico de la selecci\u00f3n chilena, Marcelo Salas, anunci\u00f3 oficialmente su candidatura a diputada por el Distrito 23, con una propuesta centrada en las verdaderas necesidades de las comunidades locales.<\/p>\n\n\n\n<p><br>Con una mirada independiente y un fuerte compromiso con la regi\u00f3n, Claudia Salas busca impulsar iniciativas concretas para mejorar la salud p\u00fablica, la conectividad rural y la seguridad ciudadana, temas que considera prioritarios para el desarrollo equilibrado de La Araucan\u00eda.<\/p>\n\n\n\n<p><br>Asimismo, la candidata destac\u00f3 su amplia experiencia en el \u00e1mbito deportivo, la cual pretende poner al servicio de la comunidad a trav\u00e9s de pol\u00edticas que promuevan un mayor acceso, cobertura y oportunidades en el deporte, especialmente para j\u00f3venes y mujeres.<\/p>\n\n\n\n<p><br>\u201cSoy una mujer de La Araucan\u00eda, que conoce de cerca las carencias y los desaf\u00edos de nuestra regi\u00f3n. Mi compromiso es con las personas, no con los partidos. Creo que es momento de trabajar por una Araucan\u00eda m\u00e1s justa, con oportunidades reales en salud, educaci\u00f3n, emprendimiento y agricultura\u201d, se\u00f1al\u00f3 Salas Melinao durante la presentaci\u00f3n de su candidatura.<\/p>\n\n\n\n<p><br>Adem\u00e1s de su \u00e9nfasis en el deporte, Claudia propone fortalecer el emprendimiento local y la agricultura familiar, pilares \u2014a su juicio\u2014 fundamentales para el crecimiento econ\u00f3mico y social de la regi\u00f3n.<br>Con esta candidatura, Claudia Salas busca representar una nueva generaci\u00f3n de liderazgos regionales, cercanos, comprometidos y con una profunda ra\u00edz en el territorio.<\/p>\n","protected":false},"excerpt":{"rendered":"<div class=\"pvc_clear\"><\/div>\n<p id=\"pvc_stats_58545\" class=\"pvc_stats total_only  \" data-element-id=\"58545\" style=\"\"><i class=\"pvc-stats-icon large\" aria-hidden=\"true\"><svg aria-hidden=\"true\" focusable=\"false\" data-prefix=\"far\" data-icon=\"chart-bar\" role=\"img\" xmlns=\"http:\/\/www.w3.org\/2000\/svg\" viewBox=\"0 0 512 512\" class=\"svg-inline--fa fa-chart-bar fa-w-16 fa-2x\"><path fill=\"currentColor\" d=\"M396.8 352h22.4c6.4 0 12.8-6.4 12.8-12.8V108.8c0-6.4-6.4-12.8-12.8-12.8h-22.4c-6.4 0-12.8 6.4-12.8 12.8v230.4c0 6.4 6.4 12.8 12.8 12.8zm-192 0h22.4c6.4 0 12.8-6.4 12.8-12.8V140.8c0-6.4-6.4-12.8-12.8-12.8h-22.4c-6.4 0-12.8 6.4-12.8 12.8v198.4c0 6.4 6.4 12.8 12.8 12.8zm96 0h22.4c6.4 0 12.8-6.4 12.8-12.8V204.8c0-6.4-6.4-12.8-12.8-12.8h-22.4c-6.4 0-12.8 6.4-12.8 12.8v134.4c0 6.4 6.4 12.8 12.8 12.8zM496 400H48V80c0-8.84-7.16-16-16-16H16C7.16 64 0 71.16 0 80v336c0 17.67 14.33 32 32 32h464c8.84 0 16-7.16 16-16v-16c0-8.84-7.16-16-16-16zm-387.2-48h22.4c6.4 0 12.8-6.4 12.8-12.8v-70.4c0-6.4-6.4-12.8-12.8-12.8h-22.4c-6.4 0-12.8 6.4-12.8 12.8v70.4c0 6.4 6.4 12.8 12.8 12.8z\" class=\"\"><\/path><\/svg><\/i> <img loading=\"lazy\" decoding=\"async\" width=\"16\" height=\"16\" alt=\"Loading\" src=\"https:\/\/temucotelevision.cl\/web\/wp-content\/plugins\/page-views-count\/ajax-loader-2x.gif\" border=0 \/><\/p>\n<div class=\"pvc_clear\"><\/div>\n<p>La Araucan\u00eda tendr\u00e1 una nueva voz femenina en la carrera parlamentaria. Claudia Salas Melinao, oriunda de la regi\u00f3n y hermana<\/p>\n","protected":false},"author":1,"featured_media":58546,"comment_status":"open","ping_status":"open","sticky":false,"template":"","format":"standard","meta":{"colormag_page_container_layout":"default_layout","colormag_page_sidebar_layout":"default_layout","footnotes":""},"categories":[84],"tags":[3293],"class_list":["post-58545","post","type-post","status-publish","format-standard","has-post-thumbnail","hentry","category-politica","tag-candidata"],"a3_pvc":{"activated":true,"total_views":1578,"today_views":0},"_links":{"self":[{"href":"https:\/\/temucotelevision.cl\/web\/wp-json\/wp\/v2\/posts\/58545","targetHints":{"allow":["GET"]}}],"collection":[{"href":"https:\/\/temucotelevision.cl\/web\/wp-json\/wp\/v2\/posts"}],"about":[{"href":"https:\/\/temucotelevision.cl\/web\/wp-json\/wp\/v2\/types\/post"}],"author":[{"embeddable":true,"href":"https:\/\/temucotelevision.cl\/web\/wp-json\/wp\/v2\/users\/1"}],"replies":[{"embeddable":true,"href":"https:\/\/temucotelevision.cl\/web\/wp-json\/wp\/v2\/comments?post=58545"}],"version-history":[{"count":1,"href":"https:\/\/temucotelevision.cl\/web\/wp-json\/wp\/v2\/posts\/58545\/revisions"}],"predecessor-version":[{"id":58547,"href":"https:\/\/temucotelevision.cl\/web\/wp-json\/wp\/v2\/posts\/58545\/revisions\/58547"}],"wp:featuredmedia":[{"embeddable":true,"href":"https:\/\/temucotelevision.cl\/web\/wp-json\/wp\/v2\/media\/58546"}],"wp:attachment":[{"href":"https:\/\/temucotelevision.cl\/web\/wp-json\/wp\/v2\/media?parent=58545"}],"wp:term":[{"taxonomy":"category","embeddable":true,"href":"https:\/\/temucotelevision.cl\/web\/wp-json\/wp\/v2\/categories?post=58545"},{"taxonomy":"post_tag","embeddable":true,"href":"https:\/\/temucotelevision.cl\/web\/wp-json\/wp\/v2\/tags?post=58545"}],"curies":[{"name":"wp","href":"https:\/\/api.w.org\/{rel}","templated":true}]}}