{"id":58540,"date":"2025-10-13T17:00:03","date_gmt":"2025-10-13T20:00:03","guid":{"rendered":"https:\/\/temucotelevision.cl\/web\/?p=58540"},"modified":"2025-10-13T17:00:07","modified_gmt":"2025-10-13T20:00:07","slug":"temuco-vivira-un-sabado-dulce-sahne-nuss-regalara-la-tableta-de-chocolate-mas-grande-de-su-historia","status":"publish","type":"post","link":"https:\/\/temucotelevision.cl\/web\/2025\/10\/13\/temuco-vivira-un-sabado-dulce-sahne-nuss-regalara-la-tableta-de-chocolate-mas-grande-de-su-historia\/","title":{"rendered":"Temuco vivir\u00e1 un s\u00e1bado dulce: Sahne-Nuss regalar\u00e1 la tableta de chocolate m\u00e1s grande de su historia"},"content":{"rendered":"<div class=\"pvc_clear\"><\/div><p id=\"pvc_stats_58540\" class=\"pvc_stats total_only  \" data-element-id=\"58540\" style=\"\"><i class=\"pvc-stats-icon large\" aria-hidden=\"true\"><svg aria-hidden=\"true\" focusable=\"false\" data-prefix=\"far\" data-icon=\"chart-bar\" role=\"img\" xmlns=\"http:\/\/www.w3.org\/2000\/svg\" viewBox=\"0 0 512 512\" class=\"svg-inline--fa fa-chart-bar fa-w-16 fa-2x\"><path fill=\"currentColor\" d=\"M396.8 352h22.4c6.4 0 12.8-6.4 12.8-12.8V108.8c0-6.4-6.4-12.8-12.8-12.8h-22.4c-6.4 0-12.8 6.4-12.8 12.8v230.4c0 6.4 6.4 12.8 12.8 12.8zm-192 0h22.4c6.4 0 12.8-6.4 12.8-12.8V140.8c0-6.4-6.4-12.8-12.8-12.8h-22.4c-6.4 0-12.8 6.4-12.8 12.8v198.4c0 6.4 6.4 12.8 12.8 12.8zm96 0h22.4c6.4 0 12.8-6.4 12.8-12.8V204.8c0-6.4-6.4-12.8-12.8-12.8h-22.4c-6.4 0-12.8 6.4-12.8 12.8v134.4c0 6.4 6.4 12.8 12.8 12.8zM496 400H48V80c0-8.84-7.16-16-16-16H16C7.16 64 0 71.16 0 80v336c0 17.67 14.33 32 32 32h464c8.84 0 16-7.16 16-16v-16c0-8.84-7.16-16-16-16zm-387.2-48h22.4c6.4 0 12.8-6.4 12.8-12.8v-70.4c0-6.4-6.4-12.8-12.8-12.8h-22.4c-6.4 0-12.8 6.4-12.8 12.8v70.4c0 6.4 6.4 12.8 12.8 12.8z\" class=\"\"><\/path><\/svg><\/i> <img loading=\"lazy\" decoding=\"async\" width=\"16\" height=\"16\" alt=\"Loading\" src=\"https:\/\/temucotelevision.cl\/web\/wp-content\/plugins\/page-views-count\/ajax-loader-2x.gif\" border=0 \/><\/p><div class=\"pvc_clear\"><\/div>\n<p>\u00b7&nbsp;&nbsp;&nbsp;&nbsp;&nbsp;&nbsp;&nbsp;<strong>Este s\u00e1bado en Parque Urbano Isla Caut\u00edn, se realizar\u00e1 un gran evento en el que<\/strong>&nbsp;<strong>los asistentes podr\u00e1n mostrar su talento para obtener el codiciado premio entregado por Sahne-Nuss.<\/strong><\/p>\n\n\n\n<p>Este fin de semana ser\u00e1 especial en la regi\u00f3n de La Araucan\u00eda. El s\u00e1bado desde las 16 horas se realizar\u00e1 un gran evento organizado por Sahne-Nuss, en el que los temuquenses y todos los vecinos de las localidades cercanas podr\u00e1n competir por ganar la tableta de chocolate m\u00e1s grande de la historia de la reconocida marca, con un peso de 4,5 kilos.<\/p>\n\n\n\n<p>La actividad incluir\u00e1 juegos, desaf\u00edos y experiencias. Todo terminar\u00e1 con la entrega del premio mayor que se realizar\u00e1 en el escenario instalado en el emblem\u00e1tico sector de la ciudad.<\/p>\n\n\n\n<p>La jornada al aire libre contar\u00e1 con una competencia de Lip Sync Challenge, donde los participantes se caracterizar\u00e1n como sus \u00eddolos musicales para interpretar canciones ic\u00f3nicas y realizar\u00e1n una coreograf\u00eda acorde con el artista que estar\u00e1n interpretando. Adem\u00e1s, habr\u00e1 m\u00fasica con un Dj en vivo, juegos interactivos, zonas de descanso y variedades de juegos con muchas sorpresas.<\/p>\n\n\n\n<p>Esta actividad de Sahne-Nuss ya se realiz\u00f3 con gran \u00e9xito en Maip\u00fa, Rancagua, La Serena y Puerto Varas, comunas a las que llegaron miles de personas. Luego el tour recorrer\u00e1 Concepci\u00f3n y Vi\u00f1a del Mar.<\/p>\n\n\n\n<p>\u201cSahne-Nuss es una de las marcas m\u00e1s queridas por nuestros consumidores y hoy queremos sorprenderlos con actividades que rescatan toda la creatividad y dulzura que nos caracteriza. Valoramos profundamente su lealtad durante nuestros m\u00e1s de 100 a\u00f1os, y por eso decidimos sortear el chocolate Sahne-Nuss m\u00e1s grande la historia\u201d, coment\u00f3 Karem Mu\u00f1oz, Gerente de Marketing de Chocolates Nestl\u00e9.<\/p>\n\n\n\n<p>Quienes lleguen al Parque urbano Isla Caut\u00edn de Temuco este s\u00e1bado desde las 16 horas estar\u00e1n participando, adem\u00e1s, por un a\u00f1o de chocolate Sahne-Nuss gratis.&nbsp;<\/p>\n\n\n\n<figure class=\"wp-block-image size-large\"><img loading=\"lazy\" decoding=\"async\" width=\"1000\" height=\"667\" src=\"https:\/\/temucotelevision.cl\/web\/wp-content\/uploads\/2025\/10\/1H5A6281-min-4-1000x667.jpg\" alt=\"\" class=\"wp-image-58543\" srcset=\"https:\/\/temucotelevision.cl\/web\/wp-content\/uploads\/2025\/10\/1H5A6281-min-4-1000x667.jpg 1000w, https:\/\/temucotelevision.cl\/web\/wp-content\/uploads\/2025\/10\/1H5A6281-min-4-768x512.jpg 768w, https:\/\/temucotelevision.cl\/web\/wp-content\/uploads\/2025\/10\/1H5A6281-min-4-1536x1024.jpg 1536w, https:\/\/temucotelevision.cl\/web\/wp-content\/uploads\/2025\/10\/1H5A6281-min-4-2048x1365.jpg 2048w\" sizes=\"auto, (max-width: 1000px) 100vw, 1000px\" \/><\/figure>\n","protected":false},"excerpt":{"rendered":"<div class=\"pvc_clear\"><\/div>\n<p id=\"pvc_stats_58540\" class=\"pvc_stats total_only  \" data-element-id=\"58540\" style=\"\"><i class=\"pvc-stats-icon large\" aria-hidden=\"true\"><svg aria-hidden=\"true\" focusable=\"false\" data-prefix=\"far\" data-icon=\"chart-bar\" role=\"img\" xmlns=\"http:\/\/www.w3.org\/2000\/svg\" viewBox=\"0 0 512 512\" class=\"svg-inline--fa fa-chart-bar fa-w-16 fa-2x\"><path fill=\"currentColor\" d=\"M396.8 352h22.4c6.4 0 12.8-6.4 12.8-12.8V108.8c0-6.4-6.4-12.8-12.8-12.8h-22.4c-6.4 0-12.8 6.4-12.8 12.8v230.4c0 6.4 6.4 12.8 12.8 12.8zm-192 0h22.4c6.4 0 12.8-6.4 12.8-12.8V140.8c0-6.4-6.4-12.8-12.8-12.8h-22.4c-6.4 0-12.8 6.4-12.8 12.8v198.4c0 6.4 6.4 12.8 12.8 12.8zm96 0h22.4c6.4 0 12.8-6.4 12.8-12.8V204.8c0-6.4-6.4-12.8-12.8-12.8h-22.4c-6.4 0-12.8 6.4-12.8 12.8v134.4c0 6.4 6.4 12.8 12.8 12.8zM496 400H48V80c0-8.84-7.16-16-16-16H16C7.16 64 0 71.16 0 80v336c0 17.67 14.33 32 32 32h464c8.84 0 16-7.16 16-16v-16c0-8.84-7.16-16-16-16zm-387.2-48h22.4c6.4 0 12.8-6.4 12.8-12.8v-70.4c0-6.4-6.4-12.8-12.8-12.8h-22.4c-6.4 0-12.8 6.4-12.8 12.8v70.4c0 6.4 6.4 12.8 12.8 12.8z\" class=\"\"><\/path><\/svg><\/i> <img loading=\"lazy\" decoding=\"async\" width=\"16\" height=\"16\" alt=\"Loading\" src=\"https:\/\/temucotelevision.cl\/web\/wp-content\/plugins\/page-views-count\/ajax-loader-2x.gif\" border=0 \/><\/p>\n<div class=\"pvc_clear\"><\/div>\n<p>\u00b7&nbsp;&nbsp;&nbsp;&nbsp;&nbsp;&nbsp;&nbsp;Este s\u00e1bado en Parque Urbano Isla Caut\u00edn, se realizar\u00e1 un gran evento en el que&nbsp;los asistentes podr\u00e1n mostrar su talento<\/p>\n","protected":false},"author":1,"featured_media":58542,"comment_status":"open","ping_status":"open","sticky":false,"template":"","format":"standard","meta":{"colormag_page_container_layout":"default_layout","colormag_page_sidebar_layout":"default_layout","footnotes":""},"categories":[86],"tags":[5221],"class_list":["post-58540","post","type-post","status-publish","format-standard","has-post-thumbnail","hentry","category-panoramas","tag-chocolate"],"a3_pvc":{"activated":true,"total_views":7051,"today_views":0},"_links":{"self":[{"href":"https:\/\/temucotelevision.cl\/web\/wp-json\/wp\/v2\/posts\/58540","targetHints":{"allow":["GET"]}}],"collection":[{"href":"https:\/\/temucotelevision.cl\/web\/wp-json\/wp\/v2\/posts"}],"about":[{"href":"https:\/\/temucotelevision.cl\/web\/wp-json\/wp\/v2\/types\/post"}],"author":[{"embeddable":true,"href":"https:\/\/temucotelevision.cl\/web\/wp-json\/wp\/v2\/users\/1"}],"replies":[{"embeddable":true,"href":"https:\/\/temucotelevision.cl\/web\/wp-json\/wp\/v2\/comments?post=58540"}],"version-history":[{"count":2,"href":"https:\/\/temucotelevision.cl\/web\/wp-json\/wp\/v2\/posts\/58540\/revisions"}],"predecessor-version":[{"id":58544,"href":"https:\/\/temucotelevision.cl\/web\/wp-json\/wp\/v2\/posts\/58540\/revisions\/58544"}],"wp:featuredmedia":[{"embeddable":true,"href":"https:\/\/temucotelevision.cl\/web\/wp-json\/wp\/v2\/media\/58542"}],"wp:attachment":[{"href":"https:\/\/temucotelevision.cl\/web\/wp-json\/wp\/v2\/media?parent=58540"}],"wp:term":[{"taxonomy":"category","embeddable":true,"href":"https:\/\/temucotelevision.cl\/web\/wp-json\/wp\/v2\/categories?post=58540"},{"taxonomy":"post_tag","embeddable":true,"href":"https:\/\/temucotelevision.cl\/web\/wp-json\/wp\/v2\/tags?post=58540"}],"curies":[{"name":"wp","href":"https:\/\/api.w.org\/{rel}","templated":true}]}}