{"id":58517,"date":"2025-10-12T21:09:39","date_gmt":"2025-10-13T00:09:39","guid":{"rendered":"https:\/\/temucotelevision.cl\/web\/?p=58517"},"modified":"2025-10-12T21:13:10","modified_gmt":"2025-10-13T00:13:10","slug":"orquesta-sinfonica-juvenil-regional-del-biobio-ofrecera-conciertos-de-gala-y-comunidad-en-concepcion-y-los-angeles","status":"publish","type":"post","link":"https:\/\/temucotelevision.cl\/web\/2025\/10\/12\/orquesta-sinfonica-juvenil-regional-del-biobio-ofrecera-conciertos-de-gala-y-comunidad-en-concepcion-y-los-angeles\/","title":{"rendered":"Orquesta Sinf\u00f3nica Juvenil Regional del Biob\u00edo ofrecer\u00e1 conciertos de gala y comunidad en Concepci\u00f3n y Los \u00c1ngeles"},"content":{"rendered":"<div class=\"pvc_clear\"><\/div><p id=\"pvc_stats_58517\" class=\"pvc_stats total_only  \" data-element-id=\"58517\" style=\"\"><i class=\"pvc-stats-icon large\" aria-hidden=\"true\"><svg aria-hidden=\"true\" focusable=\"false\" data-prefix=\"far\" data-icon=\"chart-bar\" role=\"img\" xmlns=\"http:\/\/www.w3.org\/2000\/svg\" viewBox=\"0 0 512 512\" class=\"svg-inline--fa fa-chart-bar fa-w-16 fa-2x\"><path fill=\"currentColor\" d=\"M396.8 352h22.4c6.4 0 12.8-6.4 12.8-12.8V108.8c0-6.4-6.4-12.8-12.8-12.8h-22.4c-6.4 0-12.8 6.4-12.8 12.8v230.4c0 6.4 6.4 12.8 12.8 12.8zm-192 0h22.4c6.4 0 12.8-6.4 12.8-12.8V140.8c0-6.4-6.4-12.8-12.8-12.8h-22.4c-6.4 0-12.8 6.4-12.8 12.8v198.4c0 6.4 6.4 12.8 12.8 12.8zm96 0h22.4c6.4 0 12.8-6.4 12.8-12.8V204.8c0-6.4-6.4-12.8-12.8-12.8h-22.4c-6.4 0-12.8 6.4-12.8 12.8v134.4c0 6.4 6.4 12.8 12.8 12.8zM496 400H48V80c0-8.84-7.16-16-16-16H16C7.16 64 0 71.16 0 80v336c0 17.67 14.33 32 32 32h464c8.84 0 16-7.16 16-16v-16c0-8.84-7.16-16-16-16zm-387.2-48h22.4c6.4 0 12.8-6.4 12.8-12.8v-70.4c0-6.4-6.4-12.8-12.8-12.8h-22.4c-6.4 0-12.8 6.4-12.8 12.8v70.4c0 6.4 6.4 12.8 12.8 12.8z\" class=\"\"><\/path><\/svg><\/i> <img loading=\"lazy\" decoding=\"async\" width=\"16\" height=\"16\" alt=\"Loading\" src=\"https:\/\/temucotelevision.cl\/web\/wp-content\/plugins\/page-views-count\/ajax-loader-2x.gif\" border=0 \/><\/p><div class=\"pvc_clear\"><\/div>\n<p><strong>Las presentaciones mostrar\u00e1n el talento de 71 j\u00f3venes m\u00fasicos de la regi\u00f3n, con un repertorio que combina obras cl\u00e1sicas y contempor\u00e1neas.<\/strong><\/p>\n\n\n\n<p>Tras un a\u00f1o de preparaci\u00f3n, la Orquesta Sinf\u00f3nica Juvenil Regional del Biob\u00edo (OSJR Biob\u00edo), perteneciente a la Fundaci\u00f3n de Orquestas Juveniles e Infantiles de Chile (FOJI), ofrecer\u00e1 dos conciertos abiertos a toda la comunidad: el mi\u00e9rcoles 15 de octubre a las 19.00 horas en el <strong>Teatro de la Universidad de Concepci\u00f3n<\/strong> y el viernes 17 a las 18.30 horas en el <strong>Teatro Municipal de Los \u00c1ngeles, <\/strong>esta \u00faltima presentaci\u00f3n tendr\u00e1 como n\u00famero de apertura a la Orquesta Sinf\u00f3nica Juvenil de C\u00e1mara de Los \u00c1ngeles, dirigida por el maestro Diego Guti\u00e9rrez.<br><\/p>\n\n\n\n<p>Bajo la direcci\u00f3n de la maestra Alejandra Rivas, la agrupaci\u00f3n integrada por 71 ni\u00f1os, ni\u00f1as y j\u00f3venes de entre 13 y 22 a\u00f1os, provenientes de 20 comunas del Biob\u00edo, presentar\u00e1 un programa que re\u00fane melod\u00edas conocidas de la m\u00fasica docta internacional, as\u00ed como tambi\u00e9n sonoridades m\u00e1s actuales y provenientes de nuestro continente.\u00a0<\/p>\n\n\n\n<p>En detalle, la <strong>OSRJ del Biob\u00edo interpretar\u00e1 la Sinfon\u00eda N\u00b08 \u201cInconclusa\u201d, de Franz Schubert; \u201cConcertino para flauta y orquesta en Re Mayor, Opus 107\u201d, de C\u00e9cile Chaminade; \u201cDanza del sable\u201d, de Aram Kachaturi\u00e1n arreglo para ensamble de percusi\u00f3n de Gipson Reyes; \u201cYin Yin, Homenaje a Gabriela Mistral\u201d, de Jaime Cofr\u00e9; y \u201cHuapango\u201d,<\/strong> de Jos\u00e9 Pablo Moncayo.\u00a0<\/p>\n\n\n\n<p>La seremi de las Culturas, las Artes y el Patrimonio del Biob\u00edo, <strong>Paloma Z\u00fa\u00f1iga<\/strong>, valor\u00f3 el impacto positivo de estas experiencias en la formaci\u00f3n integral de las juventudes.<strong> \u201cLa m\u00fasica potencia habilidades cognitivas, emocionales y sociales que acompa\u00f1an a ni\u00f1os, ni\u00f1as y adolescentes toda la vida. Ver el nivel de interpretaci\u00f3n y entrega que logran en cada concierto es inspirador; demuestra c\u00f3mo el arte es una herramienta poderosa para el desarrollo humano y la cohesi\u00f3n comunitaria. Ser\u00e1 un concierto imperdible\u201d, <\/strong>agreg\u00f3.<\/p>\n\n\n\n<p>En la misma l\u00ednea, <strong>Pablo Aranda<\/strong>, compositor y director ejecutivo de FOJI destac\u00f3 que <strong>\u201clos conciertos de la Orquesta Sinf\u00f3nica Juvenil Regional Biob\u00edo, son una oportunidad para apreciar el compromiso, la disciplina y el esfuerzo que todos los j\u00f3venes m\u00fasicos han desarrollado durante todo el a\u00f1o. Cada nota que interpretan es fruto de un proceso de formaci\u00f3n exigente, donde el rigor se transforma en crecimiento personal y colectivo\u201d.<\/strong><\/p>\n\n\n\n<p>Se\u00f1alar que la orquesta angelina invitada tocar\u00e1 un repertorio que incluye las obras \u201c<strong>Libertango\u201d, de Astor Piazzolla; \u201cDance of Iscariot\u201d y \u201cWaltz of the Wicked\u201d, de\u00a0 Kirt Mosier; y \u201cThe Best of Queen\u201d, arreglo de Larry Moore.<\/strong><\/p>\n\n\n\n<figure class=\"wp-block-image alignleft size-large is-resized\"><img loading=\"lazy\" decoding=\"async\" width=\"799\" height=\"1000\" src=\"https:\/\/temucotelevision.cl\/web\/wp-content\/uploads\/2025\/10\/1000309556-799x1000.jpg\" alt=\"\" class=\"wp-image-58521\" style=\"width:481px;height:auto\" srcset=\"https:\/\/temucotelevision.cl\/web\/wp-content\/uploads\/2025\/10\/1000309556-799x1000.jpg 799w, https:\/\/temucotelevision.cl\/web\/wp-content\/uploads\/2025\/10\/1000309556-768x961.jpg 768w, https:\/\/temucotelevision.cl\/web\/wp-content\/uploads\/2025\/10\/1000309556-1228x1536.jpg 1228w, https:\/\/temucotelevision.cl\/web\/wp-content\/uploads\/2025\/10\/1000309556.jpg 1279w\" sizes=\"auto, (max-width: 799px) 100vw, 799px\" \/><\/figure>\n\n\n\n<p><strong>Una trayectoria formativa<\/strong><\/p>\n\n\n\n<p>La OSJR Biob\u00edo ha representado a la regi\u00f3n en destacados escenarios y encuentros nacionales de FOJI, consolid\u00e1ndose como una de las agrupaciones m\u00e1s s\u00f3lidas del pa\u00eds. Desde su creaci\u00f3n, ha formado a decenas de int\u00e9rpretes que hoy integran orquestas profesionales o contin\u00faan estudios musicales superiores.<\/p>\n\n\n\n<p>La maestra <strong>Alejandra Rivas<\/strong> subray\u00f3 que \u201cel trabajo con las orquestas juveniles es donde se produce la creaci\u00f3n de audiencias y la verdadera transformaci\u00f3n de la sociedad. Una labor sostenida por m\u00e1s de una d\u00e9cada que ha llevado adelante, de manera destacada y sobresaliente, FOJI con una gran estructura como respaldo. Si bien estoy a cargo de la direcci\u00f3n musical, hay detr\u00e1s todo un equipo de instructores que hace todo el trabajo previo, ya sea de los ensayos parciales como los seccionales, que es lo m\u00e1s espec\u00edfico. Es una labor fundamental\u201d.<\/p>\n\n\n\n<p><strong>Mar\u00eda Paz Poblete<\/strong> (flautista) es una de las integrantes de este a\u00f1o, se\u00f1alando la gran experiencia que ha significado el trabajo realizado dentro de estos meses, lo que desembocar\u00e1 en los conciertos de mediados de mes. \u201cEste es mi tercer a\u00f1o como parte de esta orquesta, y esta temporada en particular ha sido de crecimiento tanto musical como de conocer a mis compa\u00f1eras y compa\u00f1eros. Hemos tenido mayores instancias para conocernos, lo cual ha aportado mucho en las jornadas de ensayos y de preparaci\u00f3n -individual como grupales- para los conciertos que se vienen. Tenemos obras que representan un desaf\u00edo interesante y de mayor nivel, las hemos abordado de gran manera y queda muy poquito para poder mostrarlas a la comunidad. Vamos avanzando s\u00faper bien\u201d.<\/p>\n\n\n\n<p><strong>Fundada en 2001, la FOJI -financiada por el Ministerio de las Culturas, las Artes y el Patrimonio- ha impulsado el movimiento orquestal juvenil en Chile, apoyando a m\u00e1s de 1.200 ni\u00f1os y j\u00f3venes con formaci\u00f3n, instrumentos y becas en todo el territorio nacional.<\/strong><\/p>\n\n\n\n<p>Ambos conciertos ser\u00e1n de acceso liberado, invitando a las comunidades del Biob\u00edo a disfrutar del talento y compromiso de esta generaci\u00f3n de j\u00f3venes m\u00fasicos que mantienen viva la tradici\u00f3n sinf\u00f3nica del pa\u00eds.<\/p>\n","protected":false},"excerpt":{"rendered":"<div class=\"pvc_clear\"><\/div>\n<p id=\"pvc_stats_58517\" class=\"pvc_stats total_only  \" data-element-id=\"58517\" style=\"\"><i class=\"pvc-stats-icon large\" aria-hidden=\"true\"><svg aria-hidden=\"true\" focusable=\"false\" data-prefix=\"far\" data-icon=\"chart-bar\" role=\"img\" xmlns=\"http:\/\/www.w3.org\/2000\/svg\" viewBox=\"0 0 512 512\" class=\"svg-inline--fa fa-chart-bar fa-w-16 fa-2x\"><path fill=\"currentColor\" d=\"M396.8 352h22.4c6.4 0 12.8-6.4 12.8-12.8V108.8c0-6.4-6.4-12.8-12.8-12.8h-22.4c-6.4 0-12.8 6.4-12.8 12.8v230.4c0 6.4 6.4 12.8 12.8 12.8zm-192 0h22.4c6.4 0 12.8-6.4 12.8-12.8V140.8c0-6.4-6.4-12.8-12.8-12.8h-22.4c-6.4 0-12.8 6.4-12.8 12.8v198.4c0 6.4 6.4 12.8 12.8 12.8zm96 0h22.4c6.4 0 12.8-6.4 12.8-12.8V204.8c0-6.4-6.4-12.8-12.8-12.8h-22.4c-6.4 0-12.8 6.4-12.8 12.8v134.4c0 6.4 6.4 12.8 12.8 12.8zM496 400H48V80c0-8.84-7.16-16-16-16H16C7.16 64 0 71.16 0 80v336c0 17.67 14.33 32 32 32h464c8.84 0 16-7.16 16-16v-16c0-8.84-7.16-16-16-16zm-387.2-48h22.4c6.4 0 12.8-6.4 12.8-12.8v-70.4c0-6.4-6.4-12.8-12.8-12.8h-22.4c-6.4 0-12.8 6.4-12.8 12.8v70.4c0 6.4 6.4 12.8 12.8 12.8z\" class=\"\"><\/path><\/svg><\/i> <img loading=\"lazy\" decoding=\"async\" width=\"16\" height=\"16\" alt=\"Loading\" src=\"https:\/\/temucotelevision.cl\/web\/wp-content\/plugins\/page-views-count\/ajax-loader-2x.gif\" border=0 \/><\/p>\n<div class=\"pvc_clear\"><\/div>\n<p>Las presentaciones mostrar\u00e1n el talento de 71 j\u00f3venes m\u00fasicos de la regi\u00f3n, con un repertorio que combina obras cl\u00e1sicas y<\/p>\n","protected":false},"author":143,"featured_media":58520,"comment_status":"open","ping_status":"open","sticky":false,"template":"","format":"standard","meta":{"colormag_page_container_layout":"default_layout","colormag_page_sidebar_layout":"default_layout","footnotes":""},"categories":[369,86],"tags":[],"class_list":["post-58517","post","type-post","status-publish","format-standard","has-post-thumbnail","hentry","category-musica","category-panoramas"],"a3_pvc":{"activated":true,"total_views":29,"today_views":0},"_links":{"self":[{"href":"https:\/\/temucotelevision.cl\/web\/wp-json\/wp\/v2\/posts\/58517","targetHints":{"allow":["GET"]}}],"collection":[{"href":"https:\/\/temucotelevision.cl\/web\/wp-json\/wp\/v2\/posts"}],"about":[{"href":"https:\/\/temucotelevision.cl\/web\/wp-json\/wp\/v2\/types\/post"}],"author":[{"embeddable":true,"href":"https:\/\/temucotelevision.cl\/web\/wp-json\/wp\/v2\/users\/143"}],"replies":[{"embeddable":true,"href":"https:\/\/temucotelevision.cl\/web\/wp-json\/wp\/v2\/comments?post=58517"}],"version-history":[{"count":2,"href":"https:\/\/temucotelevision.cl\/web\/wp-json\/wp\/v2\/posts\/58517\/revisions"}],"predecessor-version":[{"id":58522,"href":"https:\/\/temucotelevision.cl\/web\/wp-json\/wp\/v2\/posts\/58517\/revisions\/58522"}],"wp:featuredmedia":[{"embeddable":true,"href":"https:\/\/temucotelevision.cl\/web\/wp-json\/wp\/v2\/media\/58520"}],"wp:attachment":[{"href":"https:\/\/temucotelevision.cl\/web\/wp-json\/wp\/v2\/media?parent=58517"}],"wp:term":[{"taxonomy":"category","embeddable":true,"href":"https:\/\/temucotelevision.cl\/web\/wp-json\/wp\/v2\/categories?post=58517"},{"taxonomy":"post_tag","embeddable":true,"href":"https:\/\/temucotelevision.cl\/web\/wp-json\/wp\/v2\/tags?post=58517"}],"curies":[{"name":"wp","href":"https:\/\/api.w.org\/{rel}","templated":true}]}}