{"id":58477,"date":"2025-10-08T20:37:59","date_gmt":"2025-10-08T23:37:59","guid":{"rendered":"https:\/\/temucotelevision.cl\/web\/?p=58477"},"modified":"2025-10-08T20:38:01","modified_gmt":"2025-10-08T23:38:01","slug":"beltran-impulsa-gestion-para-garantizar-agua-potable-a-comites-habitacionales-de-lonquimay","status":"publish","type":"post","link":"https:\/\/temucotelevision.cl\/web\/2025\/10\/08\/beltran-impulsa-gestion-para-garantizar-agua-potable-a-comites-habitacionales-de-lonquimay\/","title":{"rendered":"Beltr\u00e1n impulsa gesti\u00f3n para garantizar agua potable a comit\u00e9s habitacionales de Lonquimay"},"content":{"rendered":"<div class=\"pvc_clear\"><\/div><p id=\"pvc_stats_58477\" class=\"pvc_stats total_only  \" data-element-id=\"58477\" style=\"\"><i class=\"pvc-stats-icon large\" aria-hidden=\"true\"><svg aria-hidden=\"true\" focusable=\"false\" data-prefix=\"far\" data-icon=\"chart-bar\" role=\"img\" xmlns=\"http:\/\/www.w3.org\/2000\/svg\" viewBox=\"0 0 512 512\" class=\"svg-inline--fa fa-chart-bar fa-w-16 fa-2x\"><path fill=\"currentColor\" d=\"M396.8 352h22.4c6.4 0 12.8-6.4 12.8-12.8V108.8c0-6.4-6.4-12.8-12.8-12.8h-22.4c-6.4 0-12.8 6.4-12.8 12.8v230.4c0 6.4 6.4 12.8 12.8 12.8zm-192 0h22.4c6.4 0 12.8-6.4 12.8-12.8V140.8c0-6.4-6.4-12.8-12.8-12.8h-22.4c-6.4 0-12.8 6.4-12.8 12.8v198.4c0 6.4 6.4 12.8 12.8 12.8zm96 0h22.4c6.4 0 12.8-6.4 12.8-12.8V204.8c0-6.4-6.4-12.8-12.8-12.8h-22.4c-6.4 0-12.8 6.4-12.8 12.8v134.4c0 6.4 6.4 12.8 12.8 12.8zM496 400H48V80c0-8.84-7.16-16-16-16H16C7.16 64 0 71.16 0 80v336c0 17.67 14.33 32 32 32h464c8.84 0 16-7.16 16-16v-16c0-8.84-7.16-16-16-16zm-387.2-48h22.4c6.4 0 12.8-6.4 12.8-12.8v-70.4c0-6.4-6.4-12.8-12.8-12.8h-22.4c-6.4 0-12.8 6.4-12.8 12.8v70.4c0 6.4 6.4 12.8 12.8 12.8z\" class=\"\"><\/path><\/svg><\/i> <img loading=\"lazy\" decoding=\"async\" width=\"16\" height=\"16\" alt=\"Loading\" src=\"https:\/\/temucotelevision.cl\/web\/wp-content\/plugins\/page-views-count\/ajax-loader-2x.gif\" border=0 \/><\/p><div class=\"pvc_clear\"><\/div>\n<p>El Parlamentario Mallequino pidi\u00f3 al Minvu y a la Superintendencia de Servicios Sanitarios estudiar alternativas para otorgar factibilidad de agua y alcantarillado a m\u00e1s de 130 familias de la comuna.<\/p>\n\n\n\n<p>El diputado por el Distrito 22, Juan Carlos Beltr\u00e1n Silva, solicit\u00f3 al Ministerio de Vivienda y Urbanismo y a la Superintendencia de Servicios Sanitarios (SISS) adoptar medidas urgentes para resolver la falta de factibilidad de agua potable y alcantarillado que afecta a dos comit\u00e9s habitacionales de la comuna de Lonquimay.<\/p>\n\n\n\n<p>Durante una intervenci\u00f3n ante el pleno de la C\u00e1mara de Diputados, el Parlamentario Mallequino explic\u00f3 que la situaci\u00f3n le fue planteada por el alcalde Eduardo Y\u00e1\u00f1ez, el encargado de Vivienda, Jos\u00e9 Solar y las presidentas de los comit\u00e9s Entre Cordilleras y Araucarias, Teresa Par\u00eds y Cumbre de Lonquimay, Jocelyn Moya Larena que, en conjunto, representan a 130 familias que permanecen a la espera del avance de sus proyectos habitacionales.<\/p>\n\n\n\n<p>\u201cSeg\u00fan me han informado \u2014detall\u00f3\u2014 Aguas Araucan\u00eda no cuenta con la factibilidad de agua potable y alcantarillado por no encontrarse dentro del territorio operacional de la empresa. Sin embargo, nos mencionaron que existir\u00edan otros mecanismos que permitan otorgar los servicios de agua potable y alcantarillado para este grupo que est\u00e1 compuesto por 130 familias de Lonquimay\u201d.<\/p>\n\n\n\n<p>Al respecto, dijo que \u201csolicito que el Ministerio de Vivienda y la Superintendencia de Servicios Sanitarios estudien los antecedentes de este caso y trabajen de manera coordinada para encontrar una alternativa que permita factibilizar el agua potable y el alcantarillado para los comit\u00e9s Entre Cordilleras y Araucarias y Cumbre de Lonquimay\u201d.<\/p>\n\n\n\n<p>Finalmente Juan Carlos Beltr\u00e1n pidi\u00f3 \u201cesta respuesta sea dada en el plazo m\u00e1s breve posible, considerando la gran necesidad social de las familias que esperan cumplir el sue\u00f1o de la casa propia. Quiero recordar que tambi\u00e9n muchas de estas familias hoy d\u00eda est\u00e1n arrendando y no tienen un lugar en donde poder criar, formar y educar a sus hijos\u201d.<\/p>\n","protected":false},"excerpt":{"rendered":"<div class=\"pvc_clear\"><\/div>\n<p id=\"pvc_stats_58477\" class=\"pvc_stats total_only  \" data-element-id=\"58477\" style=\"\"><i class=\"pvc-stats-icon large\" aria-hidden=\"true\"><svg aria-hidden=\"true\" focusable=\"false\" data-prefix=\"far\" data-icon=\"chart-bar\" role=\"img\" xmlns=\"http:\/\/www.w3.org\/2000\/svg\" viewBox=\"0 0 512 512\" class=\"svg-inline--fa fa-chart-bar fa-w-16 fa-2x\"><path fill=\"currentColor\" d=\"M396.8 352h22.4c6.4 0 12.8-6.4 12.8-12.8V108.8c0-6.4-6.4-12.8-12.8-12.8h-22.4c-6.4 0-12.8 6.4-12.8 12.8v230.4c0 6.4 6.4 12.8 12.8 12.8zm-192 0h22.4c6.4 0 12.8-6.4 12.8-12.8V140.8c0-6.4-6.4-12.8-12.8-12.8h-22.4c-6.4 0-12.8 6.4-12.8 12.8v198.4c0 6.4 6.4 12.8 12.8 12.8zm96 0h22.4c6.4 0 12.8-6.4 12.8-12.8V204.8c0-6.4-6.4-12.8-12.8-12.8h-22.4c-6.4 0-12.8 6.4-12.8 12.8v134.4c0 6.4 6.4 12.8 12.8 12.8zM496 400H48V80c0-8.84-7.16-16-16-16H16C7.16 64 0 71.16 0 80v336c0 17.67 14.33 32 32 32h464c8.84 0 16-7.16 16-16v-16c0-8.84-7.16-16-16-16zm-387.2-48h22.4c6.4 0 12.8-6.4 12.8-12.8v-70.4c0-6.4-6.4-12.8-12.8-12.8h-22.4c-6.4 0-12.8 6.4-12.8 12.8v70.4c0 6.4 6.4 12.8 12.8 12.8z\" class=\"\"><\/path><\/svg><\/i> <img loading=\"lazy\" decoding=\"async\" width=\"16\" height=\"16\" alt=\"Loading\" src=\"https:\/\/temucotelevision.cl\/web\/wp-content\/plugins\/page-views-count\/ajax-loader-2x.gif\" border=0 \/><\/p>\n<div class=\"pvc_clear\"><\/div>\n<p>El Parlamentario Mallequino pidi\u00f3 al Minvu y a la Superintendencia de Servicios Sanitarios estudiar alternativas para otorgar factibilidad de agua<\/p>\n","protected":false},"author":1,"featured_media":58015,"comment_status":"open","ping_status":"open","sticky":false,"template":"","format":"standard","meta":{"colormag_page_container_layout":"default_layout","colormag_page_sidebar_layout":"default_layout","footnotes":""},"categories":[84],"tags":[154],"class_list":["post-58477","post","type-post","status-publish","format-standard","has-post-thumbnail","hentry","category-politica","tag-diputado"],"a3_pvc":{"activated":true,"total_views":3223,"today_views":0},"_links":{"self":[{"href":"https:\/\/temucotelevision.cl\/web\/wp-json\/wp\/v2\/posts\/58477","targetHints":{"allow":["GET"]}}],"collection":[{"href":"https:\/\/temucotelevision.cl\/web\/wp-json\/wp\/v2\/posts"}],"about":[{"href":"https:\/\/temucotelevision.cl\/web\/wp-json\/wp\/v2\/types\/post"}],"author":[{"embeddable":true,"href":"https:\/\/temucotelevision.cl\/web\/wp-json\/wp\/v2\/users\/1"}],"replies":[{"embeddable":true,"href":"https:\/\/temucotelevision.cl\/web\/wp-json\/wp\/v2\/comments?post=58477"}],"version-history":[{"count":1,"href":"https:\/\/temucotelevision.cl\/web\/wp-json\/wp\/v2\/posts\/58477\/revisions"}],"predecessor-version":[{"id":58478,"href":"https:\/\/temucotelevision.cl\/web\/wp-json\/wp\/v2\/posts\/58477\/revisions\/58478"}],"wp:featuredmedia":[{"embeddable":true,"href":"https:\/\/temucotelevision.cl\/web\/wp-json\/wp\/v2\/media\/58015"}],"wp:attachment":[{"href":"https:\/\/temucotelevision.cl\/web\/wp-json\/wp\/v2\/media?parent=58477"}],"wp:term":[{"taxonomy":"category","embeddable":true,"href":"https:\/\/temucotelevision.cl\/web\/wp-json\/wp\/v2\/categories?post=58477"},{"taxonomy":"post_tag","embeddable":true,"href":"https:\/\/temucotelevision.cl\/web\/wp-json\/wp\/v2\/tags?post=58477"}],"curies":[{"name":"wp","href":"https:\/\/api.w.org\/{rel}","templated":true}]}}