{"id":58475,"date":"2025-10-08T20:32:20","date_gmt":"2025-10-08T23:32:20","guid":{"rendered":"https:\/\/temucotelevision.cl\/web\/?p=58475"},"modified":"2025-10-08T20:32:21","modified_gmt":"2025-10-08T23:32:21","slug":"diputado-henry-leal-respalda-anhelado-proyecto-que-crea-nueva-defensoriade-las-victimas-pero-exige-adelantar-entrada-en-vigencia-en-la-araucania","status":"publish","type":"post","link":"https:\/\/temucotelevision.cl\/web\/2025\/10\/08\/diputado-henry-leal-respalda-anhelado-proyecto-que-crea-nueva-defensoriade-las-victimas-pero-exige-adelantar-entrada-en-vigencia-en-la-araucania\/","title":{"rendered":"Diputado Henry Leal respalda anhelado proyecto que crea nueva Defensor\u00edade las V\u00edctimas, pero exige adelantar entrada en vigencia en La Araucan\u00eda"},"content":{"rendered":"<div class=\"pvc_clear\"><\/div><p id=\"pvc_stats_58475\" class=\"pvc_stats total_only  \" data-element-id=\"58475\" style=\"\"><i class=\"pvc-stats-icon large\" aria-hidden=\"true\"><svg aria-hidden=\"true\" focusable=\"false\" data-prefix=\"far\" data-icon=\"chart-bar\" role=\"img\" xmlns=\"http:\/\/www.w3.org\/2000\/svg\" viewBox=\"0 0 512 512\" class=\"svg-inline--fa fa-chart-bar fa-w-16 fa-2x\"><path fill=\"currentColor\" d=\"M396.8 352h22.4c6.4 0 12.8-6.4 12.8-12.8V108.8c0-6.4-6.4-12.8-12.8-12.8h-22.4c-6.4 0-12.8 6.4-12.8 12.8v230.4c0 6.4 6.4 12.8 12.8 12.8zm-192 0h22.4c6.4 0 12.8-6.4 12.8-12.8V140.8c0-6.4-6.4-12.8-12.8-12.8h-22.4c-6.4 0-12.8 6.4-12.8 12.8v198.4c0 6.4 6.4 12.8 12.8 12.8zm96 0h22.4c6.4 0 12.8-6.4 12.8-12.8V204.8c0-6.4-6.4-12.8-12.8-12.8h-22.4c-6.4 0-12.8 6.4-12.8 12.8v134.4c0 6.4 6.4 12.8 12.8 12.8zM496 400H48V80c0-8.84-7.16-16-16-16H16C7.16 64 0 71.16 0 80v336c0 17.67 14.33 32 32 32h464c8.84 0 16-7.16 16-16v-16c0-8.84-7.16-16-16-16zm-387.2-48h22.4c6.4 0 12.8-6.4 12.8-12.8v-70.4c0-6.4-6.4-12.8-12.8-12.8h-22.4c-6.4 0-12.8 6.4-12.8 12.8v70.4c0 6.4 6.4 12.8 12.8 12.8z\" class=\"\"><\/path><\/svg><\/i> <img loading=\"lazy\" decoding=\"async\" width=\"16\" height=\"16\" alt=\"Loading\" src=\"https:\/\/temucotelevision.cl\/web\/wp-content\/plugins\/page-views-count\/ajax-loader-2x.gif\" border=0 \/><\/p><div class=\"pvc_clear\"><\/div>\n<p><em>Si bien el parlamentario de la UDI vot\u00f3 a favor del servicio, lament\u00f3 que la zona sea una de las \u00faltimas regiones donde se implementar\u00e1, lo que ocurrir\u00e1 reci\u00e9n dentro de cuatro a\u00f1os.<\/em><\/p>\n\n\n\n<p>Como un &#8220;anhelo&#8221; que los chilenos esperaban desde hace &#8220;varias d\u00e9cadas&#8221; calific\u00f3 el diputado por el Distrito 23 y actual candidato a senador por la Regi\u00f3n de La Araucan\u00eda, Henry Leal (UDI), la aprobaci\u00f3n definitiva del proyecto de ley que crea el nuevo Servicio Nacional de Acceso a la Justicia y la Defensor\u00eda de las V\u00edctimas, que por fin permitir\u00e1 al Estado entregar un apoyo legal a todas las personas&nbsp;que&nbsp;han&nbsp;sufrido&nbsp;alg\u00fan delito a prop\u00f3sito de&nbsp;la grave crisis de seguridadque&nbsp;enfrenta&nbsp;el&nbsp;pa\u00eds.<\/p>\n\n\n\n<p>Al respecto, el parlamentario gremialista record\u00f3 que la iniciativa legal fue presentada a principios de 2021 por el gobierno del ex Presidente Sebasti\u00e1n Pi\u00f1era, siendo incluido -dos a\u00f1os m\u00e1s tarde- dentro del &#8220;fast-track&#8221; legislativo que el Congreso acord\u00f3 tramitar junto con la actual administraci\u00f3n.<\/p>\n\n\n\n<p>En cuanto a los detalles de la nueva ley, el tambi\u00e9n jefe de la Bancada UDI explic\u00f3 que se crear\u00e1 un solo servicio a cargo de garantizar el derecho de las personas a acceder a la justicia, que reunir\u00e1 a las actuales Corporaciones de Asistencia Judicial, al Programa de Asistencia a V\u00edctimas y a los Centros de Atenci\u00f3n Integral a V\u00edctimas, incluyendo -adem\u00e1s- la prestaci\u00f3n de asistencia psicol\u00f3gica y social para los que recurran a ella y la entrega de asesor\u00eda jur\u00eddica a las personas v\u00edctimas de alg\u00fan delito.<\/p>\n\n\n\n<p>En ese sentido, el representante de La Araucan\u00eda tambi\u00e9n precis\u00f3 que si bien el nuevo servicio debe garantizar la prestaci\u00f3n de asesor\u00eda a las personas en dicha condici\u00f3n, la representaci\u00f3n jur\u00eddica se otorgar\u00e1 a quienes no pueden costearse una defensa particular, lo que se definir\u00e1 en funci\u00f3n de la condici\u00f3n de vulnerabilidad de la v\u00edctima. Asimismo, la nueva ley tambi\u00e9n define a los &#8220;grupos especiales&#8221; que tendr\u00e1n derecho a la defensa, que ser\u00e1n los ni\u00f1os, ni\u00f1as y adolescentes, los adultos mayores, las personas en situaci\u00f3n de discapacidad y las v\u00edctimas de cat\u00e1strofes naturales. Por \u00faltimo, se fij\u00f3 una priorizaci\u00f3n seg\u00fan el tipo de delito, poniendo en primer lugar los casos de femicidio, parricidio, homicidio, lesiones graves y maltrato a menores y adultos mayores, entre otros.<\/p>\n\n\n\n<p>&#8220;Hoy hemos dado un paso fundamental al aprobar un proyecto de ley que era anhelado por muchos chilenos, como es la Defensor\u00eda de las V\u00edctimas. Hasta ahora, resultaba absolutamente inexplicable que los delincuentes tuvieran acceso gratuito a un abogado y no as\u00ed sus v\u00edctimas, quienes quedaban a la disposici\u00f3n de la Fiscal\u00eda, que todos sabemos la carga de trabajo que tiene y la enorme cantidad de causas que archivan anualmente. Con esta nueva ley, en cambio, los chilenos, en especial los que no tienen los medios para contratar una defensa particular, no volver\u00e1n a estar solas frente a los delitos que los afecten, lo que es un avance trascendental a prop\u00f3sito de la grave crisis de seguridad que estamos viviendo y la constante alza de la delincuencia en Chile&#8221;, se\u00f1al\u00f3 el diputado Henry Leal.<\/p>\n\n\n\n<p>Sin embargo, a pesar del despacho del proyecto, el legislador UDI manifest\u00f3 su preocupaci\u00f3n por los plazos de la entrada en vigencia del nuevo servicio en el pa\u00eds. Lo anterior, puesto que se dispuso una operaci\u00f3n gradual por regiones, que ir\u00e1 entre los 18 y los 48 meses desde publicada la ley, siendo La Araucan\u00eda una de las \u00faltimas donde se implementar\u00e1, reci\u00e9n en cuatro a\u00f1os desde su promulgaci\u00f3n.<\/p>\n\n\n\n<p>&#8220;Es realmente inentendible que una de las regiones m\u00e1s pobres del pa\u00eds, seg\u00fan la Encuesta Casen, y que tiene un alto desempleo, sea una de las \u00faltimas donde entre en operaci\u00f3n este servicio. No hay justificaci\u00f3n alguna para que la Defensor\u00eda de las V\u00edctimas en La Araucan\u00eda reci\u00e9n se implemente en cuatro a\u00f1os m\u00e1s, por lo que vamos a exigir que se adelante ese plazo&#8221;, cuestion\u00f3 el parlamentario.<\/p>\n","protected":false},"excerpt":{"rendered":"<div class=\"pvc_clear\"><\/div>\n<p id=\"pvc_stats_58475\" class=\"pvc_stats total_only  \" data-element-id=\"58475\" style=\"\"><i class=\"pvc-stats-icon large\" aria-hidden=\"true\"><svg aria-hidden=\"true\" focusable=\"false\" data-prefix=\"far\" data-icon=\"chart-bar\" role=\"img\" xmlns=\"http:\/\/www.w3.org\/2000\/svg\" viewBox=\"0 0 512 512\" class=\"svg-inline--fa fa-chart-bar fa-w-16 fa-2x\"><path fill=\"currentColor\" d=\"M396.8 352h22.4c6.4 0 12.8-6.4 12.8-12.8V108.8c0-6.4-6.4-12.8-12.8-12.8h-22.4c-6.4 0-12.8 6.4-12.8 12.8v230.4c0 6.4 6.4 12.8 12.8 12.8zm-192 0h22.4c6.4 0 12.8-6.4 12.8-12.8V140.8c0-6.4-6.4-12.8-12.8-12.8h-22.4c-6.4 0-12.8 6.4-12.8 12.8v198.4c0 6.4 6.4 12.8 12.8 12.8zm96 0h22.4c6.4 0 12.8-6.4 12.8-12.8V204.8c0-6.4-6.4-12.8-12.8-12.8h-22.4c-6.4 0-12.8 6.4-12.8 12.8v134.4c0 6.4 6.4 12.8 12.8 12.8zM496 400H48V80c0-8.84-7.16-16-16-16H16C7.16 64 0 71.16 0 80v336c0 17.67 14.33 32 32 32h464c8.84 0 16-7.16 16-16v-16c0-8.84-7.16-16-16-16zm-387.2-48h22.4c6.4 0 12.8-6.4 12.8-12.8v-70.4c0-6.4-6.4-12.8-12.8-12.8h-22.4c-6.4 0-12.8 6.4-12.8 12.8v70.4c0 6.4 6.4 12.8 12.8 12.8z\" class=\"\"><\/path><\/svg><\/i> <img loading=\"lazy\" decoding=\"async\" width=\"16\" height=\"16\" alt=\"Loading\" src=\"https:\/\/temucotelevision.cl\/web\/wp-content\/plugins\/page-views-count\/ajax-loader-2x.gif\" border=0 \/><\/p>\n<div class=\"pvc_clear\"><\/div>\n<p>Si bien el parlamentario de la UDI vot\u00f3 a favor del servicio, lament\u00f3 que la zona sea una de las<\/p>\n","protected":false},"author":1,"featured_media":54814,"comment_status":"open","ping_status":"open","sticky":false,"template":"","format":"standard","meta":{"colormag_page_container_layout":"default_layout","colormag_page_sidebar_layout":"default_layout","footnotes":""},"categories":[84],"tags":[154],"class_list":["post-58475","post","type-post","status-publish","format-standard","has-post-thumbnail","hentry","category-politica","tag-diputado"],"a3_pvc":{"activated":true,"total_views":904,"today_views":0},"_links":{"self":[{"href":"https:\/\/temucotelevision.cl\/web\/wp-json\/wp\/v2\/posts\/58475","targetHints":{"allow":["GET"]}}],"collection":[{"href":"https:\/\/temucotelevision.cl\/web\/wp-json\/wp\/v2\/posts"}],"about":[{"href":"https:\/\/temucotelevision.cl\/web\/wp-json\/wp\/v2\/types\/post"}],"author":[{"embeddable":true,"href":"https:\/\/temucotelevision.cl\/web\/wp-json\/wp\/v2\/users\/1"}],"replies":[{"embeddable":true,"href":"https:\/\/temucotelevision.cl\/web\/wp-json\/wp\/v2\/comments?post=58475"}],"version-history":[{"count":1,"href":"https:\/\/temucotelevision.cl\/web\/wp-json\/wp\/v2\/posts\/58475\/revisions"}],"predecessor-version":[{"id":58476,"href":"https:\/\/temucotelevision.cl\/web\/wp-json\/wp\/v2\/posts\/58475\/revisions\/58476"}],"wp:featuredmedia":[{"embeddable":true,"href":"https:\/\/temucotelevision.cl\/web\/wp-json\/wp\/v2\/media\/54814"}],"wp:attachment":[{"href":"https:\/\/temucotelevision.cl\/web\/wp-json\/wp\/v2\/media?parent=58475"}],"wp:term":[{"taxonomy":"category","embeddable":true,"href":"https:\/\/temucotelevision.cl\/web\/wp-json\/wp\/v2\/categories?post=58475"},{"taxonomy":"post_tag","embeddable":true,"href":"https:\/\/temucotelevision.cl\/web\/wp-json\/wp\/v2\/tags?post=58475"}],"curies":[{"name":"wp","href":"https:\/\/api.w.org\/{rel}","templated":true}]}}