{"id":58472,"date":"2025-10-08T20:16:26","date_gmt":"2025-10-08T23:16:26","guid":{"rendered":"https:\/\/temucotelevision.cl\/web\/?p=58472"},"modified":"2025-10-08T20:16:26","modified_gmt":"2025-10-08T23:16:26","slug":"jorge-luchsinger-mackay-responde-a-rodolfo-carter-se-equivoca-en-la-araucania-no-hay-impedimento-de-circular","status":"publish","type":"post","link":"https:\/\/temucotelevision.cl\/web\/2025\/10\/08\/jorge-luchsinger-mackay-responde-a-rodolfo-carter-se-equivoca-en-la-araucania-no-hay-impedimento-de-circular\/","title":{"rendered":"Jorge Luchsinger Mackay responde a Rodolfo Carter: \u201cSe equivoca, en La Araucan\u00eda no hay impedimento de circular\u201d"},"content":{"rendered":"<div class=\"pvc_clear\"><\/div><p id=\"pvc_stats_58472\" class=\"pvc_stats total_only  \" data-element-id=\"58472\" style=\"\"><i class=\"pvc-stats-icon large\" aria-hidden=\"true\"><svg aria-hidden=\"true\" focusable=\"false\" data-prefix=\"far\" data-icon=\"chart-bar\" role=\"img\" xmlns=\"http:\/\/www.w3.org\/2000\/svg\" viewBox=\"0 0 512 512\" class=\"svg-inline--fa fa-chart-bar fa-w-16 fa-2x\"><path fill=\"currentColor\" d=\"M396.8 352h22.4c6.4 0 12.8-6.4 12.8-12.8V108.8c0-6.4-6.4-12.8-12.8-12.8h-22.4c-6.4 0-12.8 6.4-12.8 12.8v230.4c0 6.4 6.4 12.8 12.8 12.8zm-192 0h22.4c6.4 0 12.8-6.4 12.8-12.8V140.8c0-6.4-6.4-12.8-12.8-12.8h-22.4c-6.4 0-12.8 6.4-12.8 12.8v198.4c0 6.4 6.4 12.8 12.8 12.8zm96 0h22.4c6.4 0 12.8-6.4 12.8-12.8V204.8c0-6.4-6.4-12.8-12.8-12.8h-22.4c-6.4 0-12.8 6.4-12.8 12.8v134.4c0 6.4 6.4 12.8 12.8 12.8zM496 400H48V80c0-8.84-7.16-16-16-16H16C7.16 64 0 71.16 0 80v336c0 17.67 14.33 32 32 32h464c8.84 0 16-7.16 16-16v-16c0-8.84-7.16-16-16-16zm-387.2-48h22.4c6.4 0 12.8-6.4 12.8-12.8v-70.4c0-6.4-6.4-12.8-12.8-12.8h-22.4c-6.4 0-12.8 6.4-12.8 12.8v70.4c0 6.4 6.4 12.8 12.8 12.8z\" class=\"\"><\/path><\/svg><\/i> <img loading=\"lazy\" decoding=\"async\" width=\"16\" height=\"16\" alt=\"Loading\" src=\"https:\/\/temucotelevision.cl\/web\/wp-content\/plugins\/page-views-count\/ajax-loader-2x.gif\" border=0 \/><\/p><div class=\"pvc_clear\"><\/div>\n<p>&#8220;La verdad, yo creo que est\u00e1 equivocado. La realidad que nosotros vivimos ac\u00e1 en la regi\u00f3n, es que no hay ning\u00fan impedimento de circular en alguna v\u00eda de la regi\u00f3n. Nosotros tenemos la libertad de transitar, no hay polic\u00eda, ni de Carabineros, ni militares que nos impidan eso. Distinto es que uno evite transitar o ir a algunos lugares de la regi\u00f3n, producto de la inseguridad que existe. La ausencia del Estado y las consecuencias que tendr\u00eda para una persona transitar en esos lugares.<\/p>\n\n\n\n<p>Amigos y personas conocidas y otra gran cantidad de personas han perdido seres queridos y sido asesinadas ac\u00e1 en la regi\u00f3n y no es porque las fuerzas de orden o militares le hayan impedido transitar o permanecer en estos lugares.<\/p>\n\n\n\n<p>La verdad es que no veo el inter\u00e9s en particular de ir a ese lugar, ni la conveniencia de ir. S\u00ed, creo que las fuerzas de orden y seguridad, y militares desplegamos en la zona tienen la obligaci\u00f3n de establecer un tr\u00e1nsito, seguro por cualquier parte de la regi\u00f3n, y en particular en la zona de la Cordillera de la Costa, que est\u00e1 controlada por grupos organizados, fuertemente armados&#8221;.<\/p>\n","protected":false},"excerpt":{"rendered":"<div class=\"pvc_clear\"><\/div>\n<p id=\"pvc_stats_58472\" class=\"pvc_stats total_only  \" data-element-id=\"58472\" style=\"\"><i class=\"pvc-stats-icon large\" aria-hidden=\"true\"><svg aria-hidden=\"true\" focusable=\"false\" data-prefix=\"far\" data-icon=\"chart-bar\" role=\"img\" xmlns=\"http:\/\/www.w3.org\/2000\/svg\" viewBox=\"0 0 512 512\" class=\"svg-inline--fa fa-chart-bar fa-w-16 fa-2x\"><path fill=\"currentColor\" d=\"M396.8 352h22.4c6.4 0 12.8-6.4 12.8-12.8V108.8c0-6.4-6.4-12.8-12.8-12.8h-22.4c-6.4 0-12.8 6.4-12.8 12.8v230.4c0 6.4 6.4 12.8 12.8 12.8zm-192 0h22.4c6.4 0 12.8-6.4 12.8-12.8V140.8c0-6.4-6.4-12.8-12.8-12.8h-22.4c-6.4 0-12.8 6.4-12.8 12.8v198.4c0 6.4 6.4 12.8 12.8 12.8zm96 0h22.4c6.4 0 12.8-6.4 12.8-12.8V204.8c0-6.4-6.4-12.8-12.8-12.8h-22.4c-6.4 0-12.8 6.4-12.8 12.8v134.4c0 6.4 6.4 12.8 12.8 12.8zM496 400H48V80c0-8.84-7.16-16-16-16H16C7.16 64 0 71.16 0 80v336c0 17.67 14.33 32 32 32h464c8.84 0 16-7.16 16-16v-16c0-8.84-7.16-16-16-16zm-387.2-48h22.4c6.4 0 12.8-6.4 12.8-12.8v-70.4c0-6.4-6.4-12.8-12.8-12.8h-22.4c-6.4 0-12.8 6.4-12.8 12.8v70.4c0 6.4 6.4 12.8 12.8 12.8z\" class=\"\"><\/path><\/svg><\/i> <img loading=\"lazy\" decoding=\"async\" width=\"16\" height=\"16\" alt=\"Loading\" src=\"https:\/\/temucotelevision.cl\/web\/wp-content\/plugins\/page-views-count\/ajax-loader-2x.gif\" border=0 \/><\/p>\n<div class=\"pvc_clear\"><\/div>\n<p>&#8220;La verdad, yo creo que est\u00e1 equivocado. La realidad que nosotros vivimos ac\u00e1 en la regi\u00f3n, es que no hay<\/p>\n","protected":false},"author":1,"featured_media":58473,"comment_status":"open","ping_status":"open","sticky":false,"template":"","format":"standard","meta":{"colormag_page_container_layout":"default_layout","colormag_page_sidebar_layout":"default_layout","footnotes":""},"categories":[84],"tags":[7261],"class_list":["post-58472","post","type-post","status-publish","format-standard","has-post-thumbnail","hentry","category-politica","tag-jorge-luschinger"],"a3_pvc":{"activated":true,"total_views":1137,"today_views":0},"_links":{"self":[{"href":"https:\/\/temucotelevision.cl\/web\/wp-json\/wp\/v2\/posts\/58472","targetHints":{"allow":["GET"]}}],"collection":[{"href":"https:\/\/temucotelevision.cl\/web\/wp-json\/wp\/v2\/posts"}],"about":[{"href":"https:\/\/temucotelevision.cl\/web\/wp-json\/wp\/v2\/types\/post"}],"author":[{"embeddable":true,"href":"https:\/\/temucotelevision.cl\/web\/wp-json\/wp\/v2\/users\/1"}],"replies":[{"embeddable":true,"href":"https:\/\/temucotelevision.cl\/web\/wp-json\/wp\/v2\/comments?post=58472"}],"version-history":[{"count":1,"href":"https:\/\/temucotelevision.cl\/web\/wp-json\/wp\/v2\/posts\/58472\/revisions"}],"predecessor-version":[{"id":58474,"href":"https:\/\/temucotelevision.cl\/web\/wp-json\/wp\/v2\/posts\/58472\/revisions\/58474"}],"wp:featuredmedia":[{"embeddable":true,"href":"https:\/\/temucotelevision.cl\/web\/wp-json\/wp\/v2\/media\/58473"}],"wp:attachment":[{"href":"https:\/\/temucotelevision.cl\/web\/wp-json\/wp\/v2\/media?parent=58472"}],"wp:term":[{"taxonomy":"category","embeddable":true,"href":"https:\/\/temucotelevision.cl\/web\/wp-json\/wp\/v2\/categories?post=58472"},{"taxonomy":"post_tag","embeddable":true,"href":"https:\/\/temucotelevision.cl\/web\/wp-json\/wp\/v2\/tags?post=58472"}],"curies":[{"name":"wp","href":"https:\/\/api.w.org\/{rel}","templated":true}]}}