{"id":58458,"date":"2025-10-08T11:52:56","date_gmt":"2025-10-08T14:52:56","guid":{"rendered":"https:\/\/temucotelevision.cl\/web\/?p=58458"},"modified":"2025-10-08T12:01:40","modified_gmt":"2025-10-08T15:01:40","slug":"los-tigres-del-norte-en-vivo-en-el-movistar-arena-cada-vez-que-vamos-a-chile-nos-sentimos-como-en-casa","status":"publish","type":"post","link":"https:\/\/temucotelevision.cl\/web\/2025\/10\/08\/los-tigres-del-norte-en-vivo-en-el-movistar-arena-cada-vez-que-vamos-a-chile-nos-sentimos-como-en-casa\/","title":{"rendered":"Los Tigres del Norte en vivo en el Movistar Arena: \u201cCada vez que vamos a Chile nos sentimos como en casa\u201d"},"content":{"rendered":"<div class=\"pvc_clear\"><\/div><p id=\"pvc_stats_58458\" class=\"pvc_stats total_only  \" data-element-id=\"58458\" style=\"\"><i class=\"pvc-stats-icon large\" aria-hidden=\"true\"><svg aria-hidden=\"true\" focusable=\"false\" data-prefix=\"far\" data-icon=\"chart-bar\" role=\"img\" xmlns=\"http:\/\/www.w3.org\/2000\/svg\" viewBox=\"0 0 512 512\" class=\"svg-inline--fa fa-chart-bar fa-w-16 fa-2x\"><path fill=\"currentColor\" d=\"M396.8 352h22.4c6.4 0 12.8-6.4 12.8-12.8V108.8c0-6.4-6.4-12.8-12.8-12.8h-22.4c-6.4 0-12.8 6.4-12.8 12.8v230.4c0 6.4 6.4 12.8 12.8 12.8zm-192 0h22.4c6.4 0 12.8-6.4 12.8-12.8V140.8c0-6.4-6.4-12.8-12.8-12.8h-22.4c-6.4 0-12.8 6.4-12.8 12.8v198.4c0 6.4 6.4 12.8 12.8 12.8zm96 0h22.4c6.4 0 12.8-6.4 12.8-12.8V204.8c0-6.4-6.4-12.8-12.8-12.8h-22.4c-6.4 0-12.8 6.4-12.8 12.8v134.4c0 6.4 6.4 12.8 12.8 12.8zM496 400H48V80c0-8.84-7.16-16-16-16H16C7.16 64 0 71.16 0 80v336c0 17.67 14.33 32 32 32h464c8.84 0 16-7.16 16-16v-16c0-8.84-7.16-16-16-16zm-387.2-48h22.4c6.4 0 12.8-6.4 12.8-12.8v-70.4c0-6.4-6.4-12.8-12.8-12.8h-22.4c-6.4 0-12.8 6.4-12.8 12.8v70.4c0 6.4 6.4 12.8 12.8 12.8z\" class=\"\"><\/path><\/svg><\/i> <img loading=\"lazy\" decoding=\"async\" width=\"16\" height=\"16\" alt=\"Loading\" src=\"https:\/\/temucotelevision.cl\/web\/wp-content\/plugins\/page-views-count\/ajax-loader-2x.gif\" border=0 \/><\/p><div class=\"pvc_clear\"><\/div>\n<p class=\"has-text-align-left\"><br><strong>Los Tigres Del Norte se presentar\u00e1n en el Movistar Arena en el mes de diciembre y desde Ciudad de M\u00e9xico, aseguran que en Chile se vivir\u00e1 una verdadera fiesta con historias, corridos, cumbias, m\u00fasica ranchera y mucho baile.<\/strong><br><br>El grupo\u00a0mexicano\u00a0de m\u00fasica norte\u00f1a, integrada\u00a0por\u00a0<strong>Jorge Hern\u00e1ndez, Hern\u00e1n Hern\u00e1ndez, Eduardo Hern\u00e1ndez, Luis Hern\u00e1ndez y Oscar Lara<\/strong>, anuncia su regreso a<strong>\u00a0Chile<\/strong>\u00a0con su m\u00e1s reciente trabajo discogr\u00e1fico,\u00a0<strong>&#8220;La Loter\u00eda&#8221;.<\/strong>\u00a0Este nuevo \u00e1lbum los traer\u00e1\u00a0de gira por nuestro\u00a0pa\u00eds, y el pr\u00f3ximo 19<strong>\u00a0de diciembre<\/strong>\u00a0se presentar\u00e1n en el\u00a0<strong>Movistar Arena en Santiago<\/strong>, como parte de su gira internacional\u00a0<strong>&#8220;La Loter\u00eda Tour 2025&#8221;.<\/strong><\/p>\n\n\n\n<p>Los creadores de cl\u00e1sicos regionales como&nbsp;\u201c<strong>Jefes de jefes\u201d; \u201cLa Puerta Negra\u201d; \u201cContrabando y Traici\u00f3n\u201d y \u201cLa Reina del Sur\u201d<\/strong>,&nbsp;entre muchos otros, se reencontrar\u00e1n con el p\u00fablico de&nbsp;Chile&nbsp;por quinta vez en su carrera y con una vigencia a toda prueba, enmarcada en sus dos nominaciones recientes a los&nbsp;Latin Grammy en las categor\u00edas<strong> \u201cMejor \u00c1lbum de M\u00fasica Norte\u00f1a\u201d y \u201cMejor Canci\u00f3n Regional Mexicana\u201d por \u201cLa Loter\u00eda\u201d.<\/strong><\/p>\n\n\n\n<p>El tradicional evento de la&nbsp;<strong>26\u00aa Entrega Anual del Latin Grammy<\/strong>&nbsp;se realizar\u00e1 el&nbsp;<strong>jueves 13 de noviembre de este a\u00f1o en el MGM Gran Garden Arena en Las Vegas<\/strong>&nbsp;y a pocas semanas de su esperado show en Santiago.<\/p>\n\n\n\n<p><strong>&#8220;Chile es un pa\u00eds que desde hace muchos a\u00f1os ha apoyado la carrera musical de Los Tigres del Norte y cada vez que los visitamos constatamos que el gusto por la m\u00fasica de estos servidores va en ascenso, as\u00ed que es el p\u00fablico es el que nos motiva a regresar\u201d<\/strong>, se\u00f1alan desde el pa\u00eds del norte.<br><br><\/p>\n\n\n\n<figure class=\"wp-block-image aligncenter size-large is-resized\"><img loading=\"lazy\" decoding=\"async\" width=\"800\" height=\"1000\" src=\"https:\/\/temucotelevision.cl\/web\/wp-content\/uploads\/2025\/10\/image-1-800x1000.png\" alt=\"\" class=\"wp-image-58462\" style=\"width:466px;height:auto\" srcset=\"https:\/\/temucotelevision.cl\/web\/wp-content\/uploads\/2025\/10\/image-1-800x1000.png 800w, https:\/\/temucotelevision.cl\/web\/wp-content\/uploads\/2025\/10\/image-1-768x960.png 768w, https:\/\/temucotelevision.cl\/web\/wp-content\/uploads\/2025\/10\/image-1.png 1080w\" sizes=\"auto, (max-width: 800px) 100vw, 800px\" \/><\/figure>\n\n\n\n<p><strong>Un feat con artistas chilenos:<\/strong><\/p>\n\n\n\n<p>Los oriundos de la ciudad de&nbsp;<strong>Sinaloa -ubicada en el noroeste de M\u00e9xico<\/strong>&#8211;&nbsp;guardan bellos recuerdos de sus primeros a\u00f1os de relaci\u00f3n con el p\u00fablico chileno y notan que el cari\u00f1o de los fans se mantiene intacto e incluso ha aumentado:&nbsp;\u201c<strong>Tenemos muchos recuerdos hermosos desde los primeros a\u00f1os que empezamos a visitar Chile cuando apenas nuestra m\u00fasica y presencia se hac\u00eda notar. Hemos tratado de estar f\u00edsicamente lo m\u00e1s posible en su pa\u00eds para poder ir creciendo y evolucionando en el gusto del p\u00fablico chileno. Hoy en d\u00eda, nos damos cuenta de que el gusto por nuestras canciones ha crecido y que el p\u00fablico conoce e identifica no solo lo temas sino tambi\u00e9n a cada uno de los integrantes del grupo\u201d<\/strong>, sostienen los artistas.<\/p>\n\n\n\n<p>La banda destaca el talento de los artistas chilenos y no descartan trabajar en una colaboraci\u00f3n con alguno de ellos:&nbsp;<strong>\u201cNos encanta la idea de poder tener una colaboraci\u00f3n con alg\u00fan artista chileno, cabe mencionar que con nosotros han colaborado productores, directores y compositores de este hermoso pa\u00eds as\u00ed que no estamos ajenos al talento y estamos siempre dispuestos a las propuestas musicales que puedan surgir<\/strong>\u201d, aseveran.<\/p>\n\n\n\n<p><a href=\"https:\/\/open.spotify.com\/intl-es\/track\/5O1N7chSXA09gy14feVbAs?si=8009c71337c14ed4\" target=\"_blank\" rel=\"noreferrer noopener\"><strong>&#8220;La Loter\u00eda\u201d<\/strong><\/a>&nbsp;<strong>es tambi\u00e9n el nombre de su primer sencillo,<\/strong>&nbsp;el que utiliza las cartas de este tradicional juego de apuestas como met\u00e1fora para analizar fen\u00f3menos pol\u00edticos, temas de migraci\u00f3n, diversos acontecimientos que han afectado a la comunidad latina en varios lugares del mundo, as\u00ed como tambi\u00e9n dan espacio al amor y el desamor.<\/p>\n\n\n\n<p class=\"has-text-align-left\"><strong><a href=\"https:\/\/www.instagram.com\/lostigresdelnorte?igsh=dDRmajdpc2VzanY5\" target=\"_blank\" rel=\"noreferrer noopener\">Los Tigres del Norte<\/a>\u00a0<\/strong>se presentar\u00e1n en el\u00a0<strong>Movistar Arena de Santiago el 19 de diciembre\u00a0<\/strong>en uno de los shows m\u00e1s esperados por su fanaticada y por todos los amantes de la\u00a0<strong>m\u00fasica norte\u00f1a, el regional mexicano y la ranchera,<\/strong>\u00a0estilos que en Chile ya se ha transformado en una verdadera devoci\u00f3n. Las entradas est\u00e1n disponibles a trav\u00e9s de\u00a0<a href=\"https:\/\/www.puntoticket.com\/los-tigres-del-norte\">Puntoticket.<\/a><br><br><br><\/p>\n\n\n\n<p><br><br><br><\/p>\n","protected":false},"excerpt":{"rendered":"<div class=\"pvc_clear\"><\/div>\n<p id=\"pvc_stats_58458\" class=\"pvc_stats total_only  \" data-element-id=\"58458\" style=\"\"><i class=\"pvc-stats-icon large\" aria-hidden=\"true\"><svg aria-hidden=\"true\" focusable=\"false\" data-prefix=\"far\" data-icon=\"chart-bar\" role=\"img\" xmlns=\"http:\/\/www.w3.org\/2000\/svg\" viewBox=\"0 0 512 512\" class=\"svg-inline--fa fa-chart-bar fa-w-16 fa-2x\"><path fill=\"currentColor\" d=\"M396.8 352h22.4c6.4 0 12.8-6.4 12.8-12.8V108.8c0-6.4-6.4-12.8-12.8-12.8h-22.4c-6.4 0-12.8 6.4-12.8 12.8v230.4c0 6.4 6.4 12.8 12.8 12.8zm-192 0h22.4c6.4 0 12.8-6.4 12.8-12.8V140.8c0-6.4-6.4-12.8-12.8-12.8h-22.4c-6.4 0-12.8 6.4-12.8 12.8v198.4c0 6.4 6.4 12.8 12.8 12.8zm96 0h22.4c6.4 0 12.8-6.4 12.8-12.8V204.8c0-6.4-6.4-12.8-12.8-12.8h-22.4c-6.4 0-12.8 6.4-12.8 12.8v134.4c0 6.4 6.4 12.8 12.8 12.8zM496 400H48V80c0-8.84-7.16-16-16-16H16C7.16 64 0 71.16 0 80v336c0 17.67 14.33 32 32 32h464c8.84 0 16-7.16 16-16v-16c0-8.84-7.16-16-16-16zm-387.2-48h22.4c6.4 0 12.8-6.4 12.8-12.8v-70.4c0-6.4-6.4-12.8-12.8-12.8h-22.4c-6.4 0-12.8 6.4-12.8 12.8v70.4c0 6.4 6.4 12.8 12.8 12.8z\" class=\"\"><\/path><\/svg><\/i> <img loading=\"lazy\" decoding=\"async\" width=\"16\" height=\"16\" alt=\"Loading\" src=\"https:\/\/temucotelevision.cl\/web\/wp-content\/plugins\/page-views-count\/ajax-loader-2x.gif\" border=0 \/><\/p>\n<div class=\"pvc_clear\"><\/div>\n<p>Los Tigres Del Norte se presentar\u00e1n en el Movistar Arena en el mes de diciembre y desde Ciudad de M\u00e9xico,<\/p>\n","protected":false},"author":143,"featured_media":58460,"comment_status":"open","ping_status":"open","sticky":false,"template":"","format":"standard","meta":{"colormag_page_container_layout":"default_layout","colormag_page_sidebar_layout":"default_layout","footnotes":""},"categories":[369,86],"tags":[],"class_list":["post-58458","post","type-post","status-publish","format-standard","has-post-thumbnail","hentry","category-musica","category-panoramas"],"a3_pvc":{"activated":true,"total_views":46,"today_views":0},"_links":{"self":[{"href":"https:\/\/temucotelevision.cl\/web\/wp-json\/wp\/v2\/posts\/58458","targetHints":{"allow":["GET"]}}],"collection":[{"href":"https:\/\/temucotelevision.cl\/web\/wp-json\/wp\/v2\/posts"}],"about":[{"href":"https:\/\/temucotelevision.cl\/web\/wp-json\/wp\/v2\/types\/post"}],"author":[{"embeddable":true,"href":"https:\/\/temucotelevision.cl\/web\/wp-json\/wp\/v2\/users\/143"}],"replies":[{"embeddable":true,"href":"https:\/\/temucotelevision.cl\/web\/wp-json\/wp\/v2\/comments?post=58458"}],"version-history":[{"count":2,"href":"https:\/\/temucotelevision.cl\/web\/wp-json\/wp\/v2\/posts\/58458\/revisions"}],"predecessor-version":[{"id":58464,"href":"https:\/\/temucotelevision.cl\/web\/wp-json\/wp\/v2\/posts\/58458\/revisions\/58464"}],"wp:featuredmedia":[{"embeddable":true,"href":"https:\/\/temucotelevision.cl\/web\/wp-json\/wp\/v2\/media\/58460"}],"wp:attachment":[{"href":"https:\/\/temucotelevision.cl\/web\/wp-json\/wp\/v2\/media?parent=58458"}],"wp:term":[{"taxonomy":"category","embeddable":true,"href":"https:\/\/temucotelevision.cl\/web\/wp-json\/wp\/v2\/categories?post=58458"},{"taxonomy":"post_tag","embeddable":true,"href":"https:\/\/temucotelevision.cl\/web\/wp-json\/wp\/v2\/tags?post=58458"}],"curies":[{"name":"wp","href":"https:\/\/api.w.org\/{rel}","templated":true}]}}