{"id":58455,"date":"2025-10-08T10:55:20","date_gmt":"2025-10-08T13:55:20","guid":{"rendered":"https:\/\/temucotelevision.cl\/web\/?p=58455"},"modified":"2025-10-08T10:57:00","modified_gmt":"2025-10-08T13:57:00","slug":"templos-quemados-en-la-macrozona-sur-que-siguen-sin-reconstruirse-se-esta-vulnerando-el-derecho-a-la-libertad-religiosa","status":"publish","type":"post","link":"https:\/\/temucotelevision.cl\/web\/2025\/10\/08\/templos-quemados-en-la-macrozona-sur-que-siguen-sin-reconstruirse-se-esta-vulnerando-el-derecho-a-la-libertad-religiosa\/","title":{"rendered":"Templos quemados en la Macrozona Sur que siguen sin reconstruirse: \u201cSe est\u00e1 vulnerando el derecho a la libertad religiosa\u201d"},"content":{"rendered":"<div class=\"pvc_clear\"><\/div><p id=\"pvc_stats_58455\" class=\"pvc_stats total_only  \" data-element-id=\"58455\" style=\"\"><i class=\"pvc-stats-icon large\" aria-hidden=\"true\"><svg aria-hidden=\"true\" focusable=\"false\" data-prefix=\"far\" data-icon=\"chart-bar\" role=\"img\" xmlns=\"http:\/\/www.w3.org\/2000\/svg\" viewBox=\"0 0 512 512\" class=\"svg-inline--fa fa-chart-bar fa-w-16 fa-2x\"><path fill=\"currentColor\" d=\"M396.8 352h22.4c6.4 0 12.8-6.4 12.8-12.8V108.8c0-6.4-6.4-12.8-12.8-12.8h-22.4c-6.4 0-12.8 6.4-12.8 12.8v230.4c0 6.4 6.4 12.8 12.8 12.8zm-192 0h22.4c6.4 0 12.8-6.4 12.8-12.8V140.8c0-6.4-6.4-12.8-12.8-12.8h-22.4c-6.4 0-12.8 6.4-12.8 12.8v198.4c0 6.4 6.4 12.8 12.8 12.8zm96 0h22.4c6.4 0 12.8-6.4 12.8-12.8V204.8c0-6.4-6.4-12.8-12.8-12.8h-22.4c-6.4 0-12.8 6.4-12.8 12.8v134.4c0 6.4 6.4 12.8 12.8 12.8zM496 400H48V80c0-8.84-7.16-16-16-16H16C7.16 64 0 71.16 0 80v336c0 17.67 14.33 32 32 32h464c8.84 0 16-7.16 16-16v-16c0-8.84-7.16-16-16-16zm-387.2-48h22.4c6.4 0 12.8-6.4 12.8-12.8v-70.4c0-6.4-6.4-12.8-12.8-12.8h-22.4c-6.4 0-12.8 6.4-12.8 12.8v70.4c0 6.4 6.4 12.8 12.8 12.8z\" class=\"\"><\/path><\/svg><\/i> <img loading=\"lazy\" decoding=\"async\" width=\"16\" height=\"16\" alt=\"Loading\" src=\"https:\/\/temucotelevision.cl\/web\/wp-content\/plugins\/page-views-count\/ajax-loader-2x.gif\" border=0 \/><\/p><div class=\"pvc_clear\"><\/div>\n<p>La falta de avances en la reconstrucci\u00f3n de templos destruidos en ataques incendiarios en la Macrozona Sur fue duramente cuestionada por dirigentes y representantes del mundo religioso, quienes acusan una inaceptable pasividad del Estado frente a la vulneraci\u00f3n de derechos fundamentales.<\/p>\n\n\n\n<p>\u201cEs inaceptable la pasividad del Estado de Chile, y en particular de este gobierno, respecto a la vulneraci\u00f3n a los derechos humanos que est\u00e1 ocurriendo en la Macrozona Sur, y en especial en la Regi\u00f3n de La Araucan\u00eda\u201d, se\u00f1alaron.<\/p>\n\n\n\n<p>A juicio de los dirigentes, la situaci\u00f3n trasciende el \u00e1mbito de la seguridad y toca directamente derechos consagrados tanto en la Constituci\u00f3n como en tratados internacionales. \u201cEl Presidente est\u00e1 muy preocupado por los derechos humanos en otros lugares, pero no ac\u00e1. Aqu\u00ed se vulnera, en primer lugar, el derecho a la vida, el derecho a desarrollar una actividad econ\u00f3mica, pero tambi\u00e9n el derecho a la libertad religiosa\u201d, enfatizaron.<\/p>\n\n\n\n<p>Los templos \u2014principalmente de congregaciones evang\u00e9licas en zonas rurales\u2014 han sido blanco recurrente de ataques incendiarios en los \u00faltimos a\u00f1os, sin que hasta la fecha exista una pol\u00edtica de reconstrucci\u00f3n o reparaci\u00f3n. \u201c\u00bfD\u00f3nde est\u00e1 la protecci\u00f3n a los templos? \u00bfD\u00f3nde est\u00e1 la pol\u00edtica de templo quemado, templo reconstruido? Este gobierno no ha reconstruido templos, no obstante, la quema de los templos persiste\u201d, agregaron.<\/p>\n\n\n\n<p>En ese sentido, recordaron que el candidato presidencial Jos\u00e9 Antonio Kast ha propuesto la pol\u00edtica de \u201ctemplo quemado, templo reconstruido\u201d como una forma de reconocer el rol de las iglesias en la vida comunitaria y su aporte en las zonas rurales del pa\u00eds.<\/p>\n\n\n\n<p>\u201cSe necesita velar por una protecci\u00f3n real del derecho a la libertad religiosa que est\u00e1 siendo mancillada. Hay observadores internacionales que est\u00e1n mirando no solo el terrorismo en la regi\u00f3n, sino tambi\u00e9n la vulneraci\u00f3n de derechos humanos, en particular el derecho a la libertad religiosa\u201d, concluyeron.<\/p>\n","protected":false},"excerpt":{"rendered":"<div class=\"pvc_clear\"><\/div>\n<p id=\"pvc_stats_58455\" class=\"pvc_stats total_only  \" data-element-id=\"58455\" style=\"\"><i class=\"pvc-stats-icon large\" aria-hidden=\"true\"><svg aria-hidden=\"true\" focusable=\"false\" data-prefix=\"far\" data-icon=\"chart-bar\" role=\"img\" xmlns=\"http:\/\/www.w3.org\/2000\/svg\" viewBox=\"0 0 512 512\" class=\"svg-inline--fa fa-chart-bar fa-w-16 fa-2x\"><path fill=\"currentColor\" d=\"M396.8 352h22.4c6.4 0 12.8-6.4 12.8-12.8V108.8c0-6.4-6.4-12.8-12.8-12.8h-22.4c-6.4 0-12.8 6.4-12.8 12.8v230.4c0 6.4 6.4 12.8 12.8 12.8zm-192 0h22.4c6.4 0 12.8-6.4 12.8-12.8V140.8c0-6.4-6.4-12.8-12.8-12.8h-22.4c-6.4 0-12.8 6.4-12.8 12.8v198.4c0 6.4 6.4 12.8 12.8 12.8zm96 0h22.4c6.4 0 12.8-6.4 12.8-12.8V204.8c0-6.4-6.4-12.8-12.8-12.8h-22.4c-6.4 0-12.8 6.4-12.8 12.8v134.4c0 6.4 6.4 12.8 12.8 12.8zM496 400H48V80c0-8.84-7.16-16-16-16H16C7.16 64 0 71.16 0 80v336c0 17.67 14.33 32 32 32h464c8.84 0 16-7.16 16-16v-16c0-8.84-7.16-16-16-16zm-387.2-48h22.4c6.4 0 12.8-6.4 12.8-12.8v-70.4c0-6.4-6.4-12.8-12.8-12.8h-22.4c-6.4 0-12.8 6.4-12.8 12.8v70.4c0 6.4 6.4 12.8 12.8 12.8z\" class=\"\"><\/path><\/svg><\/i> <img loading=\"lazy\" decoding=\"async\" width=\"16\" height=\"16\" alt=\"Loading\" src=\"https:\/\/temucotelevision.cl\/web\/wp-content\/plugins\/page-views-count\/ajax-loader-2x.gif\" border=0 \/><\/p>\n<div class=\"pvc_clear\"><\/div>\n<p>La falta de avances en la reconstrucci\u00f3n de templos destruidos en ataques incendiarios en la Macrozona Sur fue duramente cuestionada<\/p>\n","protected":false},"author":1,"featured_media":58456,"comment_status":"open","ping_status":"open","sticky":false,"template":"","format":"standard","meta":{"colormag_page_container_layout":"default_layout","colormag_page_sidebar_layout":"default_layout","footnotes":""},"categories":[84],"tags":[7262],"class_list":["post-58455","post","type-post","status-publish","format-standard","has-post-thumbnail","hentry","category-politica","tag-templos"],"a3_pvc":{"activated":true,"total_views":1642,"today_views":0},"_links":{"self":[{"href":"https:\/\/temucotelevision.cl\/web\/wp-json\/wp\/v2\/posts\/58455","targetHints":{"allow":["GET"]}}],"collection":[{"href":"https:\/\/temucotelevision.cl\/web\/wp-json\/wp\/v2\/posts"}],"about":[{"href":"https:\/\/temucotelevision.cl\/web\/wp-json\/wp\/v2\/types\/post"}],"author":[{"embeddable":true,"href":"https:\/\/temucotelevision.cl\/web\/wp-json\/wp\/v2\/users\/1"}],"replies":[{"embeddable":true,"href":"https:\/\/temucotelevision.cl\/web\/wp-json\/wp\/v2\/comments?post=58455"}],"version-history":[{"count":1,"href":"https:\/\/temucotelevision.cl\/web\/wp-json\/wp\/v2\/posts\/58455\/revisions"}],"predecessor-version":[{"id":58457,"href":"https:\/\/temucotelevision.cl\/web\/wp-json\/wp\/v2\/posts\/58455\/revisions\/58457"}],"wp:featuredmedia":[{"embeddable":true,"href":"https:\/\/temucotelevision.cl\/web\/wp-json\/wp\/v2\/media\/58456"}],"wp:attachment":[{"href":"https:\/\/temucotelevision.cl\/web\/wp-json\/wp\/v2\/media?parent=58455"}],"wp:term":[{"taxonomy":"category","embeddable":true,"href":"https:\/\/temucotelevision.cl\/web\/wp-json\/wp\/v2\/categories?post=58455"},{"taxonomy":"post_tag","embeddable":true,"href":"https:\/\/temucotelevision.cl\/web\/wp-json\/wp\/v2\/tags?post=58455"}],"curies":[{"name":"wp","href":"https:\/\/api.w.org\/{rel}","templated":true}]}}