{"id":58452,"date":"2025-10-08T10:46:41","date_gmt":"2025-10-08T13:46:41","guid":{"rendered":"https:\/\/temucotelevision.cl\/web\/?p=58452"},"modified":"2025-10-08T10:46:41","modified_gmt":"2025-10-08T13:46:41","slug":"cmpc-refuerza-la-formacion-de-brigadistas-forestales-con-capacitacion-internacional-previo-a-la-temporada-de-incendios","status":"publish","type":"post","link":"https:\/\/temucotelevision.cl\/web\/2025\/10\/08\/cmpc-refuerza-la-formacion-de-brigadistas-forestales-con-capacitacion-internacional-previo-a-la-temporada-de-incendios\/","title":{"rendered":"CMPC refuerza la formaci\u00f3n de brigadistas forestales con capacitaci\u00f3n internacional previo a la temporada de incendios"},"content":{"rendered":"<div class=\"pvc_clear\"><\/div><p id=\"pvc_stats_58452\" class=\"pvc_stats total_only  \" data-element-id=\"58452\" style=\"\"><i class=\"pvc-stats-icon large\" aria-hidden=\"true\"><svg aria-hidden=\"true\" focusable=\"false\" data-prefix=\"far\" data-icon=\"chart-bar\" role=\"img\" xmlns=\"http:\/\/www.w3.org\/2000\/svg\" viewBox=\"0 0 512 512\" class=\"svg-inline--fa fa-chart-bar fa-w-16 fa-2x\"><path fill=\"currentColor\" d=\"M396.8 352h22.4c6.4 0 12.8-6.4 12.8-12.8V108.8c0-6.4-6.4-12.8-12.8-12.8h-22.4c-6.4 0-12.8 6.4-12.8 12.8v230.4c0 6.4 6.4 12.8 12.8 12.8zm-192 0h22.4c6.4 0 12.8-6.4 12.8-12.8V140.8c0-6.4-6.4-12.8-12.8-12.8h-22.4c-6.4 0-12.8 6.4-12.8 12.8v198.4c0 6.4 6.4 12.8 12.8 12.8zm96 0h22.4c6.4 0 12.8-6.4 12.8-12.8V204.8c0-6.4-6.4-12.8-12.8-12.8h-22.4c-6.4 0-12.8 6.4-12.8 12.8v134.4c0 6.4 6.4 12.8 12.8 12.8zM496 400H48V80c0-8.84-7.16-16-16-16H16C7.16 64 0 71.16 0 80v336c0 17.67 14.33 32 32 32h464c8.84 0 16-7.16 16-16v-16c0-8.84-7.16-16-16-16zm-387.2-48h22.4c6.4 0 12.8-6.4 12.8-12.8v-70.4c0-6.4-6.4-12.8-12.8-12.8h-22.4c-6.4 0-12.8 6.4-12.8 12.8v70.4c0 6.4 6.4 12.8 12.8 12.8z\" class=\"\"><\/path><\/svg><\/i> <img loading=\"lazy\" decoding=\"async\" width=\"16\" height=\"16\" alt=\"Loading\" src=\"https:\/\/temucotelevision.cl\/web\/wp-content\/plugins\/page-views-count\/ajax-loader-2x.gif\" border=0 \/><\/p><div class=\"pvc_clear\"><\/div>\n<ul class=\"wp-block-list\">\n<li><em><a>M\u00e1s de mil brigadistas podr\u00e1n certificar sus competencias, elevando el est\u00e1ndar con que CMPC se prepara para proteger sus bosques y comunidades frente a los incendios forestales.<\/a><\/em><\/li>\n<\/ul>\n\n\n\n<p>Con el objetivo de enfrentar de mejor manera la pr\u00f3xima temporada de incendios, CMPC llev\u00f3 a cabo un completo programa de&nbsp;<strong>capacitaci\u00f3n y certificaci\u00f3n internacional<\/strong>&nbsp;para sus brigadistas forestales, consolidando un modelo de formaci\u00f3n que combina exigencia t\u00e9cnica, preparaci\u00f3n f\u00edsica y trabajo en equipo.<\/p>\n\n\n\n<p>\u201cLo que m\u00e1s me apasiona de este trabajo es proteger la flora, la fauna y a la gente de los incendios que tanto da\u00f1o generan. Cada temporada es distinta y estas capacitaciones nos ayudan a reforzar la base t\u00e9cnica y a prepararnos f\u00edsicamente para enfrentar el fuego como un equipo unido\u201d, coment\u00f3&nbsp;<strong>Joel Torres<\/strong>,&nbsp;<strong>brigadista con nueve temporadas de experiencia<\/strong>.<\/p>\n\n\n\n<p>La iniciativa se enmarca en el plan de formaci\u00f3n que CMPC viene desarrollando hace 10 a\u00f1os y que hoy se potencia con la certificaci\u00f3n de la&nbsp;<strong>Fire Foundation<\/strong>&nbsp;y est\u00e1ndares del&nbsp;<strong>National Wildfire Coordinating Group (NWCG)<\/strong>&nbsp;de Estados Unidos. Esto sit\u00faa a la compa\u00f1\u00eda a la vanguardia en Chile en materia de preparaci\u00f3n.<\/p>\n\n\n\n<p><strong>Germ\u00e1n L\u00f3pez, de Fire Foundation<\/strong>, destac\u00f3 que \u201clo que se est\u00e1&nbsp;buscando precisamente es apoyar la iniciativa que tiene CMPC, de fortalecer su estructura&nbsp;organizacional para poder garantizar la respuesta efectiva, m\u00e1s r\u00e1pida, que pueda proteger&nbsp;no solamente a su patrimonio, sino especialmente a la comunidad que tiene alrededor\u201d.&nbsp;Luego agreg\u00f3 que \u201cestamos muy sorprendidos del trabajo que viene realizando CMPC para&nbsp;organizarse, para poder dar una respuesta pronta a los incendios forestales. Definitivamente&nbsp;est\u00e1 a la vanguardia\u201d. &nbsp;<\/p>\n\n\n\n<p>En esta primera etapa, participaron&nbsp;<strong>150 brigadistas<\/strong>, pero el plan contempla alcanzar a m\u00e1s de&nbsp;<strong>mil colaboradores capacitados y certificados<\/strong>, con seguimiento en terreno durante la temporada. \u201cNuestro objetivo es entregar herramientas pr\u00e1cticas y t\u00e9cnicas de primer nivel, reforzando a\u00f1o a a\u00f1o con nueva tecnolog\u00eda y modelos de entrenamiento. No se trata solo de un curso previo a la temporada, sino de un proceso continuo de formaci\u00f3n\u201d, destac\u00f3&nbsp;<strong>Rafael Correa<\/strong>,&nbsp;<strong>gerente de Bosques de CMPC en Chile y Argentina<\/strong>.<\/p>\n\n\n\n<p>La capacitaci\u00f3n incluy\u00f3 entrenamiento f\u00edsico, ejercicios t\u00e9cnicos en terreno y simulaciones con diferentes tipos de combustible, adem\u00e1s de instancias para fortalecer la cohesi\u00f3n de los equipos.<\/p>\n","protected":false},"excerpt":{"rendered":"<div class=\"pvc_clear\"><\/div>\n<p id=\"pvc_stats_58452\" class=\"pvc_stats total_only  \" data-element-id=\"58452\" style=\"\"><i class=\"pvc-stats-icon large\" aria-hidden=\"true\"><svg aria-hidden=\"true\" focusable=\"false\" data-prefix=\"far\" data-icon=\"chart-bar\" role=\"img\" xmlns=\"http:\/\/www.w3.org\/2000\/svg\" viewBox=\"0 0 512 512\" class=\"svg-inline--fa fa-chart-bar fa-w-16 fa-2x\"><path fill=\"currentColor\" d=\"M396.8 352h22.4c6.4 0 12.8-6.4 12.8-12.8V108.8c0-6.4-6.4-12.8-12.8-12.8h-22.4c-6.4 0-12.8 6.4-12.8 12.8v230.4c0 6.4 6.4 12.8 12.8 12.8zm-192 0h22.4c6.4 0 12.8-6.4 12.8-12.8V140.8c0-6.4-6.4-12.8-12.8-12.8h-22.4c-6.4 0-12.8 6.4-12.8 12.8v198.4c0 6.4 6.4 12.8 12.8 12.8zm96 0h22.4c6.4 0 12.8-6.4 12.8-12.8V204.8c0-6.4-6.4-12.8-12.8-12.8h-22.4c-6.4 0-12.8 6.4-12.8 12.8v134.4c0 6.4 6.4 12.8 12.8 12.8zM496 400H48V80c0-8.84-7.16-16-16-16H16C7.16 64 0 71.16 0 80v336c0 17.67 14.33 32 32 32h464c8.84 0 16-7.16 16-16v-16c0-8.84-7.16-16-16-16zm-387.2-48h22.4c6.4 0 12.8-6.4 12.8-12.8v-70.4c0-6.4-6.4-12.8-12.8-12.8h-22.4c-6.4 0-12.8 6.4-12.8 12.8v70.4c0 6.4 6.4 12.8 12.8 12.8z\" class=\"\"><\/path><\/svg><\/i> <img loading=\"lazy\" decoding=\"async\" width=\"16\" height=\"16\" alt=\"Loading\" src=\"https:\/\/temucotelevision.cl\/web\/wp-content\/plugins\/page-views-count\/ajax-loader-2x.gif\" border=0 \/><\/p>\n<div class=\"pvc_clear\"><\/div>\n<p>Con el objetivo de enfrentar de mejor manera la pr\u00f3xima temporada de incendios, CMPC llev\u00f3 a cabo un completo programa<\/p>\n","protected":false},"author":1,"featured_media":58453,"comment_status":"open","ping_status":"open","sticky":false,"template":"","format":"standard","meta":{"colormag_page_container_layout":"default_layout","colormag_page_sidebar_layout":"default_layout","footnotes":""},"categories":[14],"tags":[423],"class_list":["post-58452","post","type-post","status-publish","format-standard","has-post-thumbnail","hentry","category-temuco","tag-brigadistas"],"a3_pvc":{"activated":true,"total_views":4206,"today_views":0},"_links":{"self":[{"href":"https:\/\/temucotelevision.cl\/web\/wp-json\/wp\/v2\/posts\/58452","targetHints":{"allow":["GET"]}}],"collection":[{"href":"https:\/\/temucotelevision.cl\/web\/wp-json\/wp\/v2\/posts"}],"about":[{"href":"https:\/\/temucotelevision.cl\/web\/wp-json\/wp\/v2\/types\/post"}],"author":[{"embeddable":true,"href":"https:\/\/temucotelevision.cl\/web\/wp-json\/wp\/v2\/users\/1"}],"replies":[{"embeddable":true,"href":"https:\/\/temucotelevision.cl\/web\/wp-json\/wp\/v2\/comments?post=58452"}],"version-history":[{"count":1,"href":"https:\/\/temucotelevision.cl\/web\/wp-json\/wp\/v2\/posts\/58452\/revisions"}],"predecessor-version":[{"id":58454,"href":"https:\/\/temucotelevision.cl\/web\/wp-json\/wp\/v2\/posts\/58452\/revisions\/58454"}],"wp:featuredmedia":[{"embeddable":true,"href":"https:\/\/temucotelevision.cl\/web\/wp-json\/wp\/v2\/media\/58453"}],"wp:attachment":[{"href":"https:\/\/temucotelevision.cl\/web\/wp-json\/wp\/v2\/media?parent=58452"}],"wp:term":[{"taxonomy":"category","embeddable":true,"href":"https:\/\/temucotelevision.cl\/web\/wp-json\/wp\/v2\/categories?post=58452"},{"taxonomy":"post_tag","embeddable":true,"href":"https:\/\/temucotelevision.cl\/web\/wp-json\/wp\/v2\/tags?post=58452"}],"curies":[{"name":"wp","href":"https:\/\/api.w.org\/{rel}","templated":true}]}}