{"id":58411,"date":"2025-10-05T18:01:55","date_gmt":"2025-10-05T21:01:55","guid":{"rendered":"https:\/\/temucotelevision.cl\/web\/?p=58411"},"modified":"2025-10-05T18:02:11","modified_gmt":"2025-10-05T21:02:11","slug":"hans-pulgar-y-paz-gallo-obtienen-en-el-parque-cmpc-junquillar-su-primer-titulo-nacional-de-downhill","status":"publish","type":"post","link":"https:\/\/temucotelevision.cl\/web\/2025\/10\/05\/hans-pulgar-y-paz-gallo-obtienen-en-el-parque-cmpc-junquillar-su-primer-titulo-nacional-de-downhill\/","title":{"rendered":"Hans Pulgar y Paz Gallo\u00a0obtienen\u00a0en\u00a0el Parque CMPC Junquillar\u00a0su primer\u00a0t\u00edtulo\u00a0nacional\u00a0de\u00a0Downhill"},"content":{"rendered":"<div class=\"pvc_clear\"><\/div><p id=\"pvc_stats_58411\" class=\"pvc_stats total_only  \" data-element-id=\"58411\" style=\"\"><i class=\"pvc-stats-icon large\" aria-hidden=\"true\"><svg aria-hidden=\"true\" focusable=\"false\" data-prefix=\"far\" data-icon=\"chart-bar\" role=\"img\" xmlns=\"http:\/\/www.w3.org\/2000\/svg\" viewBox=\"0 0 512 512\" class=\"svg-inline--fa fa-chart-bar fa-w-16 fa-2x\"><path fill=\"currentColor\" d=\"M396.8 352h22.4c6.4 0 12.8-6.4 12.8-12.8V108.8c0-6.4-6.4-12.8-12.8-12.8h-22.4c-6.4 0-12.8 6.4-12.8 12.8v230.4c0 6.4 6.4 12.8 12.8 12.8zm-192 0h22.4c6.4 0 12.8-6.4 12.8-12.8V140.8c0-6.4-6.4-12.8-12.8-12.8h-22.4c-6.4 0-12.8 6.4-12.8 12.8v198.4c0 6.4 6.4 12.8 12.8 12.8zm96 0h22.4c6.4 0 12.8-6.4 12.8-12.8V204.8c0-6.4-6.4-12.8-12.8-12.8h-22.4c-6.4 0-12.8 6.4-12.8 12.8v134.4c0 6.4 6.4 12.8 12.8 12.8zM496 400H48V80c0-8.84-7.16-16-16-16H16C7.16 64 0 71.16 0 80v336c0 17.67 14.33 32 32 32h464c8.84 0 16-7.16 16-16v-16c0-8.84-7.16-16-16-16zm-387.2-48h22.4c6.4 0 12.8-6.4 12.8-12.8v-70.4c0-6.4-6.4-12.8-12.8-12.8h-22.4c-6.4 0-12.8 6.4-12.8 12.8v70.4c0 6.4 6.4 12.8 12.8 12.8z\" class=\"\"><\/path><\/svg><\/i> <img loading=\"lazy\" decoding=\"async\" width=\"16\" height=\"16\" alt=\"Loading\" src=\"https:\/\/temucotelevision.cl\/web\/wp-content\/plugins\/page-views-count\/ajax-loader-2x.gif\" border=0 \/><\/p><div class=\"pvc_clear\"><\/div>\n<p><em>\u2022&nbsp;<\/em><em>Las&nbsp;rutas&nbsp;del parque ubicado en Angol&nbsp;albergaron a 300&nbsp;riders&nbsp;que disputaron elCampeonato Nacional de&nbsp;Downhill&nbsp;Chile 2025.&nbsp;El torneo sirve para reafirmar a Junquillar como&nbsp;epicentro nacional para el ciclismo extremo y la conexi\u00f3n con la naturaleza.<\/em><\/p>\n\n\n\n<p>Con un tiempo de&nbsp;<strong>00:04:31<\/strong>&nbsp;y&nbsp;<strong>00:05:25<\/strong>&nbsp;respectivamente,&nbsp;<strong>Hans Pulgar<\/strong>&nbsp;y&nbsp;<strong>Paz Gallo<\/strong>&nbsp;se lucieron en el&nbsp;<strong>Campeonato Nacional de&nbsp;Downhill&nbsp;Chile 2025<\/strong>, que tuvo al&nbsp;<strong>Parque CMPC Junquillar de Angol<\/strong>&nbsp;como epicentro de este torneo. Esta verdadera fiesta del deporte y la naturaleza reuni\u00f3 a m\u00e1s de&nbsp;<strong>300&nbsp;riders<\/strong>&nbsp;de distintas regiones del pa\u00eds y del extranjero.<\/p>\n\n\n\n<p>Durante los tres d\u00edas que dur\u00f3 el&nbsp;<strong>Campeonato,&nbsp;<\/strong>m\u00e1s de&nbsp;<strong>1.700 personas<\/strong>&nbsp;llegaron hasta el&nbsp;<strong>Parque CMPC Junquillar<\/strong>&nbsp;para vivir de cerca la adrenalina del descenso. Pese a la lluvia que acompa\u00f1\u00f3 parte de la competencia, el p\u00fablico se mantuvo alegre y entusiasta, animando a los&nbsp;riders&nbsp;en cada tramo de la pista y disfrutando de un ambiente cargado de energ\u00eda, naturaleza y pasi\u00f3n por este deporte extremo.<\/p>\n\n\n\n<p>La pista&nbsp;<strong>Las Acequias<\/strong>, con sus 3,7 kil\u00f3metros de extensi\u00f3n y reconocida por su alta exigencia t\u00e9cnica y f\u00edsica, present\u00f3 condiciones clim\u00e1ticas variables que agregaron dificultad a la competencia. Desde un suelo resbaloso en las primeras horas hasta un terreno m\u00e1s seco durante las finales, los corredores enfrentaron un desaf\u00edo que puso a prueba sus habilidades y resistencia.<\/p>\n\n\n\n<p>Tras la intensa competencia,&nbsp;<strong>Hans Pulgar<\/strong>&nbsp;destac\u00f3 la exigencia de la pista y expres\u00f3 su alegr\u00eda por obtener su primer t\u00edtulo nacional:&nbsp;\u201cFue una carrera muy exigente por la pista y el clima, pero me enfoqu\u00e9 en darlo todo. Estoy feliz por mi primer t\u00edtulo nacional y agradecido del apoyo de mi familia y equipo. Ahora, quiero cerrar bien el a\u00f1o y proyectarme hacia competencias internacionales para seguir creciendo en este deporte\u201d, se\u00f1al\u00f3 el nuevo campe\u00f3n nacional.<\/p>\n\n\n\n<p>Por su parte,&nbsp;<strong>Paz Gallo&nbsp;tambi\u00e9n&nbsp;celebr\u00f3 su primer t\u00edtulo nacional<\/strong>&nbsp;tras una exigente competencia marcada por la lluvia, sumando este logro a su reciente campeonato panamericano:&nbsp;\u201cGanar mi primer campeonato nacional es un sue\u00f1o hecho realidad. Fue una competencia dif\u00edcil por la lluvia, pero logr\u00e9 adaptarme y dar lo mejor de m\u00ed. Ahora quiero seguir creciendo, competir en el extranjero y volver a entrenar en este incre\u00edble parque que ofrece un gran nivel para nuestro deporte\u201d, expres\u00f3 Paz Gallo, quien destac\u00f3 al Parque CMPC Junquillar como un lugar ideal para entrenar y crecer en el deporte y ahora proyecta competir en el extranjero. &nbsp;<\/p>\n\n\n\n<p>El evento, organizado por&nbsp;<strong>Angol Racing Cup<\/strong>&nbsp;y apoyado por&nbsp;<strong>CMPC&nbsp;y la Municipalidad de Angol<\/strong>, no solo fue una competencia deportiva, sino tambi\u00e9n un punto de encuentro familiar y comunitario, con&nbsp;foodtrucks, feria deportiva y emprendedores locales.&nbsp;<\/p>\n\n\n\n<p><strong>Diego Iturrieta, productor del campeonato<\/strong>, destac\u00f3 la complejidad y emoci\u00f3n que marc\u00f3 esta edici\u00f3n del nacional de descenso, resaltando tanto el esfuerzo de los competidores como el valor que tiene el Parque CMPC Junquillar para la disciplina.<\/p>\n\n\n\n<p>\u201cFue una jornada intensa, que comenz\u00f3 con lluvia y represent\u00f3 un gran desaf\u00edo para los corredores, quienes debieron adaptarse r\u00e1pidamente a una pista que cambia por completo con las condiciones clim\u00e1ticas\u201d,&nbsp;se\u00f1al\u00f3 Iturrieta, para luego agregar que \u201cCMPC ha hecho un trabajo excepcional al ofrecer un lugar donde se combinan paisajes incre\u00edbles, naturaleza y pistas de primer nivel, convirtiendo al parque en un punto de encuentro ideal para los amantes del mountain bike y las actividades&nbsp;outdoor\u201d.<\/p>\n\n\n\n<p><strong>Gustavo Apablaza, subgerente de Relacionamiento de CMPC<\/strong>, se\u00f1al\u00f3 que&nbsp;\u201cpara CMPC es fundamental ser parte de iniciativas que promueven el deporte y la vida al aire libre, acercando a la comunidad a espacios \u00fanicos como el Parque CMPC Junquillar. Este tipo de campeonatos no solo impulsan el talento nacional y la vida sana, sino que tambi\u00e9n consolidan al parque como un referente a nivel pa\u00eds para el desarrollo del&nbsp;downhill&nbsp;y otras disciplinas&nbsp;outdoor\u201d.<\/p>\n\n\n\n<p><strong>Otros resultados<\/strong><\/p>\n\n\n\n<p>En la categor\u00eda&nbsp;<strong>Elite masculina<\/strong>,&nbsp;liderado por Hans Pulgar,&nbsp;el segundo lugar fue para Felipe Benavides, quien registr\u00f3 un tiempo de 00:04:37, mientras que Luis Felipe Lastra complet\u00f3 el podio con 00:04:40. Por su parte, en la categor\u00eda&nbsp;<strong>Elite femenina<\/strong>,&nbsp;donde Paz Gallo se consagr\u00f3 en el primer puesto,&nbsp;el segundo&nbsp;lugar&nbsp;lo obtuvo Fernanda Quiroga con 00:05:28, seguida de cerca por Antonia&nbsp;Cameiio, quien qued\u00f3 tercera&nbsp;al marcar 00:05:31.<\/p>\n\n\n\n<p>En el caso de la categor\u00eda&nbsp;<strong>Master Masculina<\/strong>, el primer lugar fue para Mat\u00edas Arellano (00:04:50), mientras el segundo puesto lo obtuvo Yonatan Aguilar (00:05:03), completando el podio con Mat\u00edas G\u00f3mez (00:05:04). En el caso de&nbsp;<strong>las mujeres<\/strong>, Paula Jara logr\u00f3 liderar su categor\u00eda y se impuso en el primer lugar (00:16:16); seguido por Viviana S\u00e1ez (00:06:32), mientras el tercer lugar fue para Priscilla Marz\u00e1n (00:07:05).&nbsp;<\/p>\n\n\n\n<p>Para revisar el listado de competidores y sus tiempos, ingresar a este link:&nbsp;<a href=\"https:\/\/cronometrajeinstantaneo.com\/resultados\/campeonato-nacional-downhill-chile-2025\/filtros\" target=\"_blank\" rel=\"noreferrer noopener\">https:\/\/cronometrajeinstantaneo.com\/resultados\/campeonato-nacional-downhill-chile-2025\/filtros<\/a><\/p>\n\n\n\n<figure class=\"wp-block-image size-large\"><img loading=\"lazy\" decoding=\"async\" width=\"1000\" height=\"667\" src=\"https:\/\/temucotelevision.cl\/web\/wp-content\/uploads\/2025\/10\/ARC-Final-3-1000x667.jpg\" alt=\"\" class=\"wp-image-58413\" srcset=\"https:\/\/temucotelevision.cl\/web\/wp-content\/uploads\/2025\/10\/ARC-Final-3-1000x667.jpg 1000w, https:\/\/temucotelevision.cl\/web\/wp-content\/uploads\/2025\/10\/ARC-Final-3-768x512.jpg 768w, https:\/\/temucotelevision.cl\/web\/wp-content\/uploads\/2025\/10\/ARC-Final-3-1536x1024.jpg 1536w, https:\/\/temucotelevision.cl\/web\/wp-content\/uploads\/2025\/10\/ARC-Final-3-2048x1365.jpg 2048w\" sizes=\"auto, (max-width: 1000px) 100vw, 1000px\" \/><\/figure>\n","protected":false},"excerpt":{"rendered":"<div class=\"pvc_clear\"><\/div>\n<p id=\"pvc_stats_58411\" class=\"pvc_stats total_only  \" data-element-id=\"58411\" style=\"\"><i class=\"pvc-stats-icon large\" aria-hidden=\"true\"><svg aria-hidden=\"true\" focusable=\"false\" data-prefix=\"far\" data-icon=\"chart-bar\" role=\"img\" xmlns=\"http:\/\/www.w3.org\/2000\/svg\" viewBox=\"0 0 512 512\" class=\"svg-inline--fa fa-chart-bar fa-w-16 fa-2x\"><path fill=\"currentColor\" d=\"M396.8 352h22.4c6.4 0 12.8-6.4 12.8-12.8V108.8c0-6.4-6.4-12.8-12.8-12.8h-22.4c-6.4 0-12.8 6.4-12.8 12.8v230.4c0 6.4 6.4 12.8 12.8 12.8zm-192 0h22.4c6.4 0 12.8-6.4 12.8-12.8V140.8c0-6.4-6.4-12.8-12.8-12.8h-22.4c-6.4 0-12.8 6.4-12.8 12.8v198.4c0 6.4 6.4 12.8 12.8 12.8zm96 0h22.4c6.4 0 12.8-6.4 12.8-12.8V204.8c0-6.4-6.4-12.8-12.8-12.8h-22.4c-6.4 0-12.8 6.4-12.8 12.8v134.4c0 6.4 6.4 12.8 12.8 12.8zM496 400H48V80c0-8.84-7.16-16-16-16H16C7.16 64 0 71.16 0 80v336c0 17.67 14.33 32 32 32h464c8.84 0 16-7.16 16-16v-16c0-8.84-7.16-16-16-16zm-387.2-48h22.4c6.4 0 12.8-6.4 12.8-12.8v-70.4c0-6.4-6.4-12.8-12.8-12.8h-22.4c-6.4 0-12.8 6.4-12.8 12.8v70.4c0 6.4 6.4 12.8 12.8 12.8z\" class=\"\"><\/path><\/svg><\/i> <img loading=\"lazy\" decoding=\"async\" width=\"16\" height=\"16\" alt=\"Loading\" src=\"https:\/\/temucotelevision.cl\/web\/wp-content\/plugins\/page-views-count\/ajax-loader-2x.gif\" border=0 \/><\/p>\n<div class=\"pvc_clear\"><\/div>\n<p>\u2022&nbsp;Las&nbsp;rutas&nbsp;del parque ubicado en Angol&nbsp;albergaron a 300&nbsp;riders&nbsp;que disputaron elCampeonato Nacional de&nbsp;Downhill&nbsp;Chile 2025.&nbsp;El torneo sirve para reafirmar a Junquillar como&nbsp;epicentro nacional<\/p>\n","protected":false},"author":1,"featured_media":58412,"comment_status":"open","ping_status":"open","sticky":false,"template":"","format":"standard","meta":{"colormag_page_container_layout":"default_layout","colormag_page_sidebar_layout":"default_layout","footnotes":""},"categories":[86],"tags":[279],"class_list":["post-58411","post","type-post","status-publish","format-standard","has-post-thumbnail","hentry","category-panoramas","tag-parque"],"a3_pvc":{"activated":true,"total_views":3912,"today_views":0},"_links":{"self":[{"href":"https:\/\/temucotelevision.cl\/web\/wp-json\/wp\/v2\/posts\/58411","targetHints":{"allow":["GET"]}}],"collection":[{"href":"https:\/\/temucotelevision.cl\/web\/wp-json\/wp\/v2\/posts"}],"about":[{"href":"https:\/\/temucotelevision.cl\/web\/wp-json\/wp\/v2\/types\/post"}],"author":[{"embeddable":true,"href":"https:\/\/temucotelevision.cl\/web\/wp-json\/wp\/v2\/users\/1"}],"replies":[{"embeddable":true,"href":"https:\/\/temucotelevision.cl\/web\/wp-json\/wp\/v2\/comments?post=58411"}],"version-history":[{"count":1,"href":"https:\/\/temucotelevision.cl\/web\/wp-json\/wp\/v2\/posts\/58411\/revisions"}],"predecessor-version":[{"id":58414,"href":"https:\/\/temucotelevision.cl\/web\/wp-json\/wp\/v2\/posts\/58411\/revisions\/58414"}],"wp:featuredmedia":[{"embeddable":true,"href":"https:\/\/temucotelevision.cl\/web\/wp-json\/wp\/v2\/media\/58412"}],"wp:attachment":[{"href":"https:\/\/temucotelevision.cl\/web\/wp-json\/wp\/v2\/media?parent=58411"}],"wp:term":[{"taxonomy":"category","embeddable":true,"href":"https:\/\/temucotelevision.cl\/web\/wp-json\/wp\/v2\/categories?post=58411"},{"taxonomy":"post_tag","embeddable":true,"href":"https:\/\/temucotelevision.cl\/web\/wp-json\/wp\/v2\/tags?post=58411"}],"curies":[{"name":"wp","href":"https:\/\/api.w.org\/{rel}","templated":true}]}}