{"id":58403,"date":"2025-10-05T17:52:21","date_gmt":"2025-10-05T20:52:21","guid":{"rendered":"https:\/\/temucotelevision.cl\/web\/?p=58403"},"modified":"2025-10-05T17:52:22","modified_gmt":"2025-10-05T20:52:22","slug":"ex-directiva-de-la-nasa-y-premio-nacional-de-ciencias-encabezan-v-conferencia-internacional-america-sustentable-2025-en-santiago","status":"publish","type":"post","link":"https:\/\/temucotelevision.cl\/web\/2025\/10\/05\/ex-directiva-de-la-nasa-y-premio-nacional-de-ciencias-encabezan-v-conferencia-internacional-america-sustentable-2025-en-santiago\/","title":{"rendered":"Ex directiva de la NASA y Premio Nacional de Ciencias encabezan V Conferencia Internacional Am\u00e9rica Sustentable 2025 en Santiago"},"content":{"rendered":"<div class=\"pvc_clear\"><\/div><p id=\"pvc_stats_58403\" class=\"pvc_stats total_only  \" data-element-id=\"58403\" style=\"\"><i class=\"pvc-stats-icon large\" aria-hidden=\"true\"><svg aria-hidden=\"true\" focusable=\"false\" data-prefix=\"far\" data-icon=\"chart-bar\" role=\"img\" xmlns=\"http:\/\/www.w3.org\/2000\/svg\" viewBox=\"0 0 512 512\" class=\"svg-inline--fa fa-chart-bar fa-w-16 fa-2x\"><path fill=\"currentColor\" d=\"M396.8 352h22.4c6.4 0 12.8-6.4 12.8-12.8V108.8c0-6.4-6.4-12.8-12.8-12.8h-22.4c-6.4 0-12.8 6.4-12.8 12.8v230.4c0 6.4 6.4 12.8 12.8 12.8zm-192 0h22.4c6.4 0 12.8-6.4 12.8-12.8V140.8c0-6.4-6.4-12.8-12.8-12.8h-22.4c-6.4 0-12.8 6.4-12.8 12.8v198.4c0 6.4 6.4 12.8 12.8 12.8zm96 0h22.4c6.4 0 12.8-6.4 12.8-12.8V204.8c0-6.4-6.4-12.8-12.8-12.8h-22.4c-6.4 0-12.8 6.4-12.8 12.8v134.4c0 6.4 6.4 12.8 12.8 12.8zM496 400H48V80c0-8.84-7.16-16-16-16H16C7.16 64 0 71.16 0 80v336c0 17.67 14.33 32 32 32h464c8.84 0 16-7.16 16-16v-16c0-8.84-7.16-16-16-16zm-387.2-48h22.4c6.4 0 12.8-6.4 12.8-12.8v-70.4c0-6.4-6.4-12.8-12.8-12.8h-22.4c-6.4 0-12.8 6.4-12.8 12.8v70.4c0 6.4 6.4 12.8 12.8 12.8z\" class=\"\"><\/path><\/svg><\/i> <img loading=\"lazy\" decoding=\"async\" width=\"16\" height=\"16\" alt=\"Loading\" src=\"https:\/\/temucotelevision.cl\/web\/wp-content\/plugins\/page-views-count\/ajax-loader-2x.gif\" border=0 \/><\/p><div class=\"pvc_clear\"><\/div>\n<p>Dos referentes mundiales de la ciencia llegar\u00e1n a Santiago para la V Conferencia Internacional Am\u00e9rica Sustentable (VCIAS): la ge\u00f3loga planetaria Adriana Ocampo, exdirectora del programa de ciencia la NASA y primera mujer en recibir el Latin America Lifetime Award en ciencias espaciales, y el Premio Nacional de Ciencias Naturales 2024 y ganador del Global Energy Prize 2025, Dr. Jos\u00e9 Zagal.<\/p>\n\n\n\n<figure class=\"wp-block-image size-full\"><img loading=\"lazy\" decoding=\"async\" width=\"750\" height=\"400\" src=\"https:\/\/temucotelevision.cl\/web\/wp-content\/uploads\/2025\/10\/jose-zagal-750x400-1.jpg\" alt=\"\" class=\"wp-image-58405\"\/><\/figure>\n\n\n\n<p>En su quinta versi\u00f3n, el encuentro se desarrollar\u00e1 entre el 8 y 9 de octubre en Santiago de Chile y Ciudad Ju\u00e1rez, M\u00e9xico, donde reunir\u00e1 en formato h\u00edbrido (presencial y online) a investigadores, acad\u00e9micos y estudiantes de Latinoam\u00e9rica para reflexionar sobre sustentabilidad, innovaci\u00f3n y cooperaci\u00f3n regional.&nbsp;<\/p>\n\n\n\n<p>En la jornada inaugural, que se realizar\u00e1 el 8 de octubre en el Aula Magna de la Universidad Santo Tom\u00e1s (Av. Ej\u00e9rcito 146, Santiago), participar\u00e1n adem\u00e1s especialistas en volcanolog\u00eda, ecolog\u00eda, energ\u00eda sustentable, econom\u00eda verde e ingenier\u00eda ambiental, entre ellos la Dra. Carolina Silva, Dr. Xiaoqi Zhou, Julio Lira, Mat\u00edas C\u00e1ceres, Josefa Guti\u00e9rrez Meza y el Dr. Juan Jos\u00e9 Negroni, Decano de la Facultad de Ingenier\u00eda UST.<\/p>\n\n\n\n<p>\u201cEste es un evento crucial para acad\u00e9micos, profesionales y estudiantes que, a trav\u00e9s de una plataforma mixta, permite la difusi\u00f3n de conocimiento cient\u00edfico sobre temas como la sustentabilidad, la responsabilidad social y la internacionalizaci\u00f3n, adem\u00e1s de estar al d\u00eda con los avances m\u00e1s recientes en la investigaci\u00f3n en sostenibilidad en Latinoam\u00e9rica\u201d se\u00f1al\u00f3 el Dr. Rodrigo Barraza Alonso, director de Ingenier\u00eda Civil Industrial UST sede Santiago y director ejecutivo de la VCIAS 2025.<\/p>\n\n\n\n<p>La actividad es organizada por la Universidad Santo Tom\u00e1s en conjunto con la Universidad Santa Mar\u00eda La Antigua, Panam\u00e1; la Universidad Jorge Tadeo Lozano, Colombia; la Universidad de Lima, Per\u00fa; y la Universidad Aut\u00f3noma de Ciudad Ju\u00e1rez (UACJ), M\u00e9xico.&nbsp;<\/p>\n\n\n\n<p>Como valor agregado, la VCIAS publicar\u00e1 los trabajos de investigaci\u00f3n seleccionados en una edici\u00f3n especial de la revista &#8220;Cultura Cient\u00edfica y Tecnolog\u00eda&#8221; de la UACJ, la cual est\u00e1 indexada en Scopus y SciELO, lo que representa un reconocimiento acad\u00e9mico para sus participantes.<\/p>\n\n\n\n<p>Para m\u00e1s informaci\u00f3n e inscripciones&nbsp;<a href=\"https:\/\/enlinea.santotomas.cl\/calendarios\/eventos\/v-conferencia-internacional-america-sustentable\/\" target=\"_blank\" rel=\"noreferrer noopener\">[AQU\u00cd]<\/a>.<\/p>\n","protected":false},"excerpt":{"rendered":"<div class=\"pvc_clear\"><\/div>\n<p id=\"pvc_stats_58403\" class=\"pvc_stats total_only  \" data-element-id=\"58403\" style=\"\"><i class=\"pvc-stats-icon large\" aria-hidden=\"true\"><svg aria-hidden=\"true\" focusable=\"false\" data-prefix=\"far\" data-icon=\"chart-bar\" role=\"img\" xmlns=\"http:\/\/www.w3.org\/2000\/svg\" viewBox=\"0 0 512 512\" class=\"svg-inline--fa fa-chart-bar fa-w-16 fa-2x\"><path fill=\"currentColor\" d=\"M396.8 352h22.4c6.4 0 12.8-6.4 12.8-12.8V108.8c0-6.4-6.4-12.8-12.8-12.8h-22.4c-6.4 0-12.8 6.4-12.8 12.8v230.4c0 6.4 6.4 12.8 12.8 12.8zm-192 0h22.4c6.4 0 12.8-6.4 12.8-12.8V140.8c0-6.4-6.4-12.8-12.8-12.8h-22.4c-6.4 0-12.8 6.4-12.8 12.8v198.4c0 6.4 6.4 12.8 12.8 12.8zm96 0h22.4c6.4 0 12.8-6.4 12.8-12.8V204.8c0-6.4-6.4-12.8-12.8-12.8h-22.4c-6.4 0-12.8 6.4-12.8 12.8v134.4c0 6.4 6.4 12.8 12.8 12.8zM496 400H48V80c0-8.84-7.16-16-16-16H16C7.16 64 0 71.16 0 80v336c0 17.67 14.33 32 32 32h464c8.84 0 16-7.16 16-16v-16c0-8.84-7.16-16-16-16zm-387.2-48h22.4c6.4 0 12.8-6.4 12.8-12.8v-70.4c0-6.4-6.4-12.8-12.8-12.8h-22.4c-6.4 0-12.8 6.4-12.8 12.8v70.4c0 6.4 6.4 12.8 12.8 12.8z\" class=\"\"><\/path><\/svg><\/i> <img loading=\"lazy\" decoding=\"async\" width=\"16\" height=\"16\" alt=\"Loading\" src=\"https:\/\/temucotelevision.cl\/web\/wp-content\/plugins\/page-views-count\/ajax-loader-2x.gif\" border=0 \/><\/p>\n<div class=\"pvc_clear\"><\/div>\n<p>Dos referentes mundiales de la ciencia llegar\u00e1n a Santiago para la V Conferencia Internacional Am\u00e9rica Sustentable (VCIAS): la ge\u00f3loga planetaria<\/p>\n","protected":false},"author":1,"featured_media":58404,"comment_status":"open","ping_status":"open","sticky":false,"template":"","format":"standard","meta":{"colormag_page_container_layout":"default_layout","colormag_page_sidebar_layout":"default_layout","footnotes":""},"categories":[6973],"tags":[3294],"class_list":["post-58403","post","type-post","status-publish","format-standard","has-post-thumbnail","hentry","category-tecnologia","tag-nasa"],"a3_pvc":{"activated":true,"total_views":889,"today_views":0},"_links":{"self":[{"href":"https:\/\/temucotelevision.cl\/web\/wp-json\/wp\/v2\/posts\/58403","targetHints":{"allow":["GET"]}}],"collection":[{"href":"https:\/\/temucotelevision.cl\/web\/wp-json\/wp\/v2\/posts"}],"about":[{"href":"https:\/\/temucotelevision.cl\/web\/wp-json\/wp\/v2\/types\/post"}],"author":[{"embeddable":true,"href":"https:\/\/temucotelevision.cl\/web\/wp-json\/wp\/v2\/users\/1"}],"replies":[{"embeddable":true,"href":"https:\/\/temucotelevision.cl\/web\/wp-json\/wp\/v2\/comments?post=58403"}],"version-history":[{"count":1,"href":"https:\/\/temucotelevision.cl\/web\/wp-json\/wp\/v2\/posts\/58403\/revisions"}],"predecessor-version":[{"id":58406,"href":"https:\/\/temucotelevision.cl\/web\/wp-json\/wp\/v2\/posts\/58403\/revisions\/58406"}],"wp:featuredmedia":[{"embeddable":true,"href":"https:\/\/temucotelevision.cl\/web\/wp-json\/wp\/v2\/media\/58404"}],"wp:attachment":[{"href":"https:\/\/temucotelevision.cl\/web\/wp-json\/wp\/v2\/media?parent=58403"}],"wp:term":[{"taxonomy":"category","embeddable":true,"href":"https:\/\/temucotelevision.cl\/web\/wp-json\/wp\/v2\/categories?post=58403"},{"taxonomy":"post_tag","embeddable":true,"href":"https:\/\/temucotelevision.cl\/web\/wp-json\/wp\/v2\/tags?post=58403"}],"curies":[{"name":"wp","href":"https:\/\/api.w.org\/{rel}","templated":true}]}}